{"id":5714,"date":"2025-09-26T16:04:08","date_gmt":"2025-09-26T16:04:08","guid":{"rendered":"https:\/\/www.europesays.com\/lv\/5714\/"},"modified":"2025-09-26T16:04:08","modified_gmt":"2025-09-26T16:04:08","slug":"prokrieviskajai-partijai-moldovas-sirds-liedz-piedalities-parlamenta-velesanas-tvnet","status":"publish","type":"post","link":"https:\/\/www.europesays.com\/lv\/5714\/","title":{"rendered":"Prokrieviskajai partijai &quot;Moldovas sirds&quot; liedz piedal\u012bties parlamenta v\u0113l\u0113\u0161an\u0101s &#8211; TVNET"},"content":{"rendered":"<ol>\n<li><a href=\"https:\/\/news.google.com\/rss\/articles\/CBMiqwFBVV95cUxQUkI2aV9GQ1Z6UG9zWW1OUFdlRWJ4RnE1c0IwWDM3SjVXYzJXaEFkMUJETGZqNjgtdGt0cFA5Q19mNDh2WFdtOXd6cVBEWWI4am5rdHRyZVJSdGlkZzFlT3gxS0RxV1VsaS1CSXFNRW9pd2FYZmhNZHJvRUJFdWdvYXU1VHlocmVIdWRqVHh5cU9rTEpUNGstQ29yeFpOaVFQWkUwMm9mZ0dZQzA?oc=5\" target=\"_blank\" rel=\"nofollow noopener\">Prokrieviskajai partijai &#8220;Moldovas sirds&#8221; liedz piedal\u012bties parlamenta v\u0113l\u0113\u0161an\u0101s<\/a>&nbsp;&nbsp;TVNET<\/li>\n<li><a href=\"https:\/\/news.google.com\/rss\/articles\/CBMitwFBVV95cUxPd0JUS0kzNVpkNHBJOFpRbXNua1BlamVmR1VSOUVwVkNORE0yREdqZHdPREVpRFFiVmFfa3hEdjZTU3NMVnlVRG9obU1XUzVGQ3FFWm5uLWdlMzlmWXVZaXJkUFhNV1FjcTBtX0RZTlRJUWxEN0FmeGRMYjRGdm1BYnJIQXF6WHNqNGNrZXhVV084ZmN6elRRS3Q1VkNKZTF3bFRId0s4cU9DU01VajViUTBfMFFLWW8?oc=5\" target=\"_blank\" rel=\"nofollow noopener\">Moldov\u0101 par masu nek\u0101rt\u012bbu gatavo\u0161anu aiztur 74 cilv\u0113kus \/ Raksts<\/a>&nbsp;&nbsp;LSM<\/li>\n<li><a href=\"https:\/\/news.google.com\/rss\/articles\/CBMisAFBVV95cUxObWVGUEJ1YmhBNTIwTFNhWWJyNWgxQUhhX18xZWEtY0VJM0NqR1J4STBzVFA3UzNLTm5hS2h3OHNJUVU1MXVqMlZYdjZfSTBCUFJDUUQ3TDRua0hBZEhqTklFeTMtdVNwVWszYUpocVQ3VmlPUTZyMko1WGJSdjQ0UjZtV1RkMHJqY0M1WHdLMG1YcGlFclRKM3A3TU9uOXp6Mmh6RkZhMTcwZFlOM0tWTg?oc=5\" target=\"_blank\" rel=\"nofollow noopener\">Moldovas prezidente br\u012bdina par Krievijas iejauk\u0161anos v\u0113l\u0113\u0161an\u0101s<\/a>&nbsp;&nbsp;Delfi<\/li>\n<li><a href=\"https:\/\/news.google.com\/rss\/articles\/CBMiogFBVV95cUxPTWE1cWswdU9WWG5xRXJLZC1sS0xpZU9wM1h5R2JxUWZCSHFkSGl3WVBJUG9GNWxSRTR0WVFoZ0cydmhCMlR6VTA5RW5aQVQzRmQ1SXZ6WWhhTFl3emU4RDVMMER4MVltTldycG5GZ0dyNUFIYUxFMldTa3pyUG4weHdwSHBPd0g5a2JiQUZJQV9SeDVUcWxndHhBdlNJTVJnLVE?oc=5\" target=\"_blank\" rel=\"nofollow noopener\">Moldov\u0101 aizdom\u0101s par nek\u0101rt\u012bbu gatavo\u0161anu izv\u0113r\u0161 v\u0113rien\u012bgas krat\u012b\u0161anas<\/a>&nbsp;&nbsp;Apollo.lv<\/li>\n<li><a href=\"https:\/\/news.google.com\/rss\/articles\/CBMivwFBVV95cUxPWmVKUXZJRFFsMjROWHNUZWpTSm1OZC11UElUWnI2WU8zcUZ6SUNyVU9XMWdwazlac2R0QmxLdmg2SElDaEtUb0dILXIwb1NVVTZNTExWY2g2UmtZVVBZYVI3b3dnZFBnUUdaY29pSS1Ndm9xdmNqejFrMklNQmlXRWRmbXRBSURsTnlIWjFnQjRaLWZIQUtaTWc0YmVXaWpQX2FNUmZCalhyYjRzOWk1cTZlOFhyX1ktOF9iQndKYw?oc=5\" target=\"_blank\" rel=\"nofollow noopener\">&#8220;Sargs.lv&#8221; p\u0113ta: k\u0101 Krievija cen\u0161as ietekm\u0113t Moldovas n\u0101kotnei iz\u0161\u0137iro\u0161o v\u0113l\u0113\u0161anu izn\u0101kumu?<\/a>&nbsp;&nbsp;Sargs.lv<\/li>\n<\/ol>\n","protected":false},"excerpt":{"rendered":"Prokrieviskajai partijai &#8220;Moldovas sirds&#8221; liedz piedal\u012bties parlamenta v\u0113l\u0113\u0161an\u0101s&nbsp;&nbsp;TVNET Moldov\u0101 par masu nek\u0101rt\u012bbu gatavo\u0161anu aiztur 74 cilv\u0113kus \/ Raksts&nbsp;&nbsp;LSM&hellip;\n","protected":false},"author":2,"featured_media":5715,"comment_status":"","ping_status":"","sticky":false,"template":"","format":"standard","meta":{"footnotes":""},"categories":[14],"tags":[23,57,28,29,32,33,22,2545,30,31,35,39,38,36,37,34,40,1453,20,26,27,24,25,2544,54,55,56,21,58],"class_list":{"0":"post-5714","1":"post","2":"type-post","3":"status-publish","4":"format-standard","5":"has-post-thumbnail","7":"category-zinas-no-arvalstim","8":"tag-aktualitates","9":"tag-arvalstim","10":"tag-breaking-news","11":"tag-breakingnews","12":"tag-featured-news","13":"tag-featurednews","14":"tag-headlines","15":"tag-kremla-propaganda","16":"tag-latest-news","17":"tag-latestnews","18":"tag-latvia","19":"tag-latvian","20":"tag-latviesu","21":"tag-latviesu-valoda","22":"tag-latviesuvaloda","23":"tag-latvija","24":"tag-lv","25":"tag-moldova","26":"tag-news","27":"tag-popularakas-zinas","28":"tag-popularakaszinas","29":"tag-top-stories","30":"tag-topstories","31":"tag-velesanas","32":"tag-world","33":"tag-world-news","34":"tag-worldnews","35":"tag-zinas","36":"tag-zinas-no-arvalstim"},"share_on_mastodon":{"url":"","error":""},"_links":{"self":[{"href":"https:\/\/www.europesays.com\/lv\/wp-json\/wp\/v2\/posts\/5714","targetHints":{"allow":["GET"]}}],"collection":[{"href":"https:\/\/www.europesays.com\/lv\/wp-json\/wp\/v2\/posts"}],"about":[{"href":"https:\/\/www.europesays.com\/lv\/wp-json\/wp\/v2\/types\/post"}],"author":[{"embeddable":true,"href":"https:\/\/www.europesays.com\/lv\/wp-json\/wp\/v2\/users\/2"}],"replies":[{"embeddable":true,"href":"https:\/\/www.europesays.com\/lv\/wp-json\/wp\/v2\/comments?post=5714"}],"version-history":[{"count":0,"href":"https:\/\/www.europesays.com\/lv\/wp-json\/wp\/v2\/posts\/5714\/revisions"}],"wp:featuredmedia":[{"embeddable":true,"href":"https:\/\/www.europesays.com\/lv\/wp-json\/wp\/v2\/media\/5715"}],"wp:attachment":[{"href":"https:\/\/www.europesays.com\/lv\/wp-json\/wp\/v2\/media?parent=5714"}],"wp:term":[{"taxonomy":"category","embeddable":true,"href":"https:\/\/www.europesays.com\/lv\/wp-json\/wp\/v2\/categories?post=5714"},{"taxonomy":"post_tag","embeddable":true,"href":"https:\/\/www.europesays.com\/lv\/wp-json\/wp\/v2\/tags?post=5714"}],"curies":[{"name":"wp","href":"https:\/\/api.w.org\/{rel}","templated":true}]}}