{"id":57140,"date":"2025-11-24T05:23:09","date_gmt":"2025-11-24T05:23:09","guid":{"rendered":"https:\/\/www.europesays.com\/lv\/57140\/"},"modified":"2025-11-24T05:23:09","modified_gmt":"2025-11-24T05:23:09","slug":"asv-miera-plans-ukrainai-ir-ziemassvetku-davana-putinam","status":"publish","type":"post","link":"https:\/\/www.europesays.com\/lv\/57140\/","title":{"rendered":"ASV &#8220;miera pl\u0101ns&#8221; Ukrainai ir Ziemassv\u0113tku d\u0101vana Putinam"},"content":{"rendered":"<p>ASV pied\u0101v\u0101tais miera pl\u0101ns Ukrainai ir Ziemassv\u0113tku d\u0101vana Krievijas diktatoram Vladimiram Putinam, a\u0123ent\u016brai LETA sac\u012bja \u0122eopolitikas p\u0113t\u012bjumu centra direktors M\u0101ris And\u017e\u0101ns.<\/p>\n<p>Eksperts uzsver, ka ASV prezidents Donalds Tramps uzsv\u0113ra, ka pied\u0101v\u0101tais miera pl\u0101ns nav gala variants, bet pa\u0161laik ir skaidrs, ka pied\u0101v\u0101tais variants nav labv\u0113l\u012bgs Ukrainai un ar\u012b cit\u0101m maz\u0101k\u0101m valst\u012bm, piem\u0113ram, Baltijas valst\u012bm, jo tas pie\u013cauj, ka sauszemes robe\u017eas var main\u012bt ar milit\u0101ru sp\u0113ku un v\u0113l\u0101k palikt nesod\u012btam.<\/p>\n<p>T\u0101pat vi\u0146\u0161 ir p\u0101rliecin\u0101ts, ka Ukrainas atbalst\u012bt\u0101ju ASV politik\u0101 k\u013c\u016bst maz\u0101k, un pa\u0161laik uzvar Krievijas narat\u012bvs par to, ka Ukraina agri vai v\u0113lu t\u0101pat zaud\u0113s teritorijas.<\/p>\n<p>And\u017e\u0101ns uzsver, ka miera pl\u0101n\u0101 ir ar\u012b labv\u0113l\u012bgi nosac\u012bjumi Ukrainai, bet p\u0101rsvar\u0101 tas ir labv\u0113l\u012bgs Krievijai. Piem\u0113ram, Ukrainai tiks sniegtas dro\u0161\u012bbas garantijas no ASV, bet taj\u0101 pa\u0161\u0101 laik\u0101 Ukrainai j\u0101samazina karav\u012bru skaits, k\u0101 ar\u012b j\u0101atsak\u0101s no da\u017eiem iero\u010du veidiem, kuri joproj\u0101m b\u016bs pieejami Krievijai.<\/p>\n<p>&#8220;Ukrainai svar\u012bg\u0101kais ir neatdot teritorijas, kuras nav iekarotas, k\u0101 ar\u012b nesamazin\u0101t bru\u0146otos sp\u0113kus,&#8221; uzskata And\u017e\u0101ns, papildinot, ka visu p\u0101r\u0113jo var\u0113tu &#8220;sagremot&#8221;.<\/p>\n<p>And\u017e\u0101ns nor\u0101da, ka Ukrainas politi\u0137iem j\u0101b\u016bt re\u0101listiem par dal\u012bbu NATO, jo skaidrs, ka p\u0101rredzam\u0101 n\u0101kotn\u0113 dal\u012bba organiz\u0101cij\u0101 t\u0101pat nav iesp\u0113jama.<\/p>\n<p>And\u017e\u0101ns gan piebilst, ka Ukrainai ir ties\u012bbas atteikties pie\u0146emt \u0161\u0101du miera variantu, bet Eiropai b\u016btu j\u0101atgrie\u017eas pie jaut\u0101juma par Ukrainas gaisa telpas patrul\u0113\u0161anu ar Eiropas valstu izn\u012bcin\u0101t\u0101jiem, jo Eiropai ir j\u0101par\u0101da, ka ne viss ir atkar\u012bgs no ASV un ar\u012b Eiropa var s\u016bt\u012bt nopietnus sign\u0101lus.<\/p>\n<p>Jau zi\u0146ots, ka Va\u0161ingtona pied\u0101v\u0101jusi pl\u0101nu kara izbeig\u0161anai Ukrain\u0101, kas, p\u0113c visa sprie\u017eot, balst\u012bts pamat\u0101 uz Krievijas pras\u012bb\u0101m. Tas paredz ne tikai okup\u0113to teritoriju palik\u0161anu Krievijas kontrol\u0113, bet ar\u012b Ukrainas ap\u0146em\u0161anos nepievienoties NATO, alianses nepapla\u0161in\u0101\u0161anu un Krievijas atgrie\u0161anos G8, liecina zi\u0146u a\u0123ent\u016bras AFP r\u012bc\u012bb\u0101 non\u0101ku\u0161ais pl\u0101na projekts.<\/p>\n","protected":false},"excerpt":{"rendered":"ASV pied\u0101v\u0101tais miera pl\u0101ns Ukrainai ir Ziemassv\u0113tku d\u0101vana Krievijas diktatoram Vladimiram Putinam, a\u0123ent\u016brai LETA sac\u012bja \u0122eopolitikas p\u0113t\u012bjumu centra&hellip;\n","protected":false},"author":2,"featured_media":57141,"comment_status":"","ping_status":"","sticky":false,"template":"","format":"standard","meta":{"footnotes":""},"categories":[5],"tags":[129,470,3260,2334,957,1209,23,28,29,32,33,22,30,31,35,39,38,36,37,34,40,20,26,27,958,471,2335,1210,3261,959,472,2336,1211,3262,24,25,21],"class_list":{"0":"post-57140","1":"post","2":"type-post","3":"status-publish","4":"format-standard","5":"has-post-thumbnail","7":"category-aktualitates","8":"tag-__typenameadvicekeyword","9":"tag-id532","10":"tag-id553","11":"tag-id554","12":"tag-id597","13":"tag-id824","14":"tag-aktualitates","15":"tag-breaking-news","16":"tag-breakingnews","17":"tag-featured-news","18":"tag-featurednews","19":"tag-headlines","20":"tag-latest-news","21":"tag-latestnews","22":"tag-latvia","23":"tag-latvian","24":"tag-latviesu","25":"tag-latviesu-valoda","26":"tag-latviesuvaloda","27":"tag-latvija","28":"tag-lv","29":"tag-news","30":"tag-popularakas-zinas","31":"tag-popularakaszinas","32":"tag-slugasv","33":"tag-slugkars-ukraina","34":"tag-slugkrievija","35":"tag-slugpolitika","36":"tag-slugukraina","37":"tag-titleasv","38":"tag-titlekars-ukraina","39":"tag-titlekrievija","40":"tag-titlepolitika","41":"tag-titleukraina","42":"tag-top-stories","43":"tag-topstories","44":"tag-zinas"},"share_on_mastodon":{"url":"","error":"Validation failed: Text character limit of 500 exceeded"},"_links":{"self":[{"href":"https:\/\/www.europesays.com\/lv\/wp-json\/wp\/v2\/posts\/57140","targetHints":{"allow":["GET"]}}],"collection":[{"href":"https:\/\/www.europesays.com\/lv\/wp-json\/wp\/v2\/posts"}],"about":[{"href":"https:\/\/www.europesays.com\/lv\/wp-json\/wp\/v2\/types\/post"}],"author":[{"embeddable":true,"href":"https:\/\/www.europesays.com\/lv\/wp-json\/wp\/v2\/users\/2"}],"replies":[{"embeddable":true,"href":"https:\/\/www.europesays.com\/lv\/wp-json\/wp\/v2\/comments?post=57140"}],"version-history":[{"count":0,"href":"https:\/\/www.europesays.com\/lv\/wp-json\/wp\/v2\/posts\/57140\/revisions"}],"wp:featuredmedia":[{"embeddable":true,"href":"https:\/\/www.europesays.com\/lv\/wp-json\/wp\/v2\/media\/57141"}],"wp:attachment":[{"href":"https:\/\/www.europesays.com\/lv\/wp-json\/wp\/v2\/media?parent=57140"}],"wp:term":[{"taxonomy":"category","embeddable":true,"href":"https:\/\/www.europesays.com\/lv\/wp-json\/wp\/v2\/categories?post=57140"},{"taxonomy":"post_tag","embeddable":true,"href":"https:\/\/www.europesays.com\/lv\/wp-json\/wp\/v2\/tags?post=57140"}],"curies":[{"name":"wp","href":"https:\/\/api.w.org\/{rel}","templated":true}]}}