{"id":57174,"date":"2025-11-24T06:16:08","date_gmt":"2025-11-24T06:16:08","guid":{"rendered":"https:\/\/www.europesays.com\/lv\/57174\/"},"modified":"2025-11-24T06:16:08","modified_gmt":"2025-11-24T06:16:08","slug":"jekabpili-parstradei-nodotas-5724-tonnas-riepu-jekabpils-laiks-jekabpils-zinas","status":"publish","type":"post","link":"https:\/\/www.europesays.com\/lv\/57174\/","title":{"rendered":"J\u0113kabpil\u012b p\u0101rstr\u0101dei nodotas 57,24 tonnas riepu \/ J\u0113kabpils Laiks: J\u0113kabpils zi\u0146as"},"content":{"rendered":"<p>No 27. oktobra l\u012bdz 9. novembrim norisin\u0101j\u0101s AS \u201cAJ Power Recycling\u201d r\u012bkot\u0101 vides akcija \u201cDod riep\u0101m otru dz\u012bvi\u201d, kuras laik\u0101 iedz\u012bvot\u0101jiem tika nodro\u0161in\u0101ta iesp\u0113ja bez maksas nodot nolietot\u0101s vieglo automa\u0161\u012bnu riepas. Akcija tika \u012bstenota sadarb\u012bb\u0101 ar SIA \u201c3R\u201d un re\u0123ion\u0101lo atkritumu apsaimniekot\u0101ju SIA \u201cJ\u0113kabpils pakalpojumi\u201d.<\/p>\n<p>\u0160ogad akcijas aktivit\u0101te J\u0113kabpil\u012b, k\u0101 jau ierasts, ir bijusi augsta \u2013 p\u0101rstr\u0101dei nodotas 57,24 tonnas riepu jeb\u00a05768\u00a0riepas. Iesp\u0113ju bez maksas nodot riepas izmantoja ne tikai J\u0113kabpils pils\u0113tas un novada iedz\u012bvot\u0101ji, bet ar\u012b tuv\u0101ko apk\u0101rtnes\u00a0 \u00a0\u2013 L\u012bv\u0101nu, Aizkraukles un P\u013cavi\u0146u \u2013 autovad\u012bt\u0101ji.<\/p>\n<p>K\u0101p\u0113c tas ir svar\u012bgi?<\/p>\n<p>Nolietot\u0101s riepas ir videi kait\u012bgas preces \u2013 t\u0101s sadz\u012bves atkritumos izmest nedr\u012bkst, un to non\u0101k\u0161ana dab\u0101 rada b\u016btisku pies\u0101r\u0146ojumu. Atbild\u012bga riepu nodo\u0161ana p\u0101rstr\u0101dei b\u016btiski samazina negat\u012bvo ietekmi uz vidi un \u013cauj materi\u0101lam ieg\u016bt \u201cotro dz\u012bvi\u201d.<\/p>\n<p>Sav\u0101kt\u0101s riepas tiek \u0161\u0137irotas un sagatavotas t\u0101l\u0101kai p\u0101rstr\u0101dei, no kuras ieg\u016bt\u0101s gumijas granulas tiek izmantotas:<\/p>\n<ul>&#13;<\/p>\n<li>sporta laukumu segumu izgatavo\u0161anai,<\/li>\n<p>&#13;<\/p>\n<li>ce\u013cu b\u016bv\u0113 un celtniec\u012bb\u0101,<\/li>\n<p>&#13;<\/p>\n<li>pakl\u0101ji\u0146u, palikt\u0146u un citu tehnisku izstr\u0101d\u0101jumu ra\u017eo\u0161an\u0101.<\/li>\n<p>&#13;\n<\/ul>\n<p>P\u0113rn akcijas laik\u0101 tika sav\u0101ktas un nodotas p\u0101rstr\u0101dei 6778 riepas jeb 54.228 tonnas, bet 2023. gad\u0101 \u2013 83,14 tonnas veco riepu.<\/p>\n","protected":false},"excerpt":{"rendered":"No 27. oktobra l\u012bdz 9. novembrim norisin\u0101j\u0101s AS \u201cAJ Power Recycling\u201d r\u012bkot\u0101 vides akcija \u201cDod riep\u0101m otru dz\u012bvi\u201d,&hellip;\n","protected":false},"author":2,"featured_media":57175,"comment_status":"","ping_status":"","sticky":false,"template":"","format":"standard","meta":{"footnotes":""},"categories":[12],"tags":[23,28,29,32,33,22,987,986,30,31,35,39,38,36,37,34,40,20,26,27,24,25,21],"class_list":{"0":"post-57174","1":"post","2":"type-post","3":"status-publish","4":"format-standard","5":"has-post-thumbnail","7":"category-latvija","8":"tag-aktualitates","9":"tag-breaking-news","10":"tag-breakingnews","11":"tag-featured-news","12":"tag-featurednews","13":"tag-headlines","14":"tag-jekabpils-zinas","15":"tag-jekabpilslaiks","16":"tag-latest-news","17":"tag-latestnews","18":"tag-latvia","19":"tag-latvian","20":"tag-latviesu","21":"tag-latviesu-valoda","22":"tag-latviesuvaloda","23":"tag-latvija","24":"tag-lv","25":"tag-news","26":"tag-popularakas-zinas","27":"tag-popularakaszinas","28":"tag-top-stories","29":"tag-topstories","30":"tag-zinas"},"share_on_mastodon":{"url":"https:\/\/pubeurope.com\/@lv\/115603215632237163","error":""},"_links":{"self":[{"href":"https:\/\/www.europesays.com\/lv\/wp-json\/wp\/v2\/posts\/57174","targetHints":{"allow":["GET"]}}],"collection":[{"href":"https:\/\/www.europesays.com\/lv\/wp-json\/wp\/v2\/posts"}],"about":[{"href":"https:\/\/www.europesays.com\/lv\/wp-json\/wp\/v2\/types\/post"}],"author":[{"embeddable":true,"href":"https:\/\/www.europesays.com\/lv\/wp-json\/wp\/v2\/users\/2"}],"replies":[{"embeddable":true,"href":"https:\/\/www.europesays.com\/lv\/wp-json\/wp\/v2\/comments?post=57174"}],"version-history":[{"count":0,"href":"https:\/\/www.europesays.com\/lv\/wp-json\/wp\/v2\/posts\/57174\/revisions"}],"wp:featuredmedia":[{"embeddable":true,"href":"https:\/\/www.europesays.com\/lv\/wp-json\/wp\/v2\/media\/57175"}],"wp:attachment":[{"href":"https:\/\/www.europesays.com\/lv\/wp-json\/wp\/v2\/media?parent=57174"}],"wp:term":[{"taxonomy":"category","embeddable":true,"href":"https:\/\/www.europesays.com\/lv\/wp-json\/wp\/v2\/categories?post=57174"},{"taxonomy":"post_tag","embeddable":true,"href":"https:\/\/www.europesays.com\/lv\/wp-json\/wp\/v2\/tags?post=57174"}],"curies":[{"name":"wp","href":"https:\/\/api.w.org\/{rel}","templated":true}]}}