{"id":57202,"date":"2025-11-24T06:47:09","date_gmt":"2025-11-24T06:47:09","guid":{"rendered":"https:\/\/www.europesays.com\/lv\/57202\/"},"modified":"2025-11-24T06:47:09","modified_gmt":"2025-11-24T06:47:09","slug":"visa-latvija-iestajusies-meteorologiska-ziema","status":"publish","type":"post","link":"https:\/\/www.europesays.com\/lv\/57202\/","title":{"rendered":"Vis\u0101 Latvij\u0101 iest\u0101jusies meteorolo\u0123isk\u0101 ziema"},"content":{"rendered":"<p>Meteorolo\u0123isk\u0101 ziema s\u0101kas, kad diennakts vid\u0113j\u0101 gaisa temperat\u016bra vismaz piecas dienas p\u0113c k\u0101rtas ir zem\u0101ka par nulli, un t\u0101s s\u0101kums ir pirm\u0101 no \u0161\u012bm dien\u0101m.<\/p>\n<p>P\u0113rn meteorolo\u0123isk\u0101 ziema Latvij\u0101 kopum\u0101 s\u0101k\u0101s 4. decembr\u012b, bet 2022. un 2023. gad\u0101 \u2013 jau 17. novembr\u012b.<\/p>\n<p>Al\u016bksnes nov\u0113rojumu stacij\u0101 meteorolo\u0123isk\u0101 ziema \u0161ogad iest\u0101j\u0101s 15. novembr\u012b. Ar\u012b citos gados ziema parasti agr\u0101k iest\u0101jas Al\u016bksnes un Vidzemes augstien\u0113, v\u0113l\u0101k \u2013 Kurzemes piekrast\u0113.<\/p>\n<p>Ik gadu 6. novembr\u012b s\u0101kas sol\u0101r\u0101 ziema jeb gada ceturksnis, kur\u0101 Zemes zieme\u013cu puslode sa\u0146em vismaz\u0101ko Saules gaismas daudzumu. Savuk\u0101rt astronomisk\u0101 ziema s\u0101ksies 21. decembr\u012b, kad b\u016bs saulgrie\u017ei, un nosl\u0113gsies pavasara ekvinokcij\u0101 20. mart\u0101.<\/p>\n<p>Sinopti\u0137i prognoz\u0113, ka tuv\u0101kaj\u0101s dien\u0101s Latvij\u0101 b\u016bs maz nokri\u0161\u0146u, vair\u0101k snigs Latgal\u0113 un S\u0113lij\u0101.<\/p>\n<p>Saska\u0146\u0101 ar Eiropas Vid\u0113ja termi\u0146a laika progno\u017eu centra datiem \u0161\u012b ned\u0113\u013ca gaid\u0101ma divus gr\u0101dus v\u0113s\u0101ka par normu, bet n\u0101kamned\u0113\u013c \u2013 decembra s\u0101kum\u0101 \u2013 gaisa temperat\u016bra var\u0113tu pak\u0101pties tr\u012bs gr\u0101dus virs normas. Ar\u012b turpm\u0101k\u0101s ned\u0113\u013cas un ziema kopum\u0101 prognoz\u0113ta silt\u0101ka nek\u0101 ierasts.<\/p>\n<p class=\"tv3-fw-500\">Zi\u0146o par k\u013c\u016bdu rakst\u0101<\/p>\n<p class=\"d-md-block d-none\">Iez\u012bm\u0113 k\u013c\u016bdaino tekstu un spied Ctrl+Enter.<\/p>\n<p class=\"d-md-none d-block\">Iez\u012bm\u0113 k\u013c\u016bdaino tekstu un zi\u0146o par to!<\/p>\n","protected":false},"excerpt":{"rendered":"Meteorolo\u0123isk\u0101 ziema s\u0101kas, kad diennakts vid\u0113j\u0101 gaisa temperat\u016bra vismaz piecas dienas p\u0113c k\u0101rtas ir zem\u0101ka par nulli, un&hellip;\n","protected":false},"author":2,"featured_media":57203,"comment_status":"","ping_status":"","sticky":false,"template":"","format":"standard","meta":{"footnotes":""},"categories":[5],"tags":[23,28,29,32,33,22,2805,30,31,35,39,38,36,37,34,40,20,26,27,24,25,21],"class_list":{"0":"post-57202","1":"post","2":"type-post","3":"status-publish","4":"format-standard","5":"has-post-thumbnail","7":"category-aktualitates","8":"tag-aktualitates","9":"tag-breaking-news","10":"tag-breakingnews","11":"tag-featured-news","12":"tag-featurednews","13":"tag-headlines","14":"tag-laika-prognozelaika-zinas","15":"tag-latest-news","16":"tag-latestnews","17":"tag-latvia","18":"tag-latvian","19":"tag-latviesu","20":"tag-latviesu-valoda","21":"tag-latviesuvaloda","22":"tag-latvija","23":"tag-lv","24":"tag-news","25":"tag-popularakas-zinas","26":"tag-popularakaszinas","27":"tag-top-stories","28":"tag-topstories","29":"tag-zinas"},"share_on_mastodon":{"url":"https:\/\/pubeurope.com\/@lv\/115603337630648077","error":""},"_links":{"self":[{"href":"https:\/\/www.europesays.com\/lv\/wp-json\/wp\/v2\/posts\/57202","targetHints":{"allow":["GET"]}}],"collection":[{"href":"https:\/\/www.europesays.com\/lv\/wp-json\/wp\/v2\/posts"}],"about":[{"href":"https:\/\/www.europesays.com\/lv\/wp-json\/wp\/v2\/types\/post"}],"author":[{"embeddable":true,"href":"https:\/\/www.europesays.com\/lv\/wp-json\/wp\/v2\/users\/2"}],"replies":[{"embeddable":true,"href":"https:\/\/www.europesays.com\/lv\/wp-json\/wp\/v2\/comments?post=57202"}],"version-history":[{"count":0,"href":"https:\/\/www.europesays.com\/lv\/wp-json\/wp\/v2\/posts\/57202\/revisions"}],"wp:featuredmedia":[{"embeddable":true,"href":"https:\/\/www.europesays.com\/lv\/wp-json\/wp\/v2\/media\/57203"}],"wp:attachment":[{"href":"https:\/\/www.europesays.com\/lv\/wp-json\/wp\/v2\/media?parent=57202"}],"wp:term":[{"taxonomy":"category","embeddable":true,"href":"https:\/\/www.europesays.com\/lv\/wp-json\/wp\/v2\/categories?post=57202"},{"taxonomy":"post_tag","embeddable":true,"href":"https:\/\/www.europesays.com\/lv\/wp-json\/wp\/v2\/tags?post=57202"}],"curies":[{"name":"wp","href":"https:\/\/api.w.org\/{rel}","templated":true}]}}