{"id":57229,"date":"2025-11-24T07:11:07","date_gmt":"2025-11-24T07:11:07","guid":{"rendered":"https:\/\/www.europesays.com\/lv\/57229\/"},"modified":"2025-11-24T07:11:07","modified_gmt":"2025-11-24T07:11:07","slug":"svetdienas-vakara-smaga-avarija-latgale-navejosi-notriekts-berns","status":"publish","type":"post","link":"https:\/\/www.europesays.com\/lv\/57229\/","title":{"rendered":"Sv\u0113tdienas vakar\u0101 smag\u0101 av\u0101rij\u0101 Latgal\u0113 n\u0101v\u0113jo\u0161i notriekts b\u0113rns"},"content":{"rendered":"<p>Sv\u0113tdienas, 23. novembra, vakar\u0101 ap plkst. 19 \u2013 20 uz P58&#13;<br \/>\n\u0161osejas Prei\u013ci-\u0160po\u0123i notikusi tra\u0123iska av\u0101rija, kur\u0101 boj\u0101 g\u0101jis b\u0113rns, zi\u0146o \u201cSadursme\u201d.<\/p>\n<p>K\u0101 zi\u0146o aculiecinieki, ce\u013ca mal\u0101 bija apst\u0101jies&#13;<br \/>\nmikroautobuss. Pa to pa\u0161u joslu braucis cits mikroautobuss, kas, apdzenot ce\u013cmal\u0101&#13;<br \/>\nst\u0101vo\u0161o autobusu, iebraucis pret\u0113j\u0101 josl\u0101 un sad\u016bries ar pretim brauco\u0161o vieglo&#13;<br \/>\nauto.<\/p>\n<p>P\u0113c sadursmes no viegl\u0101 auto izk\u0101pusi sieviete ar mazu&#13;<br \/>\nb\u0113rnu. Taj\u0101 br\u012bd\u012b pa ce\u013cu brauco\u0161a cita automa\u0161\u012bna n\u0101v\u0113jo\u0161i notrieca b\u0113rnu.<\/p>\n<p>M\u0101te \u0161obr\u012bd atrodas smag\u0101 st\u0101vokl\u012b. Mikroautobusu pasa\u017eieri&#13;<br \/>\nnav cietu\u0161i.<\/p>\n<p>Izsak\u0101m l\u012bdzj\u016bt\u012bbu b\u0113rna \u0123imenei un tuviniekiem.<\/p>\n<p><\/p>\n<p><\/p>\n","protected":false},"excerpt":{"rendered":"Sv\u0113tdienas, 23. novembra, vakar\u0101 ap plkst. 19 \u2013 20 uz P58&#13; \u0161osejas Prei\u013ci-\u0160po\u0123i notikusi tra\u0123iska av\u0101rija, kur\u0101 boj\u0101&hellip;\n","protected":false},"author":2,"featured_media":57230,"comment_status":"","ping_status":"","sticky":false,"template":"","format":"standard","meta":{"footnotes":""},"categories":[5],"tags":[129,4777,4072,3733,23,28,29,32,33,22,30,31,35,39,38,36,37,34,40,20,26,27,3734,4778,4073,3735,4779,4074,24,25,21],"class_list":{"0":"post-57229","1":"post","2":"type-post","3":"status-publish","4":"format-standard","5":"has-post-thumbnail","7":"category-aktualitates","8":"tag-__typenameadvicekeyword","9":"tag-id557","10":"tag-id692","11":"tag-id881","12":"tag-aktualitates","13":"tag-breaking-news","14":"tag-breakingnews","15":"tag-featured-news","16":"tag-featurednews","17":"tag-headlines","18":"tag-latest-news","19":"tag-latestnews","20":"tag-latvia","21":"tag-latvian","22":"tag-latviesu","23":"tag-latviesu-valoda","24":"tag-latviesuvaloda","25":"tag-latvija","26":"tag-lv","27":"tag-news","28":"tag-popularakas-zinas","29":"tag-popularakaszinas","30":"tag-slug112","31":"tag-slugcelu-satiksmes-negadijums","32":"tag-sluglatgale","33":"tag-title112","34":"tag-titlecelu-satiksmes-negadijums","35":"tag-titlelatgale","36":"tag-top-stories","37":"tag-topstories","38":"tag-zinas"},"share_on_mastodon":{"url":"","error":"Validation failed: Text character limit of 500 exceeded"},"_links":{"self":[{"href":"https:\/\/www.europesays.com\/lv\/wp-json\/wp\/v2\/posts\/57229","targetHints":{"allow":["GET"]}}],"collection":[{"href":"https:\/\/www.europesays.com\/lv\/wp-json\/wp\/v2\/posts"}],"about":[{"href":"https:\/\/www.europesays.com\/lv\/wp-json\/wp\/v2\/types\/post"}],"author":[{"embeddable":true,"href":"https:\/\/www.europesays.com\/lv\/wp-json\/wp\/v2\/users\/2"}],"replies":[{"embeddable":true,"href":"https:\/\/www.europesays.com\/lv\/wp-json\/wp\/v2\/comments?post=57229"}],"version-history":[{"count":0,"href":"https:\/\/www.europesays.com\/lv\/wp-json\/wp\/v2\/posts\/57229\/revisions"}],"wp:featuredmedia":[{"embeddable":true,"href":"https:\/\/www.europesays.com\/lv\/wp-json\/wp\/v2\/media\/57230"}],"wp:attachment":[{"href":"https:\/\/www.europesays.com\/lv\/wp-json\/wp\/v2\/media?parent=57229"}],"wp:term":[{"taxonomy":"category","embeddable":true,"href":"https:\/\/www.europesays.com\/lv\/wp-json\/wp\/v2\/categories?post=57229"},{"taxonomy":"post_tag","embeddable":true,"href":"https:\/\/www.europesays.com\/lv\/wp-json\/wp\/v2\/tags?post=57229"}],"curies":[{"name":"wp","href":"https:\/\/api.w.org\/{rel}","templated":true}]}}