{"id":57251,"date":"2025-11-24T07:28:18","date_gmt":"2025-11-24T07:28:18","guid":{"rendered":"https:\/\/www.europesays.com\/lv\/57251\/"},"modified":"2025-11-24T07:28:18","modified_gmt":"2025-11-24T07:28:18","slug":"zzs-kritize-progresivos-kamer-budzets-jasteidz-pienemts-lente-lv","status":"publish","type":"post","link":"https:\/\/www.europesays.com\/lv\/57251\/","title":{"rendered":"ZZS kritiz\u0113 &#8220;Progres\u012bvos&#8221;, kam\u0113r bud\u017eets j\u0101steidz pie\u0146emts\u00a0\u2014\u00a0Lente.lv"},"content":{"rendered":"<p>Politisk\u0101s spriedzes mezgls: ZZS un &#8220;Progres\u012bvie&#8221; saskaras uz bud\u017eeta fona<\/p>\n<p>Latvijas politiskaj\u0101 ainav\u0101 valda saspringums, ko izrais\u012bjusi koal\u012bcijas partneru \u2013 Za\u013co un zemnieku savien\u012bbas (ZZS) un politisk\u0101s partijas &#8220;Progres\u012bvie&#8221; \u2013 starp\u0101 eso\u0161\u0101s domstarp\u012bbas. \u0160\u012bs nesaska\u0146as \u012bpa\u0161i saasin\u0101s laik\u0101, kad valst\u012b ir steidzami nepiecie\u0161ams pie\u0146emt 2025. gada valsts bud\u017eetu. Rodas iespaids, ka ZZS arvien bie\u017e\u0101k izmanto taktiku, lai kritiz\u0113tu &#8220;Progres\u012bvos&#8221;, nor\u0101dot uz it k\u0101 nepietiekamu uzman\u012bbu re\u0123ionu iedz\u012bvot\u0101ju probl\u0113m\u0101m.<\/p>\n<p>\u0160oned\u0113\u013c situ\u0101cija sasniedza jaunu kulmin\u0101ciju, kad divi ZZS Saeimas deput\u0101ti pat balsojum\u0101 atbalst\u012bja opoz\u012bcijas rosin\u0101jumu izteikt neuztic\u012bbu vienam no &#8220;Progres\u012bvo&#8221; ministriem, t\u0101d\u0113j\u0101di demonstr\u0113jot dzi\u013cas plaisas valdo\u0161aj\u0101 koal\u012bcij\u0101. Tas notiek br\u012bd\u012b, kad bud\u017eeta likumprojekts virz\u0101s uz gal\u012bgajiem las\u012bjumiem Saeim\u0101, un t\u0101 pie\u0146em\u0161ana ir b\u016btiska valsts finansi\u0101lajai stabilit\u0101tei.<\/p>\n<p>Bud\u017eeta priorit\u0101tes un politisk\u0101s sp\u0113les<\/p>\n<p>2025. gada bud\u017eets, kas tika pie\u0146emts Saeim\u0101 2024. gada decembr\u012b, paredz ie\u0146\u0113mumus 18,4 miljardu eiro apm\u0113r\u0101 un izdevumus 19,7 miljardu eiro, ar prognoz\u0113to defic\u012btu 2,9% no iek\u0161zemes kopprodukta (IKP). Galven\u0101s priorit\u0101tes ir valsts iedz\u012bvot\u0101ju dro\u0161\u012bbas un konkur\u0113tsp\u0113jas stiprin\u0101\u0161ana, k\u0101 ar\u012b papildu l\u012bdzek\u013cu novirz\u012b\u0161ana dro\u0161\u012bbas stiprin\u0101\u0161anai, pension\u0101ru ien\u0101kumu uzlabo\u0161anai un pazemin\u0101tas PVN likmes saglab\u0101\u0161anai noteiktiem produktiem. Paredz\u0113ts ar\u012b ieviest pagaidu solidarit\u0101tes iemaksas kred\u012btiest\u0101d\u0113m un palielin\u0101t vec\u0101ku pabalstu apjomu str\u0101d\u0101jo\u0161iem vec\u0101kiem.<\/p>\n<p>Neskatoties uz bud\u017eeta pie\u0146em\u0161anu, politisk\u0101s nesaska\u0146as turpin\u0101s. ZZS, kas s\u0101kotn\u0113ji pauda ba\u017eas par bud\u017eeta projektu, \u012bpa\u0161i par samazin\u0101tu PVN da\u017eiem p\u0101rtikas produktiem un lauku skolu uztur\u0113\u0161anu, ar\u012b nor\u0101d\u012bja uz iesp\u0113ju ietaup\u012bt l\u012bdzek\u013cus valsts p\u0101rvald\u0113, likvid\u0113jot vakantus amatus. Lai gan koal\u012bcija pan\u0101kusi konceptu\u0101lu vieno\u0161anos par bud\u017eeta priorit\u0101t\u0113m \u2013 dro\u0161\u012bbu, atbalstu \u0123imen\u0113m un vesel\u012bbai, k\u0101 ar\u012b invest\u012bcijas izgl\u012bt\u012bb\u0101 \u2013, ZZS kritika pret &#8220;Progres\u012bvajiem&#8221; par &#8220;R\u012bgas partijas&#8221; mentalit\u0101ti un nepietiekamu uzman\u012bbu re\u0123ioniem turpin\u0101s.<\/p>\n<p>Re\u0123ionu probl\u0113mas un ministru atbild\u012bba<\/p>\n<p>ZZS biedri pau\u017e neapmierin\u0101t\u012bbu, ka &#8220;Progres\u012bvie&#8221; prioritiz\u0113 &#8220;Rail Baltica&#8221; projektu, nevis re\u0123ion\u0101lo transportu, t\u0101d\u0113j\u0101di apdraudot koal\u012bcijas stabilit\u0101ti. K\u0101 uzsv\u0113ris viens no ZZS l\u012bderiem Armands Krauze, ZZS priorit\u0101te ir cilv\u0113ki re\u0123ionos, nevis form\u0101la koal\u012bcijas l\u012bguma iev\u0113ro\u0161ana. Savuk\u0101rt &#8220;Progres\u012bvie&#8221; nor\u0101da, ka bud\u017eeta l\u0113mumi ir visu koal\u012bcijas partneru kopdarbs, un vi\u0146i vieni pa\u0161i nevar atrisin\u0101t visas probl\u0113mas. Tiek ar\u012b izteikts priek\u0161likums rast papildu finans\u0113jumu, sak\u0101rtojot probl\u0113mas Zemkop\u012bbas ministrij\u0101, kas, p\u0113c &#8220;Progres\u012bvo&#8221; teikt\u0101, rad\u012bju\u0161as zaud\u0113jumus valstij.<\/p>\n<p>Spriedze koal\u012bcijas partneru starp\u0101 pieauga ar\u012b jaut\u0101jum\u0101 par Ventspils ostas par\u0101diem. ZZS rosina tos norakst\u012bt, savuk\u0101rt Satiksmes ministrija un Finan\u0161u ministrija iebilst, nor\u0101dot uz negat\u012bvo ietekmi uz valsts bud\u017eetu un iesp\u0113jamiem ES noteikumu p\u0101rk\u0101pumiem. Da\u017ei ZZS deput\u0101ti pat balsoja par satiksmes ministra demisiju, lai gan pa\u0161i ZZS p\u0101rst\u0101vji noliedz, ka tam b\u016btu saist\u012bba ar Ventspils ostas par\u0101du jaut\u0101jumu.<\/p>\n<p>N\u0101kotnes perspekt\u012bvas un koal\u012bcijas stabilit\u0101te<\/p>\n<p>Neskatoties uz \u0161\u012bm nesaska\u0146\u0101m, vald\u012bbu joproj\u0101m satur kop\u0101 nepiecie\u0161am\u012bba pie\u0146emt bud\u017eetu un citi svar\u012bgi l\u0113mumi. Tom\u0113r ilgtermi\u0146\u0101 ba\u017eas raisa straujais valsts par\u0101da pieaugums, kas prognoz\u0113ts k\u0101pjot virs 55,2% no IKP tuv\u0101ko gadu laik\u0101. Lai gan Latvija joproj\u0101m ir starp valst\u012bm ar zem\u0101ko par\u0101du ES, pieauguma temps ir iev\u0113rojams.<\/p>\n<p>&#8220;Progres\u012bvie&#8221; nor\u0101da, ka ZZS jau vair\u0101kk\u0101rt ir p\u0101rk\u0101pusi koal\u012bcijas l\u012bgumu, piem\u0113ram, balsojot par groz\u012bjumiem Satversm\u0113, kas paredz noteikt tikai divus dzimumus. Partija ar\u012b paudusi, ka negras\u0101s pamest vald\u012bbu, tom\u0113r nepl\u0101no sadarboties ar da\u017e\u0101m partij\u0101m potenci\u0101li jaunaj\u0101 Saeim\u0101.<\/p>\n<p>Situ\u0101cija koal\u012bcij\u0101 ir trausla, un katrs solis tiek r\u016bp\u012bgi v\u0113rt\u0113ts. Vai spriedze starp ZZS un &#8220;Progres\u012bvajiem&#8221; turpin\u0101sies, un k\u0101das b\u016bs t\u0101s sekas uz vald\u012bbas darbu un valsts att\u012bst\u012bbu, r\u0101d\u012bs laiks. Tom\u0113r skaidrs ir viens \u2013 bud\u017eeta pie\u0146em\u0161ana ir tikai viens solis, un politiskajiem sp\u0113kiem b\u016bs j\u0101mekl\u0113 kop\u012bgs valodas, lai nodro\u0161in\u0101tu valsts stabilit\u0101ti un att\u012bst\u012bbu.<\/p>\n","protected":false},"excerpt":{"rendered":"Politisk\u0101s spriedzes mezgls: ZZS un &#8220;Progres\u012bvie&#8221; saskaras uz bud\u017eeta fona Latvijas politiskaj\u0101 ainav\u0101 valda saspringums, ko izrais\u012bjusi koal\u012bcijas&hellip;\n","protected":false},"author":2,"featured_media":57252,"comment_status":"","ping_status":"","sticky":false,"template":"","format":"standard","meta":{"footnotes":""},"categories":[12],"tags":[23,28,29,32,33,22,351,30,31,35,39,38,36,37,34,40,20,15448,26,27,352,24,25,331,21,666],"class_list":{"0":"post-57251","1":"post","2":"type-post","3":"status-publish","4":"format-standard","5":"has-post-thumbnail","7":"category-latvija","8":"tag-aktualitates","9":"tag-breaking-news","10":"tag-breakingnews","11":"tag-featured-news","12":"tag-featurednews","13":"tag-headlines","14":"tag-koalicija","15":"tag-latest-news","16":"tag-latestnews","17":"tag-latvia","18":"tag-latvian","19":"tag-latviesu","20":"tag-latviesu-valoda","21":"tag-latviesuvaloda","22":"tag-latvija","23":"tag-lv","24":"tag-news","25":"tag-politiska-spriedze","26":"tag-popularakas-zinas","27":"tag-popularakaszinas","28":"tag-progresivie","29":"tag-top-stories","30":"tag-topstories","31":"tag-valsts-budzets","32":"tag-zinas","33":"tag-zzs"},"share_on_mastodon":{"url":"https:\/\/pubeurope.com\/@lv\/115603498827833201","error":""},"_links":{"self":[{"href":"https:\/\/www.europesays.com\/lv\/wp-json\/wp\/v2\/posts\/57251","targetHints":{"allow":["GET"]}}],"collection":[{"href":"https:\/\/www.europesays.com\/lv\/wp-json\/wp\/v2\/posts"}],"about":[{"href":"https:\/\/www.europesays.com\/lv\/wp-json\/wp\/v2\/types\/post"}],"author":[{"embeddable":true,"href":"https:\/\/www.europesays.com\/lv\/wp-json\/wp\/v2\/users\/2"}],"replies":[{"embeddable":true,"href":"https:\/\/www.europesays.com\/lv\/wp-json\/wp\/v2\/comments?post=57251"}],"version-history":[{"count":0,"href":"https:\/\/www.europesays.com\/lv\/wp-json\/wp\/v2\/posts\/57251\/revisions"}],"wp:featuredmedia":[{"embeddable":true,"href":"https:\/\/www.europesays.com\/lv\/wp-json\/wp\/v2\/media\/57252"}],"wp:attachment":[{"href":"https:\/\/www.europesays.com\/lv\/wp-json\/wp\/v2\/media?parent=57251"}],"wp:term":[{"taxonomy":"category","embeddable":true,"href":"https:\/\/www.europesays.com\/lv\/wp-json\/wp\/v2\/categories?post=57251"},{"taxonomy":"post_tag","embeddable":true,"href":"https:\/\/www.europesays.com\/lv\/wp-json\/wp\/v2\/tags?post=57251"}],"curies":[{"name":"wp","href":"https:\/\/api.w.org\/{rel}","templated":true}]}}