{"id":57274,"date":"2025-11-24T07:51:08","date_gmt":"2025-11-24T07:51:08","guid":{"rendered":"https:\/\/www.europesays.com\/lv\/57274\/"},"modified":"2025-11-24T07:51:08","modified_gmt":"2025-11-24T07:51:08","slug":"video-%e2%9f%a9-tragedija-aizkalne-cetru-automasinu-avarija-boja-gajis-berns","status":"publish","type":"post","link":"https:\/\/www.europesays.com\/lv\/57274\/","title":{"rendered":"VIDEO \u27e9 Tra\u0123\u0113dija Aizkaln\u0113 \u2013 \u010detru automa\u0161\u012bnu av\u0101rij\u0101 boj\u0101 g\u0101jis b\u0113rns"},"content":{"rendered":"<p>Pirms plkst. 19 Prei\u013cu novada Aizkalnes pagast\u0101 notika ce\u013cu satiksmes negad\u012bjums, kur\u0101 iesaist\u012btas \u010detras automa\u0161\u012bnas &#8211; &#8220;Ford Transit Custom&#8221;, &#8220;Volkswagen&#8221;, &#8220;Volvo&#8221; un &#8220;BMW&#8221;. Negad\u012bjum\u0101 g\u0101ja boj\u0101 mazgad\u012bga persona. Valsts policij\u0101 s\u0101kts krimin\u0101lprocess, notiek izmekl\u0113\u0161ana.<\/p>\n<p>Kopum\u0101 valst\u012b re\u0123istr\u0113ti 102 ce\u013cu satiksmes negad\u012bjumi, no kuriem se\u0161i bija ar cietu\u0161ajiem. Starp cietu\u0161ajiem ir divi g\u0101j\u0113ji, viens velosip\u0113dists un viens elektrisk\u0101 skrejrite\u0146a vad\u012bt\u0101js.<\/p>\n<p>T\u0101pat aizvad\u012btaj\u0101 diennakt\u012b pie\u0137erti pieci transportl\u012bdzek\u013cu vad\u012bt\u0101ji, kuri pie st\u016bres bija s\u0113du\u0161ies alkohola reibum\u0101. Tr\u012bs gad\u012bjumos piem\u0113rota administrat\u012bv\u0101 atbild\u012bba, bet divos gad\u012bjumos s\u0101kti krimin\u0101lprocesi.<\/p>\n","protected":false},"excerpt":{"rendered":"Pirms plkst. 19 Prei\u013cu novada Aizkalnes pagast\u0101 notika ce\u013cu satiksmes negad\u012bjums, kur\u0101 iesaist\u012btas \u010detras automa\u0161\u012bnas &#8211; &#8220;Ford Transit&hellip;\n","protected":false},"author":2,"featured_media":57275,"comment_status":"","ping_status":"","sticky":false,"template":"","format":"standard","meta":{"footnotes":""},"categories":[12],"tags":[23,1465,28,29,32,33,22,30,31,35,39,38,36,37,34,40,20,26,27,24,25,138,21],"class_list":{"0":"post-57274","1":"post","2":"type-post","3":"status-publish","4":"format-standard","5":"has-post-thumbnail","7":"category-latvija","8":"tag-aktualitates","9":"tag-autoavarijas","10":"tag-breaking-news","11":"tag-breakingnews","12":"tag-featured-news","13":"tag-featurednews","14":"tag-headlines","15":"tag-latest-news","16":"tag-latestnews","17":"tag-latvia","18":"tag-latvian","19":"tag-latviesu","20":"tag-latviesu-valoda","21":"tag-latviesuvaloda","22":"tag-latvija","23":"tag-lv","24":"tag-news","25":"tag-popularakas-zinas","26":"tag-popularakaszinas","27":"tag-top-stories","28":"tag-topstories","29":"tag-valsts-policija","30":"tag-zinas"},"share_on_mastodon":{"url":"https:\/\/pubeurope.com\/@lv\/115603589525597058","error":""},"_links":{"self":[{"href":"https:\/\/www.europesays.com\/lv\/wp-json\/wp\/v2\/posts\/57274","targetHints":{"allow":["GET"]}}],"collection":[{"href":"https:\/\/www.europesays.com\/lv\/wp-json\/wp\/v2\/posts"}],"about":[{"href":"https:\/\/www.europesays.com\/lv\/wp-json\/wp\/v2\/types\/post"}],"author":[{"embeddable":true,"href":"https:\/\/www.europesays.com\/lv\/wp-json\/wp\/v2\/users\/2"}],"replies":[{"embeddable":true,"href":"https:\/\/www.europesays.com\/lv\/wp-json\/wp\/v2\/comments?post=57274"}],"version-history":[{"count":0,"href":"https:\/\/www.europesays.com\/lv\/wp-json\/wp\/v2\/posts\/57274\/revisions"}],"wp:featuredmedia":[{"embeddable":true,"href":"https:\/\/www.europesays.com\/lv\/wp-json\/wp\/v2\/media\/57275"}],"wp:attachment":[{"href":"https:\/\/www.europesays.com\/lv\/wp-json\/wp\/v2\/media?parent=57274"}],"wp:term":[{"taxonomy":"category","embeddable":true,"href":"https:\/\/www.europesays.com\/lv\/wp-json\/wp\/v2\/categories?post=57274"},{"taxonomy":"post_tag","embeddable":true,"href":"https:\/\/www.europesays.com\/lv\/wp-json\/wp\/v2\/tags?post=57274"}],"curies":[{"name":"wp","href":"https:\/\/api.w.org\/{rel}","templated":true}]}}