{"id":57278,"date":"2025-11-24T07:53:11","date_gmt":"2025-11-24T07:53:11","guid":{"rendered":"https:\/\/www.europesays.com\/lv\/57278\/"},"modified":"2025-11-24T07:53:11","modified_gmt":"2025-11-24T07:53:11","slug":"singapuras-satins-un-rolands-ce-viena-vakara-jelgava-hiphopa-lielkoncerta","status":"publish","type":"post","link":"https:\/\/www.europesays.com\/lv\/57278\/","title":{"rendered":"&#8220;Singap\u016bras Sat\u012bns&#8221; un rolands \u010de vien\u0101 vakar\u0101 Jelgav\u0101 \u2013 hiphopa lielkoncert\u0101"},"content":{"rendered":"<p>Koncerts notiks div\u0101s da\u013c\u0101s, kur pirmaj\u0101 uzst\u0101sies reperis <a href=\"https:\/\/sejas.tvnet.lv\/term\/631703\/rolands-ce\" class=\"topicLink\" target=\"_blank\" rel=\"nofollow noopener\">rolands \u010de<\/a> ar popul\u0101r\u0101ko dziesmu izlasi un deju grupu \u201cSPACE\u201d, savuk\u0101rt otraj\u0101 da\u013c\u0101 grupa <a href=\"https:\/\/sejas.tvnet.lv\/term\/602241\/singapuras-satins\" class=\"topicLink\" target=\"_blank\" rel=\"nofollow noopener\">Singap\u016bras Sat\u012bns<\/a>, kas koncert\u0101 atska\u0146os ar\u012b savu jauno hitu \u201cNelabojams\u201d.<\/p>\n<p><img decoding=\"async\" class=\"figure__image\" onclick=\"triggerEvent('articleImageClick', { id: 17295345, focus: 'single-image', focusIndex: '17295345' })\" onkeydown=\"if (event.key === 'Enter') {&#10;        triggerEvent('articleImageClick', { id: 17295345, focus: 'single-image', focusIndex: '17295345' })&#10;        }\" role=\"button\" tabindex=\"0\" data-focus-from=\"single-image\" data-focus-index=\"17295345\" src=\"https:\/\/www.europesays.com\/lv\/wp-content\/uploads\/2025\/11\/17295345t1hdf28.jpg\" onload=\"this.parentElement.classList.remove('figure__image-loading')\" alt=\"rolanda \u010de imid\u017es 2023. gad\u0101.\"\/>rolanda \u010de imid\u017es 2023. gad\u0101. Foto: Publicit\u0101tes foto<\/p>\n<p>Rolands \u010de ir latvie\u0161u reperis un producents, kuru klaus\u012bt\u0101ji iecien\u012bju\u0161i gan par sp\u0113c\u012bgaj\u0101m solo rel\u012bz\u0113m, gan par dal\u012bbu projektos \u201cSiera Plate\u201d un \u201cBANDA BANDA\u201d. M\u0101kslinieks ilgsto\u0161i darbojies ar\u012b izdevniec\u012bbas Universal Music Group pasp\u0101rn\u0113, kur izdevis vair\u0101kus singlus un kriti\u0137u atzin\u012bbu guvu\u0161o albumu visurg\u0101j\u0113js, kas tika atz\u012bts par 2022. gada lab\u0101ko repa ierakstu Latvijas m\u016bzikas ierakstu gada balv\u0101<br \/>\u201cZelta Mikrofons\u201d.<\/p>\n<p>Rolanda \u010de koncerti ir pieredze \u2013 ar eksploz\u012bvu ener\u0123iju, neparedzamiem tekstiem un izteiksm\u012bgu skatuves kl\u0101tb\u016btni vi\u0146\u0161 atkal un atkal apliecina savu vietu Latvijas hip-hop priek\u0161gal\u0101.<\/p>\n<p><img decoding=\"async\" class=\"figure__image\" onclick=\"triggerEvent('articleImageClick', { id: 17295347, focus: 'single-image', focusIndex: '17295347' })\" onkeydown=\"if (event.key === 'Enter') {&#10;        triggerEvent('articleImageClick', { id: 17295347, focus: 'single-image', focusIndex: '17295347' })&#10;        }\" role=\"button\" tabindex=\"0\" data-focus-from=\"single-image\" data-focus-index=\"17295347\" src=\"https:\/\/www.europesays.com\/lv\/wp-content\/uploads\/2025\/11\/17295347t1h3800.jpg\" onload=\"this.parentElement.classList.remove('figure__image-loading')\" alt=\"&quot;Singap\u016bras Sat\u012bns&quot;.\"\/>&#8220;Singap\u016bras Sat\u012bns&#8221;. Foto: Publicit\u0101tes foto<\/p>\n<p>\u201cSingap\u016bras Sat\u012bns\u201d \u2013 supergrupa, kas sevi pier\u0101d\u012bjusi k\u0101 vienu no spilgt\u0101kaj\u0101m un popul\u0101r\u0101kaj\u0101m repa apvien\u012bb\u0101m Latvij\u0101. Ar savu neatk\u0101rtojamo stilu, aspr\u0101t\u012bgajiem un dzi\u013ci person\u012bgajiem tekstiem, dinamiskajiem ritmiem un spilgtu skatuves t\u0113lu grupa ir ieguvusi pla\u0161u klaus\u012bt\u0101ju loku. Vi\u0146u hiti \u201cUz seen\u201d, \u201cPlan\u0113ta: Pritons\u201d, \u201cDegviela\u201d un daudzi citi skan festiv\u0101los, klubos un ball\u012bt\u0113s vis\u0101 Latvij\u0101, bet grupas uzst\u0101\u0161an\u0101s vienm\u0113r izce\u013cas ar sp\u0113c\u012bgu ener\u0123iju un harizmu, kas atst\u0101j vienaldz\u012bgu vien reto skat\u012bt\u0101ju.<\/p>\n<p>29. novembr\u012b Jelgava piedz\u012bvos vakaru, kur\u0101 uz vienas skatuves apvienosies divi \u017eanra mil\u017ei, radot jaud\u012bgu un neaizmirstamu hiphopa notikumu. Bi\u013cetes mekl\u0113jamas &#8220;Bi\u013ce\u0161u Parad\u012bzes&#8221; kas\u0113s un <a target=\"_blank\" rel=\"noopener noreferrer nofollow\" href=\"https:\/\/www.bilesuparadize.lv\/lv\/event\/157872\">t\u012bmekl\u012b<\/a>.<\/p>\n","protected":false},"excerpt":{"rendered":"Koncerts notiks div\u0101s da\u013c\u0101s, kur pirmaj\u0101 uzst\u0101sies reperis rolands \u010de ar popul\u0101r\u0101ko dziesmu izlasi un deju grupu \u201cSPACE\u201d,&hellip;\n","protected":false},"author":2,"featured_media":57279,"comment_status":"","ping_status":"","sticky":false,"template":"","format":"standard","meta":{"footnotes":""},"categories":[19],"tags":[89,90,35,39,38,36,37,34,40,10556,15455,15456],"class_list":{"0":"post-57278","1":"post","2":"type-post","3":"status-publish","4":"format-standard","5":"has-post-thumbnail","7":"category-izklaide","8":"tag-entertainment","9":"tag-izklaide","10":"tag-latvia","11":"tag-latvian","12":"tag-latviesu","13":"tag-latviesu-valoda","14":"tag-latviesuvaloda","15":"tag-latvija","16":"tag-lv","17":"tag-rolands-ce","18":"tag-singapuras-satins","19":"tag-zemgales-olimpiskais-centrs"},"share_on_mastodon":{"url":"https:\/\/pubeurope.com\/@lv\/115603597256879989","error":""},"_links":{"self":[{"href":"https:\/\/www.europesays.com\/lv\/wp-json\/wp\/v2\/posts\/57278","targetHints":{"allow":["GET"]}}],"collection":[{"href":"https:\/\/www.europesays.com\/lv\/wp-json\/wp\/v2\/posts"}],"about":[{"href":"https:\/\/www.europesays.com\/lv\/wp-json\/wp\/v2\/types\/post"}],"author":[{"embeddable":true,"href":"https:\/\/www.europesays.com\/lv\/wp-json\/wp\/v2\/users\/2"}],"replies":[{"embeddable":true,"href":"https:\/\/www.europesays.com\/lv\/wp-json\/wp\/v2\/comments?post=57278"}],"version-history":[{"count":0,"href":"https:\/\/www.europesays.com\/lv\/wp-json\/wp\/v2\/posts\/57278\/revisions"}],"wp:featuredmedia":[{"embeddable":true,"href":"https:\/\/www.europesays.com\/lv\/wp-json\/wp\/v2\/media\/57279"}],"wp:attachment":[{"href":"https:\/\/www.europesays.com\/lv\/wp-json\/wp\/v2\/media?parent=57278"}],"wp:term":[{"taxonomy":"category","embeddable":true,"href":"https:\/\/www.europesays.com\/lv\/wp-json\/wp\/v2\/categories?post=57278"},{"taxonomy":"post_tag","embeddable":true,"href":"https:\/\/www.europesays.com\/lv\/wp-json\/wp\/v2\/tags?post=57278"}],"curies":[{"name":"wp","href":"https:\/\/api.w.org\/{rel}","templated":true}]}}