{"id":57282,"date":"2025-11-24T07:57:06","date_gmt":"2025-11-24T07:57:06","guid":{"rendered":"https:\/\/www.europesays.com\/lv\/57282\/"},"modified":"2025-11-24T07:57:06","modified_gmt":"2025-11-24T07:57:06","slug":"opozicijas-politikis-slesers-izplata-maldinosu-informaciju-par-mediju-darbu-raksts","status":"publish","type":"post","link":"https:\/\/www.europesays.com\/lv\/57282\/","title":{"rendered":"Opoz\u012bcijas politi\u0137is \u0160lesers izplata maldino\u0161u inform\u0101ciju par mediju darbu \/ Raksts"},"content":{"rendered":"<p>Opoz\u012bcijas partijas &#8220;Latvija pirmaj\u0101 viet\u0101&#8221; l\u012bderis Ain\u0101rs \u0160lesers s\u016bdzas par medijiem \u2013 tie neesot atspogu\u013coju\u0161i opoz\u012bcijas protestus pand\u0113mijas laik\u0101 un nedodot v\u0101rdu vi\u0146a deput\u0101tei par bud\u017eeta sarun\u0101m.\u00a0<\/p>\n<p style=\"text-align:left\">Protest\u0101 pret izst\u0101\u0161anos no Stambulas konvencijas pulc\u0113j\u0101s vismaz 10 t\u016bksto\u0161i cilv\u0113ku \u2013 \u0161\u0101da veida akcij\u0101s p\u0113d\u0113jos gados liel\u0101kais dal\u012bbnieku skaits. Vair\u0101ki partijas &#8220;Latvija pirmaj\u0101 viet\u0101&#8221; politi\u0137i soci\u0101lajos medijos pauda sa\u0161utumu, ka \u0161o protesta akciju pla\u0161i atspogu\u013coja mediji. Partijas l\u012bderis \u0160lesers k\u0101du savu ierakstu s\u0101ka ar to, ka pand\u0113mijas laik\u0101 mediji atteiku\u0161ies atspogu\u013cot akcijas pret &#8220;Vienot\u012bbas&#8221; politiku.\u00a0<\/p>\n<p style=\"text-align:left\">&#8220;Kad Covid laik\u0101 notika protesti pret &#8220;Vienot\u012bbas&#8221; realiz\u0113to politiku, kad tika padz\u012bti visi valsts sektor\u0101 str\u0101d\u0101jo\u0161ie, kuri atteic\u0101s pot\u0113ties, LTV un citi sabiedriskie mediji un ar\u012b nopirktie priv\u0101tie mediji, kuri sa\u0146em naudu no SIF, Sabiedr\u012bbas integr\u0101cijas fonda, atteic\u0101s atspogu\u013cot \u0161os protestus!&#8221; apgalvo \u0160lesers.\u00a0<\/p>\n<blockquote>\n<p style=\"text-align:left\">T\u0101 nav taisn\u012bba. Gan sabiedrisk\u0101 telev\u012bzija, gan radio, gan priv\u0101tie mediji atspogu\u013coja pand\u0113mijas laika protestus.\u00a0<\/p>\n<\/blockquote>\n<p style=\"text-align:left\">&#8220;R\u012bg\u0101 piedz\u012bvoti liel\u0101kie iedz\u012bvot\u0101ju protesti kop\u0161 pand\u0113mijas s\u0101kuma,&#8221; 2021. gada august\u0101 <a href=\"https:\/\/www.lsm.lv\/raksts\/zinas\/latvija\/rigas-centra-aptuveni-4000-cilveku-pulcejusies-protesta-pret-obligatu-covid-19-vakcinaciju.a417559\/\" class=\"lsm-link\" data-type=\"article\" data-id=\"417559\" rel=\"nofollow noopener\" target=\"_blank\">zi\u0146oja<\/a> Latvijas Telev\u012bzija.\u00a0<\/p>\n<p style=\"text-align:left\">Tie\u0161raid\u0113 par notieko\u0161o st\u0101st\u012bja ar\u012b <a href=\"https:\/\/latvijasradio.lsm.lv\/lv\/lr\/arhivs\/?__uri=lv\/lr\/arhivs\/&amp;adv=1&amp;channel=1&amp;d=18&amp;d2=&amp;keyword=&amp;m=8&amp;m2=&amp;y=2021&amp;y2=&amp;page=1\" target=\"_blank\" rel=\"nofollow noopener\">Latvijas Radio zi\u0146\u0101s<\/a>.\u00a0<\/p>\n<p style=\"text-align:left\">&#8220;Pa\u0161laik atrodos Vecr\u012bg\u0101 pie prezidenta pils. Nov\u0113roju, ka ir sapulc\u0113ju\u0161ies vair\u0101ki t\u016bksto\u0161i cilv\u0113ku. Viss pagaid\u0101m norit mier\u012bgi,&#8221; v\u0113st\u012bja LR korespondents.\u00a0<\/p>\n<p style=\"text-align:left\">Toreiz protests pulc\u0113ja apm\u0113ram 4000 cilv\u0113ku. Par to zi\u0146oja ar\u012b, piem\u0113ram, port\u0101ls <a href=\"https:\/\/www.tvnet.lv\/7318457\/video-piketa-pie-rigas-pils-pret-valdibu-un-vakcinaciju-vienojas-slesera-un-gobzema-atbalstitaji\" target=\"_blank\" rel=\"nofollow noopener\">&#8220;TVnet&#8221;<\/a> un gandr\u012bz divu stundu tie\u0161raid\u0113 <a href=\"https:\/\/www.youtube.com\/watch?v=o-2NcPbSLxA\" target=\"_blank\" rel=\"nofollow noopener\">port\u0101ls &#8220;Delfi&#8221;<\/a>.\u00a0<\/p>\n<p style=\"text-align:left\">Mediji atspogu\u013coja ar\u012b protestus pret Kri\u0161j\u0101\u0146a Kari\u0146a vald\u012bbu un t\u0101s \u012bstenoto politiku 2023. gada pavasar\u012b un vasar\u0101.\u00a0<\/p>\n<p style=\"text-align:left\">&#8220;Saeim\u0101 str\u0101d\u0101jo\u0161\u0101s opoz\u012bcijas partijas &#8220;Latvija pirmaj\u0101 viet\u0101&#8221; r\u012bkot\u0101 protesta akcij\u0101 &#8220;Vienot\u012bbas&#8221; vald\u012bbas g\u0101\u0161anai pie Br\u012bv\u012bbas pieminek\u013ca \u0161odien pulc\u0113j\u0101s ap 500 cilv\u0113ku,&#8221; <a href=\"https:\/\/www.lsm.lv\/raksts\/zinas\/latvija\/26.08.2023-slesera-partijas-rikotaja-protesta-akcija-pulcejas-ap-500-cilveku.a521653\/\" class=\"lsm-link\" data-type=\"article\" data-id=\"521653\" rel=\"nofollow noopener\" target=\"_blank\">zi\u0146oja<\/a> Latvijas Telev\u012bzija.\u00a0<\/p>\n<blockquote>\n<p style=\"text-align:left\">Par protestiem <a href=\"https:\/\/tv3.lv\/zinas\/latvija\/politika\/mums-pietiek-pie-brivibas-pieminekla-notiek-protests-pret-valdibu\/\" target=\"_blank\" rel=\"nofollow noopener\">v\u0113st\u012bja<\/a> ar\u012b TV3 zi\u0146as; pats \u0160lesers \u0113ter\u0101 st\u0101st\u012bja: &#8220;Realit\u0101te ir t\u0101da, ka m\u0113s \u0161odien esam vien\u012bgie, kas ir nost\u0101ju\u0161ies pret Kari\u0146a un Levita re\u017e\u012bmu.&#8221;\u00a0<\/p>\n<\/blockquote>\n<p style=\"text-align:left\">\u0160lesers uz m\u016bsu centieniem sazin\u0101ties neatbild\u0113ja.\u00a0<\/p>\n<p style=\"text-align:left\">Sabiedriskajiem medijiem \u0160lesers p\u0101rmet ar\u012b to, k\u0101 tie atspogu\u013co vasts bud\u017eeta apsprie\u0161anu. Vi\u0146\u0161 rakst\u012bja par 5. novembra Saeimas s\u0113di:\u00a0<\/p>\n<p style=\"text-align:left\">&#8220;Vakar, kad Saeim\u0101 notika debates par bud\u017eetu un par Stambulas konvenciju, partijas &#8220;Latvija pirmaj\u0101 viet\u0101&#8221; viedokli pauda LPV Saeimas frakcijas vad\u012bt\u0101ja Linda Liepi\u0146a, kuras viedokli nemaz neatspogu\u013coja LTV &#8220;Panor\u0101ma&#8221; sav\u0101 si\u017eet\u0101, jo vi\u0146as teiktais nepatika progres\u012bv\u0101s &#8220;Vienot\u012bbas&#8221; varai!&#8221;\u00a0<\/p>\n<blockquote>\n<p style=\"text-align:left\">Divarpus min\u016b\u0161u garaj\u0101 LTV &#8220;Panor\u0101mas&#8221; si\u017eet\u0101 tie\u0161\u0101m <a href=\"https:\/\/www.youtube.com\/watch?v=mIM6CW7-HOo\" target=\"_blank\" rel=\"nofollow noopener\">neatspogu\u013coja<\/a> Liepi\u0146as teikto. Ta\u010du \u0160lesers noklus\u0113, ka si\u017eet\u0101 izskan\u0113ja citas LPV deput\u0101tes \u2013 Ramonas Petravi\u010das \u2013 teiktais.\u00a0<\/p>\n<\/blockquote>\n<p style=\"text-align:left\">&#8220;Bud\u017eets ir politikas spogulis. Tas par\u0101da, kas \u0161ai vald\u012bbai ir patiesi svar\u012bgi. Un diem\u017e\u0113l \u0161is spogulis r\u0101da vald\u012bbu bez redz\u0113juma, bez drosmes un bez atbild\u012bbas,&#8221; si\u017eet\u0101 cit\u0113ta Petravi\u010da.\u00a0<\/p>\n<p style=\"text-align:left\">Turkl\u0101t n\u0101kamaj\u0101 dien\u0101 LTV raid\u012bjum\u0101 &#8220;R\u012bta Panor\u0101ma&#8221; se\u0161as min\u016btes par bud\u017eetu tie\u0161raid\u0113 <a href=\"https:\/\/replay.lsm.lv\/lv\/skaties\/ieraksts\/ltv\/365949\/nakama-gada-valsts-budzeta-projekts-un-prioritates\" target=\"_blank\" rel=\"nofollow noopener\">interv\u0113ja<\/a> v\u0113l vienu LPV Saeimas deput\u0101ti Ilzi Stobovu.\u00a0<\/p>\n<p style=\"text-align:left\"><a href=\"https:\/\/journals.sagepub.com\/doi\/10.1177\/0267323121991334\" target=\"_blank\" rel=\"nofollow noopener\">P\u0113d\u0113jos gados<\/a> vis\u0101 pasaul\u0113 ir augu\u0161i populistu uzbrukumi medijiem. Spilgt\u0101kais piem\u0113rs Rietumos ir ASV prezidents Donalds Tramps, kur\u0161 <a href=\"https:\/\/www.lsm.lv\/raksts\/zinas\/arzemes\/19.09.2025-tramps-versas-pret-vinu-kritizejosiem-medijiem-asv-pieaug-bazas-par-varda-brivibu.a615132\/\" class=\"lsm-link\" data-type=\"article\" data-id=\"615132\" rel=\"nofollow noopener\" target=\"_blank\">v\u0113rsies<\/a> pret vi\u0146u kritiz\u0113jo\u0161iem medijiem, publiski atbalst\u012bjis ASV sarunu \u0161ovu <a href=\"https:\/\/www.lsm.lv\/raksts\/zinas\/arzemes\/18.09.2025-pec-izteikumiem-par-nogalinato-aktivistu-kerku-partrauc-raidit-asv-popularo-kimmela-sovu.a614835\/\" class=\"lsm-link\" data-type=\"article\" data-id=\"614835\" rel=\"nofollow noopener\" target=\"_blank\">aptur\u0113\u0161anu<\/a>, ar\u012b sol\u012bjis <a href=\"https:\/\/www.tvnet.lv\/8362117\/tramps-pazino-ka-iesudzes-tiesa-bbc\" target=\"_blank\" rel=\"nofollow noopener\">ies\u016bdz\u0113t ties\u0101<\/a> britu raidsabiedr\u012bbu BBC par vi\u0146a runas redi\u0123\u0113\u0161anu un piepras\u012bt summu no viena l\u012bdz pieciem miljardiem ASV dol\u0101ru. Tikm\u0113r Igaunij\u0101 opoz\u012bcijas partija EKRE novembr\u012b pat <a href=\"https:\/\/news.err.ee\/1609856196\/estonian-opposition-party-ekre-submits-bill-to-close-down-public-broadcaster-err\" target=\"_blank\" rel=\"nofollow noopener\">rosin\u0101ja sl\u0113gt\u00a0<\/a> sabiedrisko mediju EER.<\/p>\n<p>                    Valodas k\u013c\u016bda rakst\u0101?<\/p>\n<p class=\"d-none d-md-block\">Iez\u012bm\u0113jiet tekstu un spiediet Ctrl+Enter, lai nos\u016bt\u012btu labojamo teksta fragmentu redaktoram! Par faktu k\u013c\u016bd\u0101m l\u016bdzam zi\u0146ot e-past\u0101 <a href=\"https:\/\/www.lsm.lv\/cdn-cgi\/l\/email-protection\" class=\"__cf_email__\" data-cfemail=\"c3b1a6a7a2a8a0aaa9a283afb0aeedafb5\" rel=\"nofollow noopener\" target=\"_blank\">[email\u00a0protected]<\/a>.<\/p>\n<p class=\"d-md-none\">Iez\u012bm\u0113jiet tekstu un spiediet uz Zi\u0146ot par k\u013c\u016bdu pogas, lai nos\u016bt\u012btu labojamo teksta fragmentu redaktoram!<\/p>\n<p>\n                    Zi\u0146ot par k\u013c\u016bdu\n                <\/p>\n","protected":false},"excerpt":{"rendered":"Opoz\u012bcijas partijas &#8220;Latvija pirmaj\u0101 viet\u0101&#8221; l\u012bderis Ain\u0101rs \u0160lesers s\u016bdzas par medijiem \u2013 tie neesot atspogu\u013coju\u0161i opoz\u012bcijas protestus pand\u0113mijas&hellip;\n","protected":false},"author":2,"featured_media":57283,"comment_status":"","ping_status":"","sticky":false,"template":"","format":"standard","meta":{"footnotes":""},"categories":[12],"tags":[23,28,29,32,33,22,30,31,35,39,38,36,37,34,40,20,26,27,24,25,21],"class_list":{"0":"post-57282","1":"post","2":"type-post","3":"status-publish","4":"format-standard","5":"has-post-thumbnail","7":"category-latvija","8":"tag-aktualitates","9":"tag-breaking-news","10":"tag-breakingnews","11":"tag-featured-news","12":"tag-featurednews","13":"tag-headlines","14":"tag-latest-news","15":"tag-latestnews","16":"tag-latvia","17":"tag-latvian","18":"tag-latviesu","19":"tag-latviesu-valoda","20":"tag-latviesuvaloda","21":"tag-latvija","22":"tag-lv","23":"tag-news","24":"tag-popularakas-zinas","25":"tag-popularakaszinas","26":"tag-top-stories","27":"tag-topstories","28":"tag-zinas"},"share_on_mastodon":{"url":"https:\/\/pubeurope.com\/@lv\/115603612822548647","error":""},"_links":{"self":[{"href":"https:\/\/www.europesays.com\/lv\/wp-json\/wp\/v2\/posts\/57282","targetHints":{"allow":["GET"]}}],"collection":[{"href":"https:\/\/www.europesays.com\/lv\/wp-json\/wp\/v2\/posts"}],"about":[{"href":"https:\/\/www.europesays.com\/lv\/wp-json\/wp\/v2\/types\/post"}],"author":[{"embeddable":true,"href":"https:\/\/www.europesays.com\/lv\/wp-json\/wp\/v2\/users\/2"}],"replies":[{"embeddable":true,"href":"https:\/\/www.europesays.com\/lv\/wp-json\/wp\/v2\/comments?post=57282"}],"version-history":[{"count":0,"href":"https:\/\/www.europesays.com\/lv\/wp-json\/wp\/v2\/posts\/57282\/revisions"}],"wp:featuredmedia":[{"embeddable":true,"href":"https:\/\/www.europesays.com\/lv\/wp-json\/wp\/v2\/media\/57283"}],"wp:attachment":[{"href":"https:\/\/www.europesays.com\/lv\/wp-json\/wp\/v2\/media?parent=57282"}],"wp:term":[{"taxonomy":"category","embeddable":true,"href":"https:\/\/www.europesays.com\/lv\/wp-json\/wp\/v2\/categories?post=57282"},{"taxonomy":"post_tag","embeddable":true,"href":"https:\/\/www.europesays.com\/lv\/wp-json\/wp\/v2\/tags?post=57282"}],"curies":[{"name":"wp","href":"https:\/\/api.w.org\/{rel}","templated":true}]}}