{"id":57340,"date":"2025-11-24T08:52:07","date_gmt":"2025-11-24T08:52:07","guid":{"rendered":"https:\/\/www.europesays.com\/lv\/57340\/"},"modified":"2025-11-24T08:52:07","modified_gmt":"2025-11-24T08:52:07","slug":"desmit-gadus-ilga-tiesvediba-par-koncertzali-riga-turpinas-eka-paliek-slegta-lente-lv","status":"publish","type":"post","link":"https:\/\/www.europesays.com\/lv\/57340\/","title":{"rendered":"Desmit gadus ilg\u0101 tiesved\u012bba par koncertz\u0101li &#8220;R\u012bga&#8221; turpin\u0101s; \u0113ka paliek sl\u0113gta\u00a0\u2014\u00a0Lente.lv"},"content":{"rendered":"<p>Str\u012bds par koncertz\u0101li &#8220;R\u012bga&#8221; turpin\u0101s jau desmit gadus<\/p>\n<p>P\u0113c desmit gadus ilgas un aizvien nerisin\u0101tas ties\u0101\u0161an\u0101s, ikonisk\u0101 koncertz\u0101le &#8220;R\u012bga&#8221; joproj\u0101m st\u0101v sl\u0113gta, radot vil\u0161anos un jaut\u0101jumus par t\u0101s n\u0101kotni. Augst\u0101k\u0101 tiesa nesen atc\u0113lusi Zemgales apgabaltiesas l\u0113mumu, kas noteica, ka Latvijas Zin\u0101t\u0146u akad\u0113mijai bija j\u0101atmaks\u0101 447 t\u016bksto\u0161i eiro producentam Jurim Milleram par vi\u0146a ieguld\u012bjumiem z\u0101les izveid\u0113. \u0160is nol\u0113mums noz\u012bm\u0113, ka lieta tiek nodota atpaka\u013c apgabaltiesai atk\u0101rtotai izskat\u012b\u0161anai, pagarinot jau t\u0101 ilgo d\u012bkst\u0101vi.<\/p>\n<p>Koncertz\u0101les &#8220;R\u012bga&#8221; aizmirst\u012bba un zaud\u0113t\u0101s v\u0113rt\u012bbas<\/p>\n<p>Desmit gadus ilg\u0101 tiesved\u012bba ir atst\u0101jusi dzi\u013cas r\u0113tas uz koncertz\u0101les &#8220;R\u012bga&#8221; sp\u0113ju atdz\u012bvoties. Ilg\u0101s d\u012bkst\u0101ves laik\u0101 z\u0101le ir zaud\u0113jusi savu s\u0101kotn\u0113jo funkcion\u0101lo sp\u0113ju nodro\u0161in\u0101t koncertu norisi. Daudzas svar\u012bgas iek\u0101rtas, piem\u0113ram, s\u0113dvietas un apgaismo\u0161anas sist\u0113mas, ir jau p\u0101rdotas un atradu\u0161as jaunus \u012bpa\u0161niekus. Tas rada skum\u012bgu ainu par k\u0101dreiz\u0113jo kult\u016bras centru, kas tagad saskaras ar nopietniem \u0161\u0137\u0113r\u0161\u013ciem atgriezties aprit\u0113.<\/p>\n<p>Juridiskais mezgls un t\u0101 sekas<\/p>\n<p>Str\u012bds starp Latvijas Zin\u0101t\u0146u akad\u0113miju un Juriju Milleru ir k\u013cuvis par sare\u017e\u0123\u012btu juridisku mezglu, kas turpina vilkties gadiem ilgi. Augst\u0101k\u0101s tiesas l\u0113mums atcelt apgabaltiesas agr\u0101ko spriedumu v\u0113lreiz par\u0101da, cik komplic\u0113ta ir \u0161\u012b lieta. Atgrie\u017eot lietu atk\u0101rtotai izskat\u012b\u0161anai, tiek rad\u012bta v\u0113l liel\u0101ka nenoteikt\u012bba par to, kad un k\u0101 \u0161is str\u012bds beidzot tiks atrisin\u0101ts. Tikm\u0113r pils\u0113ta un t\u0101s iedz\u012bvot\u0101ji turpina ilgoties p\u0113c funkcion\u0113jo\u0161as koncertz\u0101les.<\/p>\n<p>Cer\u012bbas uz atdz\u012bvo\u0161anos \u2013 vai t\u0101s ir re\u0101las?<\/p>\n<p>Lai gan situ\u0101cija ir dr\u016bma, da\u017ei cer, ka \u0161is jaun\u0101kais tiesas l\u0113mums var\u0113tu b\u016bt s\u0101kums jaunam posmam lietas izskat\u012b\u0161an\u0101. Tom\u0113r, \u0146emot v\u0113r\u0101 jau aizvad\u012bto laika periodu un faktisko st\u0101vokli, kur\u0101 atrodas koncertz\u0101le &#8220;R\u012bga&#8221;, atdz\u012bvo\u0161an\u0101s process b\u016btu \u0101rk\u0101rt\u012bgi sare\u017e\u0123\u012bts un finansi\u0101li ietilp\u012bgs. Nepiecie\u0161ams ne tikai atrisin\u0101t juridisko str\u012bdu, bet ar\u012b atjaunot telpas, kas ir gandr\u012bz vai k\u0101 uzcelt jaunu \u0113ku no jauna. Vai \u0161\u0101ds izaicin\u0101jums ir re\u0101ls, pagaid\u0101m paliek jaut\u0101jums bez skaidras atbildes.<\/p>\n","protected":false},"excerpt":{"rendered":"Str\u012bds par koncertz\u0101li &#8220;R\u012bga&#8221; turpin\u0101s jau desmit gadus P\u0113c desmit gadus ilgas un aizvien nerisin\u0101tas ties\u0101\u0161an\u0101s, ikonisk\u0101 koncertz\u0101le&hellip;\n","protected":false},"author":2,"featured_media":57341,"comment_status":"","ping_status":"","sticky":false,"template":"","format":"standard","meta":{"footnotes":""},"categories":[5],"tags":[23,28,29,32,33,22,12647,30,31,35,39,38,36,37,34,40,20,26,27,24,25,21],"class_list":{"0":"post-57340","1":"post","2":"type-post","3":"status-publish","4":"format-standard","5":"has-post-thumbnail","7":"category-aktualitates","8":"tag-aktualitates","9":"tag-breaking-news","10":"tag-breakingnews","11":"tag-featured-news","12":"tag-featurednews","13":"tag-headlines","14":"tag-koncertzale","15":"tag-latest-news","16":"tag-latestnews","17":"tag-latvia","18":"tag-latvian","19":"tag-latviesu","20":"tag-latviesu-valoda","21":"tag-latviesuvaloda","22":"tag-latvija","23":"tag-lv","24":"tag-news","25":"tag-popularakas-zinas","26":"tag-popularakaszinas","27":"tag-top-stories","28":"tag-topstories","29":"tag-zinas"},"share_on_mastodon":{"url":"https:\/\/pubeurope.com\/@lv\/115603829281760212","error":""},"_links":{"self":[{"href":"https:\/\/www.europesays.com\/lv\/wp-json\/wp\/v2\/posts\/57340","targetHints":{"allow":["GET"]}}],"collection":[{"href":"https:\/\/www.europesays.com\/lv\/wp-json\/wp\/v2\/posts"}],"about":[{"href":"https:\/\/www.europesays.com\/lv\/wp-json\/wp\/v2\/types\/post"}],"author":[{"embeddable":true,"href":"https:\/\/www.europesays.com\/lv\/wp-json\/wp\/v2\/users\/2"}],"replies":[{"embeddable":true,"href":"https:\/\/www.europesays.com\/lv\/wp-json\/wp\/v2\/comments?post=57340"}],"version-history":[{"count":0,"href":"https:\/\/www.europesays.com\/lv\/wp-json\/wp\/v2\/posts\/57340\/revisions"}],"wp:featuredmedia":[{"embeddable":true,"href":"https:\/\/www.europesays.com\/lv\/wp-json\/wp\/v2\/media\/57341"}],"wp:attachment":[{"href":"https:\/\/www.europesays.com\/lv\/wp-json\/wp\/v2\/media?parent=57340"}],"wp:term":[{"taxonomy":"category","embeddable":true,"href":"https:\/\/www.europesays.com\/lv\/wp-json\/wp\/v2\/categories?post=57340"},{"taxonomy":"post_tag","embeddable":true,"href":"https:\/\/www.europesays.com\/lv\/wp-json\/wp\/v2\/tags?post=57340"}],"curies":[{"name":"wp","href":"https:\/\/api.w.org\/{rel}","templated":true}]}}