{"id":57354,"date":"2025-11-24T09:15:10","date_gmt":"2025-11-24T09:15:10","guid":{"rendered":"https:\/\/www.europesays.com\/lv\/57354\/"},"modified":"2025-11-24T09:15:10","modified_gmt":"2025-11-24T09:15:10","slug":"ugunsgreka-valmieras-novada-gajis-boja-cilveks","status":"publish","type":"post","link":"https:\/\/www.europesays.com\/lv\/57354\/","title":{"rendered":"Ugunsgr\u0113k\u0101 Valmieras novad\u0101 g\u0101jis boj\u0101 cilv\u0113ks"},"content":{"rendered":"<p>Ap plkst. 22 <a href=\"https:\/\/www.tvnet.lv\/term\/555464\/vugd\" class=\"topicLink\" target=\"_blank\" rel=\"nofollow noopener\">VUGD<\/a> sa\u0146\u0113ma izsaukumu uz Valmieras novadu, kur ar atkl\u0101tu liesmu dega vienst\u0101va koka dz\u012bvojam\u0101 m\u0101ja 80 kvadr\u0101tmetru plat\u012bb\u0101.<\/p>\n<p>Pirms VUGD iera\u0161an\u0101s no \u0113kas evaku\u0113j\u0101s cilv\u0113ks. Ugunsdz\u0113s\u0113ju iera\u0161an\u0101s br\u012bdi \u0113ka dega piln\u0101 plat\u012bb\u0101 un tai bija iebrucis jumts. P\u0101rmekl\u0113jot telpas, atrasts boj\u0101g\u0101jis cilv\u0113ks.<\/p>\n<p>T\u0101pat sv\u0113tdienas vakar\u0101 gl\u0101b\u0113ji dev\u0101s uz Vies\u012btes ielu J\u0113kabpil\u012b. Notikuma viet\u0101 piecst\u0101vu dz\u012bvojam\u0101s m\u0101jas pirm\u0101 st\u0101va dz\u012bvokl\u012b dega bez uzraudz\u012bbas atst\u0101ts piededzis \u0113diens. No pied\u016bmot\u0101 dz\u012bvok\u013ca tika izgl\u0101bts viens cilv\u0113ks, kur\u0161 notikum\u0101 cieta.<\/p>\n<p>Sv\u0113tdienas vakar\u0101 gl\u0101b\u0113ji dev\u0101s ar\u012b uz Jelgavas novada Kalnciema pagastu, kur dega vienst\u0101va saimniec\u012bbas \u0113ka piln\u0101 200 kvadr\u0101tmetru plat\u012bb\u0101. Ugunsdz\u0113s\u0113jiem no liesm\u0101s izdev\u0101s nosarg\u0101t blakus eso\u0161o \u0113ku. Vakar ugunsgr\u0113ks lokaliz\u0113ts, \u0161or\u012bt darbs notikuma viet\u0101 turpin\u0101s.<\/p>\n","protected":false},"excerpt":{"rendered":"Ap plkst. 22 VUGD sa\u0146\u0113ma izsaukumu uz Valmieras novadu, kur ar atkl\u0101tu liesmu dega vienst\u0101va koka dz\u012bvojam\u0101 m\u0101ja&hellip;\n","protected":false},"author":2,"featured_media":57355,"comment_status":"","ping_status":"","sticky":false,"template":"","format":"standard","meta":{"footnotes":""},"categories":[12],"tags":[23,28,29,32,33,22,30,31,35,39,38,36,37,34,40,20,26,27,24,25,3456,4908,21],"class_list":{"0":"post-57354","1":"post","2":"type-post","3":"status-publish","4":"format-standard","5":"has-post-thumbnail","7":"category-latvija","8":"tag-aktualitates","9":"tag-breaking-news","10":"tag-breakingnews","11":"tag-featured-news","12":"tag-featurednews","13":"tag-headlines","14":"tag-latest-news","15":"tag-latestnews","16":"tag-latvia","17":"tag-latvian","18":"tag-latviesu","19":"tag-latviesu-valoda","20":"tag-latviesuvaloda","21":"tag-latvija","22":"tag-lv","23":"tag-news","24":"tag-popularakas-zinas","25":"tag-popularakaszinas","26":"tag-top-stories","27":"tag-topstories","28":"tag-valmieras-novads","29":"tag-vugd","30":"tag-zinas"},"share_on_mastodon":{"url":"https:\/\/pubeurope.com\/@lv\/115603919670714822","error":""},"_links":{"self":[{"href":"https:\/\/www.europesays.com\/lv\/wp-json\/wp\/v2\/posts\/57354","targetHints":{"allow":["GET"]}}],"collection":[{"href":"https:\/\/www.europesays.com\/lv\/wp-json\/wp\/v2\/posts"}],"about":[{"href":"https:\/\/www.europesays.com\/lv\/wp-json\/wp\/v2\/types\/post"}],"author":[{"embeddable":true,"href":"https:\/\/www.europesays.com\/lv\/wp-json\/wp\/v2\/users\/2"}],"replies":[{"embeddable":true,"href":"https:\/\/www.europesays.com\/lv\/wp-json\/wp\/v2\/comments?post=57354"}],"version-history":[{"count":0,"href":"https:\/\/www.europesays.com\/lv\/wp-json\/wp\/v2\/posts\/57354\/revisions"}],"wp:featuredmedia":[{"embeddable":true,"href":"https:\/\/www.europesays.com\/lv\/wp-json\/wp\/v2\/media\/57355"}],"wp:attachment":[{"href":"https:\/\/www.europesays.com\/lv\/wp-json\/wp\/v2\/media?parent=57354"}],"wp:term":[{"taxonomy":"category","embeddable":true,"href":"https:\/\/www.europesays.com\/lv\/wp-json\/wp\/v2\/categories?post=57354"},{"taxonomy":"post_tag","embeddable":true,"href":"https:\/\/www.europesays.com\/lv\/wp-json\/wp\/v2\/tags?post=57354"}],"curies":[{"name":"wp","href":"https:\/\/api.w.org\/{rel}","templated":true}]}}