{"id":57374,"date":"2025-11-24T09:32:08","date_gmt":"2025-11-24T09:32:08","guid":{"rendered":"https:\/\/www.europesays.com\/lv\/57374\/"},"modified":"2025-11-24T09:32:08","modified_gmt":"2025-11-24T09:32:08","slug":"krievija-nakti-uz-pirmdienu-uzbrukusi-ukrainai-ar-162-droniem-tvnet","status":"publish","type":"post","link":"https:\/\/www.europesays.com\/lv\/57374\/","title":{"rendered":"Krievija nakt\u012b uz pirmdienu uzbrukusi Ukrainai ar 162 droniem &#8211; TVNET"},"content":{"rendered":"<ol>\n<li><a href=\"https:\/\/news.google.com\/rss\/articles\/CBMilAFBVV95cUxNUDZ1SV9POWFYYnc1eDZDWTh5TzhMSGg3UWpkUG5SN08zMzhOclZFU2lxZFN5RjVQbFUwODZ3MHZkYUx6MUNzMzVsbDdaVmtpZkpEN1FJRzNlcXJ3NzBlNGF3eGxGdDBfXzJ1UmN2ZU94OFdOZ1ZwVFo3cFMtRzMya2xjYlQ5S05oUzRtbHJTNmd6ZmJV?oc=5\" target=\"_blank\" rel=\"nofollow noopener\">Krievija nakt\u012b uz pirmdienu uzbrukusi Ukrainai ar 162 droniem<\/a>&nbsp;&nbsp;TVNET<\/li>\n<li><a href=\"https:\/\/news.google.com\/rss\/articles\/CBMihwFBVV95cUxNeFE2N29ZRmZZWkNaMDRfWTAxQVdSdWtkVzFmamp2Uko3OGJqM0ptS0JsYUM4OTZBUzlaVnpzemZZMnhUcU40QTBYRFJnS3k3WU5LaF9FQXI2RVg4U3VudjZzR0RzT0ZvV25TM3Fuak9ONXhJVm5IWTZUZ01pMlR5dDIxMlBEelU?oc=5\" target=\"_blank\" rel=\"nofollow noopener\">Krievijas dronu triecien\u0101 Harkiv\u0101 \u010detri nogalin\u0101tie<\/a>&nbsp;&nbsp;TVNET<\/li>\n<li><a href=\"https:\/\/news.google.com\/rss\/articles\/CBMipwNBVV95cUxNZVFkTm1ENEIwaDVtejM3aXp1Q1B0X2d6dnAzNS0yelhCdEtiLVRsS09YZE9MY2U1NXVUTUhMb2VZWUNRSExPY3gybWc2VHJkZTFkZm5qZDhTTVhtVno2SDh4ZUpjcDl4cUx3dHdWWlNGU29BSm54cm5rLXQyblFjMldwMTBnNHpRUFNSVW5PTm13Rl94dUE5dUJmaUU0ZHhjV1dyZFA3LTB0aUNnamdCWVZ1ZU9tVUY0TUluSkhIOUxxUFhOMFhDZTJEdnNfYnVxcGE0RXRBQXNUWEJkOXo2WUE3aDd5M3Z6M0lDbTFnZ01VV3AxSmMyWlprX29fWE9YWlBILTlOdzdIOFY3eGNDdExQa3kzcHlTLVFfTTRQS2lLNklmNWdtRXBWYVNPdTR6MGhJd2VDNGVZcFRFeG11bDNVNDNUNTZ3NkxZeXA4NWdHLUdLeC10TlBBS2xOeTdiOFFvVHdYak91U0pLYkplWEZ2RzM4aFpYQy1SWXAtVVZFcGNwam1DajJFenI0d0dXZnd0c0hlSEJ0ZmQwcGF2ZGxpTEpkM3M?oc=5\" target=\"_blank\" rel=\"nofollow noopener\">Ternopi\u013c\u0101 nogalin\u0101ta septi\u0146us gadus veca Polijas pilsone un vi\u0146as mamma<\/a>&nbsp;&nbsp;Jauns.lv<\/li>\n<li><a href=\"https:\/\/news.google.com\/rss\/articles\/CBMikgFBVV95cUxOZzhZVUFFSjlfRVFmNmFjTl9JN2VHbmptUDc3bF8tWjhWYnFpZUZHZUZTU0VpOXlNM2V3T2hCNnNfQkZEcGJOVWdiOEt2QTdWdkxNR3RUTDZzUHp3ZTBMVndEQjRPVUR5T0pEQ0lBMHRwTGFfSHkyZTUyQ0FEU3VHeWllX25SQ05jYmd2TnZQOHBxQQ?oc=5\" target=\"_blank\" rel=\"nofollow noopener\">Ternopi\u013c\u0101 pabeigti gl\u0101b\u0161anas darbi p\u0113c Krievijas trieciena<\/a>&nbsp;&nbsp;Apollo.lv<\/li>\n<li><a href=\"https:\/\/news.google.com\/rss\/articles\/CBMisgFBVV95cUxPdlNKYmhlRmNudXNUTTY4N09OVEJtbl9IWDEzMWRYNThxdFA3Wnkxa0NsT0tqYTdUMWNNSU1TUXlHNGpZdTh2LVpyY2w1QTB3S2JMZ0RiTTFsdDFWZEY3aWt1d2RhMjBNT0tENE16bW5ad2dyWDhvSjhCcS15cGRSWkpwWUZReGh3ZGRCdVQzVkdwdThNQWpvYzA4SGZfQ1VQQjJwWVUxelJmLVdiVjNEcmVn?oc=5\" target=\"_blank\" rel=\"nofollow noopener\">Krievijas triecien\u0101 Ukrainai 20 nogalin\u0101tie un desmitiem cietu\u0161o<\/a>&nbsp;&nbsp;Delfi<\/li>\n<\/ol>\n","protected":false},"excerpt":{"rendered":"Krievija nakt\u012b uz pirmdienu uzbrukusi Ukrainai ar 162 droniem&nbsp;&nbsp;TVNET Krievijas dronu triecien\u0101 Harkiv\u0101 \u010detri nogalin\u0101tie&nbsp;&nbsp;TVNET Ternopi\u013c\u0101 nogalin\u0101ta septi\u0146us&hellip;\n","protected":false},"author":2,"featured_media":57375,"comment_status":"","ping_status":"","sticky":false,"template":"","format":"standard","meta":{"footnotes":""},"categories":[14],"tags":[23,57,3700,28,29,32,33,22,234,74,30,31,35,39,38,36,37,34,40,20,26,27,24,25,276,54,55,56,21,58],"class_list":{"0":"post-57374","1":"post","2":"type-post","3":"status-publish","4":"format-standard","5":"has-post-thumbnail","7":"category-zinas-no-arvalstim","8":"tag-aktualitates","9":"tag-arvalstim","10":"tag-autoritarisma-ena-par-eiropu","11":"tag-breaking-news","12":"tag-breakingnews","13":"tag-featured-news","14":"tag-featurednews","15":"tag-headlines","16":"tag-krievija","17":"tag-krievijas-iebrukums-ukraina","18":"tag-latest-news","19":"tag-latestnews","20":"tag-latvia","21":"tag-latvian","22":"tag-latviesu","23":"tag-latviesu-valoda","24":"tag-latviesuvaloda","25":"tag-latvija","26":"tag-lv","27":"tag-news","28":"tag-popularakas-zinas","29":"tag-popularakaszinas","30":"tag-top-stories","31":"tag-topstories","32":"tag-ukraina","33":"tag-world","34":"tag-world-news","35":"tag-worldnews","36":"tag-zinas","37":"tag-zinas-no-arvalstim"},"share_on_mastodon":{"url":"https:\/\/pubeurope.com\/@lv\/115603986511262113","error":""},"_links":{"self":[{"href":"https:\/\/www.europesays.com\/lv\/wp-json\/wp\/v2\/posts\/57374","targetHints":{"allow":["GET"]}}],"collection":[{"href":"https:\/\/www.europesays.com\/lv\/wp-json\/wp\/v2\/posts"}],"about":[{"href":"https:\/\/www.europesays.com\/lv\/wp-json\/wp\/v2\/types\/post"}],"author":[{"embeddable":true,"href":"https:\/\/www.europesays.com\/lv\/wp-json\/wp\/v2\/users\/2"}],"replies":[{"embeddable":true,"href":"https:\/\/www.europesays.com\/lv\/wp-json\/wp\/v2\/comments?post=57374"}],"version-history":[{"count":0,"href":"https:\/\/www.europesays.com\/lv\/wp-json\/wp\/v2\/posts\/57374\/revisions"}],"wp:featuredmedia":[{"embeddable":true,"href":"https:\/\/www.europesays.com\/lv\/wp-json\/wp\/v2\/media\/57375"}],"wp:attachment":[{"href":"https:\/\/www.europesays.com\/lv\/wp-json\/wp\/v2\/media?parent=57374"}],"wp:term":[{"taxonomy":"category","embeddable":true,"href":"https:\/\/www.europesays.com\/lv\/wp-json\/wp\/v2\/categories?post=57374"},{"taxonomy":"post_tag","embeddable":true,"href":"https:\/\/www.europesays.com\/lv\/wp-json\/wp\/v2\/tags?post=57374"}],"curies":[{"name":"wp","href":"https:\/\/api.w.org\/{rel}","templated":true}]}}