{"id":57394,"date":"2025-11-24T09:44:08","date_gmt":"2025-11-24T09:44:08","guid":{"rendered":"https:\/\/www.europesays.com\/lv\/57394\/"},"modified":"2025-11-24T09:44:08","modified_gmt":"2025-11-24T09:44:08","slug":"krievija-nakti-uzbrukusi-ukrainai-ar-162-droniem","status":"publish","type":"post","link":"https:\/\/www.europesays.com\/lv\/57394\/","title":{"rendered":"Krievija nakt\u012b uzbrukusi Ukrainai ar 162 droniem"},"content":{"rendered":"<p>125 droni notriekti vai neitraliz\u0113ti ar radioelektroniskiem l\u012bdzek\u013ciem.<\/p>\n<p>Re\u0123istr\u0113ti 37 trieciendronu tr\u0101p\u012bjumi 15 viet\u0101s.<\/p>\n<p>Krievijas karasp\u0113ka dz\u012bv\u0101 sp\u0113ka zaud\u0113jumi Ukrain\u0101 l\u012bdz sv\u0113tdienas r\u012btam sasniegu\u0161i 1 166 450 karav\u012brus, zi\u0146o Ukrainas armijas \u0123ener\u0101l\u0161t\u0101bs.<\/p>\n<p>Saska\u0146\u0101 ar \u0123ener\u0101l\u0161t\u0101ba datiem diennakts laik\u0101 izn\u012bcin\u0101ti 1190 iebruc\u0113ji.<\/p>\n<p>Kop\u0161 atk\u0101rtot\u0101 iebrukuma s\u0101kuma 2022. gada 24. febru\u0101r\u012b <a href=\"https:\/\/www.apollo.lv\/term\/555452\/krievija\" class=\"topicLink\" target=\"_blank\" rel=\"nofollow noopener\">Krievija<\/a> zaud\u0113jusi 11 366 tankus, 23 620 bru\u0146utransportierus, 34 626 lielgabalus un m\u012bnmet\u0113jus, 1549 daudzl\u0101di\u0146u reakt\u012bv\u0101s iek\u0101rtas, 1248 zen\u012btartil\u0113rijas iek\u0101rtas, 428 lidma\u0161\u012bnas, 347 helikopterus, 83 769 bezpilota lidapar\u0101tus, 3981 sp\u0101rnoto ra\u0137eti, 28 ku\u0123us un \u0101trlaivas, vienu zem\u016bdeni, 68 006 automobi\u013cus un autocisternas, k\u0101 ar\u012b 4003 specializ\u0113t\u0101s tehnikas vien\u012bbas.<\/p>\n<p>Krievijas zaud\u0113jumu apm\u0113rs tiek preciz\u0113ts, jo inform\u0101cijas ieguvi trauc\u0113 karadarb\u012bba.<\/p>\n","protected":false},"excerpt":{"rendered":"125 droni notriekti vai neitraliz\u0113ti ar radioelektroniskiem l\u012bdzek\u013ciem. Re\u0123istr\u0113ti 37 trieciendronu tr\u0101p\u012bjumi 15 viet\u0101s. Krievijas karasp\u0113ka dz\u012bv\u0101 sp\u0113ka&hellip;\n","protected":false},"author":2,"featured_media":4614,"comment_status":"","ping_status":"","sticky":false,"template":"","format":"standard","meta":{"footnotes":""},"categories":[14],"tags":[23,57,28,29,32,33,22,234,74,30,31,35,39,38,36,37,34,40,20,26,27,24,25,276,54,55,56,21,58],"class_list":{"0":"post-57394","1":"post","2":"type-post","3":"status-publish","4":"format-standard","5":"has-post-thumbnail","7":"category-zinas-no-arvalstim","8":"tag-aktualitates","9":"tag-arvalstim","10":"tag-breaking-news","11":"tag-breakingnews","12":"tag-featured-news","13":"tag-featurednews","14":"tag-headlines","15":"tag-krievija","16":"tag-krievijas-iebrukums-ukraina","17":"tag-latest-news","18":"tag-latestnews","19":"tag-latvia","20":"tag-latvian","21":"tag-latviesu","22":"tag-latviesu-valoda","23":"tag-latviesuvaloda","24":"tag-latvija","25":"tag-lv","26":"tag-news","27":"tag-popularakas-zinas","28":"tag-popularakaszinas","29":"tag-top-stories","30":"tag-topstories","31":"tag-ukraina","32":"tag-world","33":"tag-world-news","34":"tag-worldnews","35":"tag-zinas","36":"tag-zinas-no-arvalstim"},"share_on_mastodon":{"url":"https:\/\/pubeurope.com\/@lv\/115604033696582687","error":""},"_links":{"self":[{"href":"https:\/\/www.europesays.com\/lv\/wp-json\/wp\/v2\/posts\/57394","targetHints":{"allow":["GET"]}}],"collection":[{"href":"https:\/\/www.europesays.com\/lv\/wp-json\/wp\/v2\/posts"}],"about":[{"href":"https:\/\/www.europesays.com\/lv\/wp-json\/wp\/v2\/types\/post"}],"author":[{"embeddable":true,"href":"https:\/\/www.europesays.com\/lv\/wp-json\/wp\/v2\/users\/2"}],"replies":[{"embeddable":true,"href":"https:\/\/www.europesays.com\/lv\/wp-json\/wp\/v2\/comments?post=57394"}],"version-history":[{"count":0,"href":"https:\/\/www.europesays.com\/lv\/wp-json\/wp\/v2\/posts\/57394\/revisions"}],"wp:featuredmedia":[{"embeddable":true,"href":"https:\/\/www.europesays.com\/lv\/wp-json\/wp\/v2\/media\/4614"}],"wp:attachment":[{"href":"https:\/\/www.europesays.com\/lv\/wp-json\/wp\/v2\/media?parent=57394"}],"wp:term":[{"taxonomy":"category","embeddable":true,"href":"https:\/\/www.europesays.com\/lv\/wp-json\/wp\/v2\/categories?post=57394"},{"taxonomy":"post_tag","embeddable":true,"href":"https:\/\/www.europesays.com\/lv\/wp-json\/wp\/v2\/tags?post=57394"}],"curies":[{"name":"wp","href":"https:\/\/api.w.org\/{rel}","templated":true}]}}