{"id":57407,"date":"2025-11-24T09:54:10","date_gmt":"2025-11-24T09:54:10","guid":{"rendered":"https:\/\/www.europesays.com\/lv\/57407\/"},"modified":"2025-11-24T09:54:10","modified_gmt":"2025-11-24T09:54:10","slug":"smitam-devini-punkti-zagars-atgriezas-laukuma","status":"publish","type":"post","link":"https:\/\/www.europesays.com\/lv\/57407\/","title":{"rendered":"\u0160mitam devi\u0146i punkti; \u017dagars atgrie\u017eas laukum\u0101"},"content":{"rendered":"<p>&#8220;Anadolu Efes&#8221; ar 79:86 (22:22, 25:25, 13:12, 19:27) zaud\u0113ja Bursas &#8220;Tofas&#8221;.<\/p>\n<p>\u0160mits laukum\u0101 bija 19 min\u016btes un septi\u0146as sekundes un realiz\u0113ja vienu no trijiem divu punktu metieniem, divus t\u0101lmetienus un vienu no diviem soda metieniem. Vi\u0146\u0161 ar\u012b izc\u0113l\u0101s statistik\u0101 ar tr\u012bs atl\u0113ku\u0161aj\u0101m bumb\u0101m, div\u0101m rezultat\u012bv\u0101m piesp\u0113l\u0113, piec\u0101m piez\u012bm\u0113m, diviem izprovoc\u0113tiem sodiem un nosl\u0113dza ma\u010du ar +\/- r\u0101d\u012bt\u0101ju +6 un efektivit\u0101tes koeficientu devi\u0146i.<\/p>\n<p>Stambulas komand\u0101 rezultat\u012bv\u0101kais ar 12 punktiem bija D\u017eordans Loids, bet v\u0113l 11 un desmit punktus guva attiec\u012bgi Briss Des\u0113rs un Niks Vellers-Babs, kur\u0161 ar\u012b izc\u012bn\u012bja asto\u0146as bumbas zem groziem.<\/p>\n<p>Bursas vien\u012bb\u0101 ar 18 punktiem un desmit rezultat\u012bv\u0101m piesp\u0113l\u0113m izc\u0113l\u0101s Alekss Peress.<\/p>\n<p>Cit\u0101 sp\u0113l\u0113 Art\u016bra \u017dagara p\u0101rst\u0101v\u0113t\u0101 Stambulas &#8220;Fenerbahce&#8221; m\u0101j\u0101s ar 92:84 (23:21, 18:24, 26:19, 25:20) uzvar\u0113ja &#8220;Bursaspor&#8221;.<\/p>\n<p>\u017dagars, dodoties laukum\u0101 pirmo reizi kop\u0161 oktobra vidus, sp\u0113l\u0113ja desmit min\u016btes un 59 sekundes un, raidot groz\u0101 vienu no diviem soda metieniem, guva vienu punktu, k\u0101 ar\u012b tika pie rezultat\u012bvas piesp\u0113les un p\u0101rtvertas bumbas, pie\u013c\u0101va vienu k\u013c\u016bdu, izprovoc\u0113ja divas piez\u012bmes un iekr\u0101ja +\/- r\u0101d\u012bt\u0101ju -1 un efektivit\u0101tes koeficientu -2.<\/p>\n<p><a href=\"https:\/\/sports.tvnet.lv\/term\/735546\/roberts-blumbergs\" class=\"topicLink\" target=\"_blank\" rel=\"nofollow noopener\">Roberts Blumbergs<\/a> sv\u0113tdien guva tr\u012bs punktus Izmiras &#8220;Petkim Spor&#8221; zaud\u0113jum\u0101 sav\u0101 laukum\u0101 Turcijas \u010dempion\u0101ta ma\u010d\u0101.<\/p>\n","protected":false},"excerpt":{"rendered":"&#8220;Anadolu Efes&#8221; ar 79:86 (22:22, 25:25, 13:12, 19:27) zaud\u0113ja Bursas &#8220;Tofas&#8221;. \u0160mits laukum\u0101 bija 19 min\u016btes un septi\u0146as&hellip;\n","protected":false},"author":2,"featured_media":57408,"comment_status":"","ping_status":"","sticky":false,"template":"","format":"standard","meta":{"footnotes":""},"categories":[17],"tags":[1099,145,1098,35,39,38,36,37,34,40,5612,4341,67],"class_list":{"0":"post-57407","1":"post","2":"type-post","3":"status-publish","4":"format-standard","5":"has-post-thumbnail","7":"category-sports","8":"tag-arturs-zagars","9":"tag-basketbols","10":"tag-basketbols-pasaule","11":"tag-latvia","12":"tag-latvian","13":"tag-latviesu","14":"tag-latviesu-valoda","15":"tag-latviesuvaloda","16":"tag-latvija","17":"tag-lv","18":"tag-roberts-blumbergs","19":"tag-rolands-smits","20":"tag-sports"},"share_on_mastodon":{"url":"https:\/\/pubeurope.com\/@lv\/115604072876238831","error":""},"_links":{"self":[{"href":"https:\/\/www.europesays.com\/lv\/wp-json\/wp\/v2\/posts\/57407","targetHints":{"allow":["GET"]}}],"collection":[{"href":"https:\/\/www.europesays.com\/lv\/wp-json\/wp\/v2\/posts"}],"about":[{"href":"https:\/\/www.europesays.com\/lv\/wp-json\/wp\/v2\/types\/post"}],"author":[{"embeddable":true,"href":"https:\/\/www.europesays.com\/lv\/wp-json\/wp\/v2\/users\/2"}],"replies":[{"embeddable":true,"href":"https:\/\/www.europesays.com\/lv\/wp-json\/wp\/v2\/comments?post=57407"}],"version-history":[{"count":0,"href":"https:\/\/www.europesays.com\/lv\/wp-json\/wp\/v2\/posts\/57407\/revisions"}],"wp:featuredmedia":[{"embeddable":true,"href":"https:\/\/www.europesays.com\/lv\/wp-json\/wp\/v2\/media\/57408"}],"wp:attachment":[{"href":"https:\/\/www.europesays.com\/lv\/wp-json\/wp\/v2\/media?parent=57407"}],"wp:term":[{"taxonomy":"category","embeddable":true,"href":"https:\/\/www.europesays.com\/lv\/wp-json\/wp\/v2\/categories?post=57407"},{"taxonomy":"post_tag","embeddable":true,"href":"https:\/\/www.europesays.com\/lv\/wp-json\/wp\/v2\/tags?post=57407"}],"curies":[{"name":"wp","href":"https:\/\/api.w.org\/{rel}","templated":true}]}}