{"id":57425,"date":"2025-11-24T10:11:08","date_gmt":"2025-11-24T10:11:08","guid":{"rendered":"https:\/\/www.europesays.com\/lv\/57425\/"},"modified":"2025-11-24T10:11:08","modified_gmt":"2025-11-24T10:11:08","slug":"inese-lukasevska-un-agentura-luka-iegust-best-event-award-grand-prix-dienas-bizness","status":"publish","type":"post","link":"https:\/\/www.europesays.com\/lv\/57425\/","title":{"rendered":"Inese Luka\u0161evska un a\u0123ent\u016bra Luka ieg\u016bst Best Event Award Grand Prix :: Dienas Bizness"},"content":{"rendered":"<p class=\"text-font font-size--text-xlarge margin-3--bottom font-weight--bold padding-1--top\">BEA World (Best event award) konkurs\u0101, kur\u0101 tiek apbalvoti gada lab\u0101kie pas\u0101kumi pasaul\u0113 un, kur\u0161 tiek uzskat\u012bts par pas\u0101kumu industrijas Oskaru apsteidzot Ferrari, Netflix un Olimpisko sp\u0113\u013cu r\u012bkot\u0101jus a\u0123ent\u016bra Luka un t\u0101s vad\u012bt\u0101ja Inese Luka\u0161evska par t\u0101s r\u012bkoto pas\u0101kumu Dv\u0113seles st\u012bgas ieguvusi pasaules preses Grand Prix un divas sudraba godalgas.<\/p>\n<p class=\"text-font font-size--text-xlarge margin-3--bottom\">\u0160\u012b ir pirm\u0101 reize Latvijas v\u0113stur\u0113, kad a\u0123ent\u016brai no Latvijas izdodas ieg\u016bt augst\u0101ko nov\u0113rt\u0113jumu.<\/p>\n<p class=\"text-font font-size--text-xlarge margin-3--bottom\">BEA World konkursam, kur\u0161 \u0161ogad Rom\u0101 svin\u0113ja savu 20. gadu jubileju tika pieteikti 470 pas\u0101kumi no 40 valst\u012bm un \u010detriem kontinentiem. Konkursam darbus bija iesniegu\u0161i pasaul\u0113 vado\u0161ie z\u012bmoli: Netflix, Ferarri, Bvlgari, da\u017e\u0101du valstu Expo paviljoni Osak\u0101, k\u0101 ar\u012b tika pieteikti pasaule liel\u0101kie kult\u016bras un sporta notikumi: FIFA Pasaules kausa atkl\u0101\u0161anas un nosl\u0113guma ceremonijas, Amerigo Vespu\u010di pasaules t\u016bre, Formula 1 Grand Prix t\u016bres, Paralimpisko sp\u0113\u013cu atkl\u0101\u0161anas un nosl\u0113guma ceremonijas, k\u0101 ar\u012b tika prezent\u0113ti liel\u0101kie kult\u016bras notikumi. A\u0123ent\u016bra Luka konkurs\u0101 triumf\u0113ja ar pas\u0101kumu \u201cDv\u0113seles st\u012bgas\u201d, ieg\u016bstot divas sudraba godalgas un pasaules preses Grand Prix, kas l\u012bdz \u0161im nebija izdevies nevienai a\u0123ent\u016brai no Latvijas.<\/p>\n<p class=\"text-font font-size--text-xlarge margin-3--bottom\">\u201cV\u0113rt\u0113jot projektus m\u0113s uzdev\u0101m jaut\u0101jumu, kur\u0161 no visiem pas\u0101kumiem demonstr\u0113 pas\u0101kumu industrijas n\u0101kotni. To, kur virz\u0101s m\u016bsu industrija. M\u0113s nemekl\u0113j\u0101m projektu ar liel\u0101ko bud\u017eetu, ne ska\u013c\u0101ko skatuvi vai audiovizu\u0101liem risin\u0101jumiem. M\u0113s mekl\u0113j\u0101m projektu, kas sp\u0113tu m\u016bs aizkustin\u0101t, kas liktu mums just, reflekt\u0113t un dom\u0101t. A\u0123ent\u016bru, kura uzdro\u0161in\u0101s b\u016bt cit\u0101da, transform\u0113jo\u0161a. Projektu, kas rada emp\u0101tiju, ne tikai iesaisti. Pas\u0101kums Dv\u0113seles st\u012bgas ir vair\u0101k k\u0101 tikai pas\u0101kums. Tas ar minim\u0101lu bud\u017eetu ir rad\u012bjis maksim\u0101lu gr\u016bdienu. Pas\u0101kums ir deklar\u0101cija tam, k\u0101du n\u0101kotni m\u0113s v\u0113lamies redz\u0113t: rado\u0161u, p\u0101rmai\u0146u veidojo\u0161u un cie\u0146pilnu pret sabiedr\u012bbu un m\u016bsu plan\u0113tu. No visas sirds v\u0113lamies sveikt a\u0123ent\u016bru Luka un \u0161\u012b pas\u0101kuma idejas autori, kas rad\u012bja patiesi emocion\u0101lu katarsi\u201d, pasniedzot balvu pauda preses \u017e\u016brijas p\u0101rst\u0101vis Gorazds \u010cads.<\/p>\n<p class=\"text-font font-size--text-xlarge margin-3--bottom\">Pas\u0101kuma Dv\u0113seles st\u012bgas ideja bija caur unik\u0101lu m\u0101kslas valodu atkl\u0101t profesoriem neirolo\u0123ij\u0101 no 12 valst\u012bm vi\u0146u pacientu, jeb cilv\u0113ku, kuriem ir neironu probl\u0113mas ikdienu, no eksistences piln\u012bg\u0101 tums\u0101 l\u012bdz veiksm\u012bgai \u0101rstniec\u012bbai. Pas\u0101kums tika veidots k\u0101 vienots tr\u012bs stundu gastronomiski horeogr\u0101fisks iestud\u0113jums, kur\u0161 sast\u0101v\u0113ja no tr\u012bs pacientu dz\u012bves cikliem: dz\u012bve tums\u0101, transform\u0101cijas un sp\u0113ju just dz\u012bvi piln\u0101s kr\u0101s\u0101s. Pas\u0101kums \u0161ogad jau ir ieguvusi 17 godalgas uzvarot visos liel\u0101kajos konkursos pasaul\u0113, tai skait\u0101 sa\u0146\u0113mis Kannu festiv\u0101la Grand Prix.<\/p>\n<p class=\"text-font font-size--text-xlarge margin-3--bottom\">\u201cNok\u013c\u016bt pasaul\u0113 presti\u017e\u0101k\u0101 konkursa fin\u0101l\u0101 un st\u0101v\u0113t \u017e\u016brijas priek\u0161\u0101 prezent\u0113jot savu gara darbu ir ne tikai pagodino\u0161i, bet ar\u012b stresaini. Tas ir k\u0101 eks\u0101mens, kur\u0161 ir j\u0101iztur pat p\u0113c 20 gadu profesion\u0101las dz\u012bves, kad ir j\u0101pier\u0101da, ka esi gana labs, gana cien\u012bgs \u0161eit atrasties, ka tavas idejas ir dz\u012bvot sp\u0113j\u012bgas un ar v\u0113rt\u012bbu, neraugoties uz nel\u012bdzv\u0113rt\u012bgiem apst\u0101k\u013ciem, k\u0101dos str\u0101d\u0101jam m\u0113s un a\u0123ent\u016bras cit\u0101s valst\u012bs. Veidojot \u201cDv\u0113seles st\u012bgas\u201d \u0161\u0137iet, ka es pusi savas dv\u0113seles atst\u0101ju radot \u0161o pas\u0101kumu un otru prezent\u0101cijas laik\u0101. Tas, ka pasaules preses \u017e\u016brija ir atzinusi \u0161o projektu par lab\u0101ko visu iesniegto darbu vid\u016b ir pr\u0101tam neaptverami un le\u0123end\u0101rs sasniegums ne tikai man, bet visai Latvijai. Iesp\u0113jams \u0161\u0101du mirkli m\u0113s vairs nekad nepiedz\u012bvosim.\u201d, st\u0101sta a\u0123ent\u016bras Luka vad\u012bt\u0101ja, producente Inese Luka\u0161evska.<\/p>\n<p class=\"text-font font-size--text-xlarge margin-3--bottom\">Visi konkursa darbi tika v\u0113rt\u0113ti p\u0113c t\u0101diem krit\u0113rijiem k\u0101: rado\u0161ums, inov\u0101cijas, projekta realiz\u0101cija, komunik\u0101cija, pielietotajiem instrumentiem un sasniegtajiem rezult\u0101tiem. Pasaules preses \u017e\u016brijas balsojums, kur\u0101 piedal\u012bj\u0101s mediju p\u0101rst\u0101vji no It\u0101lijas, Slov\u0113nijas, Austrijas, V\u0101cijas, Sp\u0101nijas, Portug\u0101les, Apvienotajiem Ar\u0101bu Emir\u0101tiem un cit\u0101m valst\u012bm notika trij\u0101s k\u0101rt\u0101s. Romas festiv\u0101la laik\u0101 p\u0113c kl\u0101tienes prezent\u0101cij\u0101m tika noteikts 2025.gada uzvar\u0113t\u0101js.<\/p>\n<p class=\"text-font font-size--text-xlarge margin-3--bottom\">Pas\u0101kuma \u201cDv\u0113seles st\u012bgas\u201d rado\u0161ais sast\u0101vs: horeogr\u0101fe: Linda Leji\u0146a Grebina, re\u017eisore, scenogr\u0101fe: Inese Luka\u0161evska, video m\u0101kslinieks projekcij\u0101m, 3D, anim\u0101cijas: Viktors Keino, dekor\u0101cijas: Simona Kalni\u0146a, fotogr\u0101fs: J\u0101nis V\u012bksna, video m\u0101kslinieki: Colortime, m\u016bzi\u0137i: Riharda L\u012bbie\u0161a or\u0137estris un grupa Karameles, vad\u012bt\u0101js: M\u0101rti\u0146\u0161 Daugulis, \u0161efpav\u0101rs: Raimonds Zommers, horeogr\u0101fa asistente: El\u012bna Vjatere, modes m\u0101ksliniece: Ieva \u0100damsone.<\/p>\n<p>Skat\u012bties p\u0101r\u0113jos att\u0113lus<\/p>\n","protected":false},"excerpt":{"rendered":"BEA World (Best event award) konkurs\u0101, kur\u0101 tiek apbalvoti gada lab\u0101kie pas\u0101kumi pasaul\u0113 un, kur\u0161 tiek uzskat\u012bts par&hellip;\n","protected":false},"author":2,"featured_media":57426,"comment_status":"","ping_status":"","sticky":false,"template":"","format":"standard","meta":{"footnotes":""},"categories":[19],"tags":[869,77,870,867,89,90,35,39,38,36,37,34,871,868,40,21],"class_list":{"0":"post-57425","1":"post","2":"type-post","3":"status-publish","4":"format-standard","5":"has-post-thumbnail","7":"category-izklaide","8":"tag-biznesa-zinas","9":"tag-bizness","10":"tag-bizness-latvija","11":"tag-dienas-zinas","12":"tag-entertainment","13":"tag-izklaide","14":"tag-latvia","15":"tag-latvian","16":"tag-latviesu","17":"tag-latviesu-valoda","18":"tag-latviesuvaloda","19":"tag-latvija","20":"tag-latvijas-biznesa-zinas","21":"tag-latvijas-zinas","22":"tag-lv","23":"tag-zinas"},"share_on_mastodon":{"url":"","error":""},"_links":{"self":[{"href":"https:\/\/www.europesays.com\/lv\/wp-json\/wp\/v2\/posts\/57425","targetHints":{"allow":["GET"]}}],"collection":[{"href":"https:\/\/www.europesays.com\/lv\/wp-json\/wp\/v2\/posts"}],"about":[{"href":"https:\/\/www.europesays.com\/lv\/wp-json\/wp\/v2\/types\/post"}],"author":[{"embeddable":true,"href":"https:\/\/www.europesays.com\/lv\/wp-json\/wp\/v2\/users\/2"}],"replies":[{"embeddable":true,"href":"https:\/\/www.europesays.com\/lv\/wp-json\/wp\/v2\/comments?post=57425"}],"version-history":[{"count":0,"href":"https:\/\/www.europesays.com\/lv\/wp-json\/wp\/v2\/posts\/57425\/revisions"}],"wp:featuredmedia":[{"embeddable":true,"href":"https:\/\/www.europesays.com\/lv\/wp-json\/wp\/v2\/media\/57426"}],"wp:attachment":[{"href":"https:\/\/www.europesays.com\/lv\/wp-json\/wp\/v2\/media?parent=57425"}],"wp:term":[{"taxonomy":"category","embeddable":true,"href":"https:\/\/www.europesays.com\/lv\/wp-json\/wp\/v2\/categories?post=57425"},{"taxonomy":"post_tag","embeddable":true,"href":"https:\/\/www.europesays.com\/lv\/wp-json\/wp\/v2\/tags?post=57425"}],"curies":[{"name":"wp","href":"https:\/\/api.w.org\/{rel}","templated":true}]}}