{"id":57430,"date":"2025-11-24T10:16:18","date_gmt":"2025-11-24T10:16:18","guid":{"rendered":"https:\/\/www.europesays.com\/lv\/57430\/"},"modified":"2025-11-24T10:16:18","modified_gmt":"2025-11-24T10:16:18","slug":"anastasijas-glabejdziesma-denija-izbalsosana-divanu-eksperti-verte-otro-x-faktora-tiesraidi","status":"publish","type":"post","link":"https:\/\/www.europesays.com\/lv\/57430\/","title":{"rendered":"Anastasijas gl\u0101b\u0113jdziesma, Denija izbalso\u0161ana! D\u012bv\u0101nu eksperti v\u0113rt\u0113 otro \u201cX Faktora\u201d tie\u0161raidi"},"content":{"rendered":"<p>Anastasijas Vasilenko izpild\u012bt\u0101 gl\u0101b\u0113jdziesma tiek uzskat\u012bta par vakara lab\u0101ko priek\u0161nesumu, kas emocionalit\u0101tes un vok\u0101l\u0101 snieguma zi\u0146\u0101 uzlicis augstu lati\u0146u.<\/p>\n<p>Balsojums k\u0101 t\u0101ds p\u0101rsteidz d\u012bv\u0101nu ekspertus, vairums uzskata, ka \u0161ovu pamet un gl\u0101b\u0101jdziesmas dzied tie, kuriem tas neb\u016btu j\u0101dara, bet \u0161ov\u0101 paliek tie, kuriem b\u016btu j\u0101aiziet.<\/p>\n<p>Ekspertiem bija ar\u012b ko teikt par dal\u012bbnieku dziesmu izv\u0113l\u0113m, daudzi aizdom\u0101j\u0101s par to, ka gadu no gada tiek \u201cdrill\u0113tas\u201d vienas un t\u0101s pa\u0161as dziesmas, bet pasaul\u0113 ir tik daudz hitu.<\/p>\n<p>Mentoru pozit\u012bvie koment\u0101ri nesaj\u016bsmin\u0101ja d\u012bv\u0101nos s\u0113d\u0113t\u0101jus, vi\u0146i uzskata, ka t\u0101d\u0101 veid\u0101 m\u016bzikas pazin\u0113ji no\u0146em no sevis visu atbild\u012bbu par notieko\u0161o.<\/p>\n<p>Ekspertu vizu\u0101lais t\u0113ls ar\u012b nopeln\u012bja da\u013cu uzman\u012bbas, \u012bpa\u0161a uzman\u012bba tika piev\u0113rsta Rei\u0146a S\u0113j\u0101na jakai.<\/p>\n<p dir=\"ltr\" lang=\"lv\">K\u0101 tu v\u0113rt\u0113 \u0161ova \u201cX Faktors\u201d otro tie\u0161raidi un faktu, ka izbalsoja Deniju Griezi un grupu \u201cSkvirl` boizz\u201d?<\/p>\n<blockquote class=\"twitter-tweet\">\n<p dir=\"ltr\" lang=\"lv\">\u017d\u0113l, man patika pui\u0161u grupa ar visiem \u0161l\u0101geriem \ud83d\ude42 <a href=\"https:\/\/twitter.com\/hashtag\/xfaktors?src=hash&amp;ref_src=twsrc%5Etfw\" rel=\"nofollow noopener\" target=\"_blank\">#xfaktors<\/a><\/p>\n<p>\u2014 Inguta (@Inguta2) <a href=\"https:\/\/twitter.com\/Inguta2\/status\/1992712802117746991?ref_src=twsrc%5Etfw\" rel=\"nofollow noopener\" target=\"_blank\">November 23, 2025<\/a><\/p>\n<\/blockquote>\n<blockquote class=\"twitter-tweet\">\n<p dir=\"ltr\" lang=\"lv\">Yes! Ar\u012b Anastasija turpin\u0101s \u0161ovu.\ud83c\uddfa\ud83c\udde6\ud83d\ude42 <a href=\"https:\/\/twitter.com\/hashtag\/xfaktors?src=hash&amp;ref_src=twsrc%5Etfw\" rel=\"nofollow noopener\" target=\"_blank\">#xfaktors<\/a><\/p>\n<p>\u2014 Kater\u012bna Kravale (@kravale94) <a href=\"https:\/\/twitter.com\/kravale94\/status\/1992713388737319197?ref_src=twsrc%5Etfw\" rel=\"nofollow noopener\" target=\"_blank\">November 23, 2025<\/a><\/p>\n<\/blockquote>\n<blockquote class=\"twitter-tweet\">\n<p dir=\"ltr\" lang=\"lv\">Joproj\u0101m par Anastasiju \ud83d\udc99\ud83d\udc9b<a href=\"https:\/\/twitter.com\/hashtag\/xfaktors?src=hash&amp;ref_src=twsrc%5Etfw\" rel=\"nofollow noopener\" target=\"_blank\">#xfaktors<\/a><\/p>\n<p>\u2014 Ilze Anna Ulmane (@IlzeUlmane) <a href=\"https:\/\/twitter.com\/IlzeUlmane\/status\/1992713501769699512?ref_src=twsrc%5Etfw\" rel=\"nofollow noopener\" target=\"_blank\">November 23, 2025<\/a><\/p>\n<\/blockquote>\n<blockquote class=\"twitter-tweet\">\n<p dir=\"ltr\" lang=\"lv\">tikai m\u0113s \u2013 ur a target n\u0101kamned\u0113\u013c. <a href=\"https:\/\/twitter.com\/hashtag\/xfaktors?src=hash&amp;ref_src=twsrc%5Etfw\" rel=\"nofollow noopener\" target=\"_blank\">#xfaktors<\/a><\/p>\n<p>\u2014 una (@l0veinjected) <a href=\"https:\/\/twitter.com\/l0veinjected\/status\/1992713481024602299?ref_src=twsrc%5Etfw\" rel=\"nofollow noopener\" target=\"_blank\">November 23, 2025<\/a><\/p>\n<\/blockquote>\n<blockquote class=\"twitter-tweet\">\n<p dir=\"ltr\" lang=\"lv\">Par Deniju re\u0101li, \u017e\u0113l, vi\u0146am vajadz\u0113ja palikt \u2764\ufe0f murgs kaut k\u0101ds, k\u0101 visp\u0101r cilv\u0113ki balso <a href=\"https:\/\/twitter.com\/hashtag\/xfaktors?src=hash&amp;ref_src=twsrc%5Etfw\" rel=\"nofollow noopener\" target=\"_blank\">#xfaktors<\/a><\/p>\n<p>\u2014 Amanda (@aamaandaa2002) <a href=\"https:\/\/twitter.com\/aamaandaa2002\/status\/1992713335582990374?ref_src=twsrc%5Etfw\" rel=\"nofollow noopener\" target=\"_blank\">November 23, 2025<\/a><\/p>\n<\/blockquote>\n<blockquote class=\"twitter-tweet\">\n<p dir=\"ltr\" lang=\"lv\">Nu v\u0101veres var\u0113s l\u0113k\u0101t uz za\u013cumballes skatuv\u0113m\ud83c\udf7b\ud83e\udee1\ud83d\ude01 <a href=\"https:\/\/twitter.com\/hashtag\/Xfaktors?src=hash&amp;ref_src=twsrc%5Etfw\" rel=\"nofollow noopener\" target=\"_blank\">#Xfaktors<\/a><\/p>\n<p>\u2014 Girts Meiers (@StiivaisGailis) <a href=\"https:\/\/twitter.com\/StiivaisGailis\/status\/1992713166770585981?ref_src=twsrc%5Etfw\" rel=\"nofollow noopener\" target=\"_blank\">November 23, 2025<\/a><\/p>\n<\/blockquote>\n<p><script async src=\"https:\/\/platform.twitter.com\/widgets.js\" charset=\"utf-8\"><\/script><\/p>\n","protected":false},"excerpt":{"rendered":"Anastasijas Vasilenko izpild\u012bt\u0101 gl\u0101b\u0113jdziesma tiek uzskat\u012bta par vakara lab\u0101ko priek\u0161nesumu, kas emocionalit\u0101tes un vok\u0101l\u0101 snieguma zi\u0146\u0101 uzlicis augstu&hellip;\n","protected":false},"author":2,"featured_media":57431,"comment_status":"","ping_status":"","sticky":false,"template":"","format":"standard","meta":{"footnotes":""},"categories":[5],"tags":[23,28,29,32,33,22,30,31,35,39,38,36,37,34,40,20,26,27,15479,24,25,21],"class_list":{"0":"post-57430","1":"post","2":"type-post","3":"status-publish","4":"format-standard","5":"has-post-thumbnail","7":"category-aktualitates","8":"tag-aktualitates","9":"tag-breaking-news","10":"tag-breakingnews","11":"tag-featured-news","12":"tag-featurednews","13":"tag-headlines","14":"tag-latest-news","15":"tag-latestnews","16":"tag-latvia","17":"tag-latvian","18":"tag-latviesu","19":"tag-latviesu-valoda","20":"tag-latviesuvaloda","21":"tag-latvija","22":"tag-lv","23":"tag-news","24":"tag-popularakas-zinas","25":"tag-popularakaszinas","26":"tag-sovs-x-faktorsx-faktors-2025x-faktors-2025-tiesraidesx-faktors-divanu-eksperti","27":"tag-top-stories","28":"tag-topstories","29":"tag-zinas"},"share_on_mastodon":{"url":"https:\/\/pubeurope.com\/@lv\/115604159470848176","error":""},"_links":{"self":[{"href":"https:\/\/www.europesays.com\/lv\/wp-json\/wp\/v2\/posts\/57430","targetHints":{"allow":["GET"]}}],"collection":[{"href":"https:\/\/www.europesays.com\/lv\/wp-json\/wp\/v2\/posts"}],"about":[{"href":"https:\/\/www.europesays.com\/lv\/wp-json\/wp\/v2\/types\/post"}],"author":[{"embeddable":true,"href":"https:\/\/www.europesays.com\/lv\/wp-json\/wp\/v2\/users\/2"}],"replies":[{"embeddable":true,"href":"https:\/\/www.europesays.com\/lv\/wp-json\/wp\/v2\/comments?post=57430"}],"version-history":[{"count":0,"href":"https:\/\/www.europesays.com\/lv\/wp-json\/wp\/v2\/posts\/57430\/revisions"}],"wp:featuredmedia":[{"embeddable":true,"href":"https:\/\/www.europesays.com\/lv\/wp-json\/wp\/v2\/media\/57431"}],"wp:attachment":[{"href":"https:\/\/www.europesays.com\/lv\/wp-json\/wp\/v2\/media?parent=57430"}],"wp:term":[{"taxonomy":"category","embeddable":true,"href":"https:\/\/www.europesays.com\/lv\/wp-json\/wp\/v2\/categories?post=57430"},{"taxonomy":"post_tag","embeddable":true,"href":"https:\/\/www.europesays.com\/lv\/wp-json\/wp\/v2\/tags?post=57430"}],"curies":[{"name":"wp","href":"https:\/\/api.w.org\/{rel}","templated":true}]}}