{"id":5747,"date":"2025-09-26T17:02:08","date_gmt":"2025-09-26T17:02:08","guid":{"rendered":"https:\/\/www.europesays.com\/lv\/5747\/"},"modified":"2025-09-26T17:02:08","modified_gmt":"2025-09-26T17:02:08","slug":"cehija-pirmoreiz-sasniedz-pasaules-kausa-ceturtdalfinalu-volejbola-iranai-izdodas-izglabties-lente-lv","status":"publish","type":"post","link":"https:\/\/www.europesays.com\/lv\/5747\/","title":{"rendered":"\u010cehija pirmoreiz sasniedz Pasaules kausa ceturtda\u013cfin\u0101lu volejbol\u0101; Ir\u0101nai izdodas izgl\u0101bties\u00a0\u2014\u00a0Lente.lv"},"content":{"rendered":"<p>\u010cehijas volejbolistu pan\u0101kumi un Ir\u0101nas izdz\u012bvo\u0161ana Pasaules kaus\u0101<\/p>\n<p>Filip\u012bn\u0101s notieko\u0161ais Pasaules kausa izc\u012b\u0146as volejbol\u0101 posms ieg\u016bst aizraujo\u0161as aprises, jo nosl\u0113gusies astotda\u013cfin\u0101la k\u0101rta, atkl\u0101jot p\u0101rsteidzo\u0161us rezult\u0101tus un negaid\u012btu progresu. \u010cehijas v\u012brie\u0161u volejbola izlase v\u0113stur\u0113 pirmo reizi sp\u0113jusi sasniegt Pasaules kausa ceturtda\u013cfin\u0101lu, apliecinot savu sp\u0113ku un neatlaid\u012bbu.<\/p>\n<p>Tikm\u0113r Ir\u0101nas komanda, demonstr\u0113jot neticamu raksturu un sp\u0113ju izdz\u012bvot gr\u016btos br\u012b\u017eos, ar\u012b nodro\u0161in\u0101jusi vietu n\u0101kamaj\u0101 k\u0101rt\u0101. \u0160o abu komandu ce\u013ci krustiesies ceturtda\u013cfin\u0101la sp\u0113l\u0113, solot aizraujo\u0161u un neprognoz\u0113jamu due\u013c. \u010cehijas sasniegums ir \u012bpa\u0161i noz\u012bm\u012bgs, jo tas iez\u012bm\u0113 jaunu lappusi valsts volejbola v\u0113stur\u0113, sniedzot milz\u012bgu motiv\u0101ciju gan sp\u0113l\u0113t\u0101jiem, gan l\u012bdzjut\u0113jiem.<\/p>\n<p>Ir\u0101nas izlase atkal pier\u0101da, ka sp\u0113j uzr\u0101d\u012bt augstv\u0113rt\u012bgu sniegumu ar\u012b tad, kad viss \u0161\u0137iet zaud\u0113ts. Vi\u0146u sp\u0113ja gl\u0101bties un turpin\u0101t c\u012b\u0146u ir iedvesmojo\u0161a. \u0160is ceturtda\u013cfin\u0101la p\u0101ris sola emocion\u0101li pies\u0101tin\u0101tu sp\u0113li, kur\u0101 tiksies divas komandas ar at\u0161\u0137ir\u012bg\u0101m motiv\u0101cij\u0101m unamb\u012bcij\u0101m.<\/p>\n","protected":false},"excerpt":{"rendered":"\u010cehijas volejbolistu pan\u0101kumi un Ir\u0101nas izdz\u012bvo\u0161ana Pasaules kaus\u0101 Filip\u012bn\u0101s notieko\u0161ais Pasaules kausa izc\u012b\u0146as volejbol\u0101 posms ieg\u016bst aizraujo\u0161as aprises,&hellip;\n","protected":false},"author":2,"featured_media":5748,"comment_status":"","ping_status":"","sticky":false,"template":"","format":"standard","meta":{"footnotes":""},"categories":[17],"tags":[2561,2563,2562,35,39,38,36,37,34,40,2560,67,1208],"class_list":{"0":"post-5747","1":"post","2":"type-post","3":"status-publish","4":"format-standard","5":"has-post-thumbnail","7":"category-sports","8":"tag-cehija","9":"tag-ceturtdalfinals","10":"tag-irana","11":"tag-latvia","12":"tag-latvian","13":"tag-latviesu","14":"tag-latviesu-valoda","15":"tag-latviesuvaloda","16":"tag-latvija","17":"tag-lv","18":"tag-pasaules-kauss","19":"tag-sports","20":"tag-volejbols"},"share_on_mastodon":{"url":"","error":""},"_links":{"self":[{"href":"https:\/\/www.europesays.com\/lv\/wp-json\/wp\/v2\/posts\/5747","targetHints":{"allow":["GET"]}}],"collection":[{"href":"https:\/\/www.europesays.com\/lv\/wp-json\/wp\/v2\/posts"}],"about":[{"href":"https:\/\/www.europesays.com\/lv\/wp-json\/wp\/v2\/types\/post"}],"author":[{"embeddable":true,"href":"https:\/\/www.europesays.com\/lv\/wp-json\/wp\/v2\/users\/2"}],"replies":[{"embeddable":true,"href":"https:\/\/www.europesays.com\/lv\/wp-json\/wp\/v2\/comments?post=5747"}],"version-history":[{"count":0,"href":"https:\/\/www.europesays.com\/lv\/wp-json\/wp\/v2\/posts\/5747\/revisions"}],"wp:featuredmedia":[{"embeddable":true,"href":"https:\/\/www.europesays.com\/lv\/wp-json\/wp\/v2\/media\/5748"}],"wp:attachment":[{"href":"https:\/\/www.europesays.com\/lv\/wp-json\/wp\/v2\/media?parent=5747"}],"wp:term":[{"taxonomy":"category","embeddable":true,"href":"https:\/\/www.europesays.com\/lv\/wp-json\/wp\/v2\/categories?post=5747"},{"taxonomy":"post_tag","embeddable":true,"href":"https:\/\/www.europesays.com\/lv\/wp-json\/wp\/v2\/tags?post=5747"}],"curies":[{"name":"wp","href":"https:\/\/api.w.org\/{rel}","templated":true}]}}