{"id":57480,"date":"2025-11-24T11:04:08","date_gmt":"2025-11-24T11:04:08","guid":{"rendered":"https:\/\/www.europesays.com\/lv\/57480\/"},"modified":"2025-11-24T11:04:08","modified_gmt":"2025-11-24T11:04:08","slug":"skandals-virsligas-sezonas-izskana-tiesnesis-apsudz-%e2%80%b3alberts%e2%80%b3-fanus-agresija-futbols-sportacentrs-com","status":"publish","type":"post","link":"https:\/\/www.europesays.com\/lv\/57480\/","title":{"rendered":"Skand\u0101ls Virsl\u012bgas sezonas izska\u0146\u0101 \u2013 tiesnesis aps\u016bdz \u2033Alberts\u2033 fanus agresij\u0101 \u2013 Futbols \u2013 Sportacentrs.com"},"content":{"rendered":"<p>P\u0101rsp\u0113\u013cu otraj\u0101 ma\u010d\u0101 \u2033Grobi\u0146a\u2033 ar 1:0 uzvaru viesos p\u0101r JDFS \u2033Alberts\u2033 futbolistiem nosarg\u0101ja vietu n\u0101kamaj\u0101 Virsl\u012bgas sezon\u0101. Tiesa, sp\u0113les izn\u0101kumu aiz\u0113nojis skand\u0101ls.<\/p>\n<p>Ma\u010da tiesnesis Andris Treimanis p\u0113c gar\u0101 ierakst\u0101 platform\u0101 \u2033Facebook\u2033 nosod\u012bja \u2033Alberts\u2033 fanu r\u012bc\u012bbu ma\u010da gait\u0101 un ar\u012b p\u0113c t\u0101s. Vi\u0146\u0161 nor\u0101d\u012bja, ka gados jaun\u0101kie \u2033Alberts\u2033 fani tiesne\u0161u brig\u0101dei pied\u0101v\u0101ju\u0161i centus, t\u0101d\u0113j\u0101di nor\u0101dot, ka, vi\u0146upr\u0101t, so\u0123i \u0161aj\u0101 ma\u010d\u0101 biju\u0161i uzp\u0113rkami.<\/p>\n<p>\u2033Vi\u0146u t\u0113vi kluba atrib\u016btik\u0101 aiz muguras st\u0101v, uzmundrina d\u0113lus un priec\u012bgi kliedz man\u0101 un kol\u0113\u0123u virzien\u0101, ka esam korump\u0113ti, no\u017e\u0113lojami sala\u0161\u0146as. Puslaik\u0101 un p\u0113c sp\u0113les JDFS Alberts p\u0101rst\u0101vji draud fiziski izr\u0113\u0137in\u0101ties un uzs\u0101k fizisku konfront\u0101ciju,\u2033 raksta Treimanis.<\/p>\n<p>T\u0101pat vi\u0146\u0161 kritiz\u0113ja ar\u012b RTU stadion\u0101 nodro\u0161in\u0101to apsardzi, kas pie\u013c\u0101vusi min\u0113to agresiju no \u2033Alberts\u2033 fanu puses.<\/p>\n<p>\u2033Grobi\u0146a\u2033 vien\u012bgos v\u0101rtus guva no 11 metru atz\u012bmes. S\u0101kotn\u0113ji Treimanis uz \u2033Alberts\u2033 v\u0101rtiem pendeli nenoz\u012bm\u0113ja, bet p\u0113c VAR sist\u0113mas p\u0101rbaudes l\u0113mumu main\u012bja. Ar\u012b \u0161aj\u0101 situ\u0101cij\u0101 radu\u0161\u0101s probl\u0113mas, kur\u0101s Treimanis vainoja \u2033Alberts\u2033 viceprezidentu J\u0101ni Pakalnu.<\/p>\n<p>Piez\u012bme &#8211; Andra Treima\u0146a cit\u0101t\u0101 apzin\u0101ti izlabots &#8220;Alberts&#8221; viceprezidenta uzv\u0101rds.<\/p>\n<p>\u2033Divas reizes video tiesnesis mani aicin\u0101ja uz video p\u0101rbaudes zonu. Pirmaj\u0101 situ\u0101cij\u0101 (par 11 metru soda sitienu) piek\u013cuve zonai nebija iesp\u0113jama, jo pie ekr\u0101na atrad\u0101s JDFS \u2033Alberts\u2033 l\u012bdzjut\u0113ji un kluba viceprezidents J.Pakalns. Apsardze st\u0101v\u0113ja k\u0101 statists. Pal\u016bdzu pal\u012bdz\u012bbu, lai var\u0113tu neatkar\u012bgi pie\u0146emt l\u0113mumu. Fiziski tas izdev\u0101s, bet video apskates laik\u0101 JDFS \u2033Alberts\u2033 viceprezidents J. Pakalns nep\u0101rtraukti ar savu \u201cTV koment\u0113t\u0101ja profesion\u0101lo viedokli\u201d cent\u0101s ietekm\u0113t manu l\u0113mumu,\u2033 \u2033Alberts\u2033 komandas p\u0101rst\u0101vi kritiz\u0113ja Treimanis.<\/p>\n<p>Cit\u0101 ierakst\u0101 \u2033Facebook\u2033 platform\u0101 Pakalns pied\u0101v\u0101ja savu skaidrojumu par min\u0113to epizodi.<\/p>\n<p>\u2033Run\u0101jot par sp\u0113les epizod\u0113m, v\u0113los preciz\u0113t, ka situ\u0101cij\u0101s ar VAR pirmaj\u0101 puslaik\u0101 mana iesaiste bija minim\u0101la. Pie ekr\u0101na atrad\u0101s vair\u0101ki l\u012bdzjut\u0113ji, un koment\u0101ri skan\u0113ja no da\u017e\u0101d\u0101m pus\u0113m, ta\u010du mans vien\u012bgais izteikums no aptuveni piecu metru att\u0101luma bija: \u201cAndri, t\u0101 nav sarkan\u0101.\u201d Nek\u0101das agresivit\u0101tes, m\u0113\u0123in\u0101jumu pietuvoties vai ietekm\u0113t l\u0113mumu nebija, un 1. puslaiks kopum\u0101 norit\u0113ja sal\u012bdzino\u0161i mier\u012bgi. Ja Andris uzskata, ka es ietekm\u0113ju l\u0113mumu un izdar\u012bju uz vi\u0146u spiedienu es atvainojos par savu r\u012bc\u012bbu,\u2033 raksta Pakalns.<\/p>\n<p>Puslaika p\u0101rtraukum\u0101 starp tiesne\u0161u brig\u0101di un \u2033Alberts\u2033 faniem esot radies ar\u012b fizisks konflikts. Pakalns sav\u0101 ierakst\u0101 sol\u012bj\u0101s str\u0101d\u0101t pie \u0161\u0101du incidentu neatk\u0101rto\u0161an\u0101s n\u0101kotn\u0113. Vi\u0146\u0161 ar\u012b uzsv\u0113ra, ka nevien\u0101 br\u012bd\u012b tiesne\u0161u brig\u0101dei pats person\u012bgi neesot draud\u0113jis.<\/p>\n<p>Latvijas Futbola feder\u0101cija <a href=\"https:\/\/sportacentrs.com\/futbols\/virsliga\/24112025-futbola_nav_vietas_vardarbibai_lff_koment\" target=\"_self\" rel=\"nofollow noopener\">ofici\u0101l\u0101 pazi\u0146ojum\u0101<\/a> pauda no\u017e\u0113lu par notiku\u0161o un nor\u0101d\u012bja, ka situ\u0101cija tiks izmekl\u0113ta.<\/p>\n<p>Ar Andra Treima\u0146a un J\u0101\u0146a Pakalna koment\u0101riem piln\u0101 apm\u0113r\u0101 iesp\u0113jams iepaz\u012bties zem\u0101k.<\/p>\n<p>\u012asum\u0101. FUTBOLA UN SPORTA N\u0100VE!!! FUTBOL\u0100 NAV VIETAS NE VERB\u0100LAI, NE FIZISKAI VARDARB\u012aBAI!!!<br \/>Jau iepriek\u0161 atvainojos par sav\u0101m emocij\u0101m, bet klus\u0113t vairs nav iesp\u0113jams. Futbola sabiedr\u012bba mani paz\u012bst k\u0101 godpr\u0101t\u012bgu, konstrukt\u012bvu futbola tiesnesi, ilggad\u012bgu futbola profesion\u0101li, futbola un Latvijas patriotu, kur\u0161 ar savu ilggad\u012bgo, nesaudz\u012bgo darbu, \u0113tiku un discipl\u012bnu ir izpeln\u012bjies viet\u0113jo un starptautisko jomas profesion\u0101\u013cu kvalit\u0101tes nov\u0113rt\u0113jumu. Tiesnesi, kur\u0161, ja ir k\u013c\u016bd\u012bjies, to cilv\u0113c\u012bgi atz\u012bst, bet vienm\u0113r st\u0101v\u0113s ar stingru mugurkaulu, nelieksies v\u0113jos, glumos aicin\u0101jumos un b\u016bs cie\u0146pilns ar savu viedokli.<\/p>\n<p>Kontekstam &#8211; uzskatu par lielu apvainojumu, sp\u013c\u0101vienu sej\u0101 man\u0101 un manu kol\u0113\u0123u virzien\u0101, ka vienas no vado\u0161o Latvijas futbola akad\u0113miju 10 gad\u012bgi audz\u0113k\u0146i, \u0123\u0113rbti piln\u0101 Jura Docenko Futbola skolas \u2033Alberts\u2033 kluba ekip\u0113jum\u0101, n\u0101kot futbola tiesne\u0161iem no laukuma, metra att\u0101lum\u0101 izstiept\u0101 sauj\u0101 izkliedz un pied\u0101v\u0101 tiesne\u0161u uzpirk\u0161anai centus. Vi\u0146u t\u0113vi kluba atrib\u016btik\u0101 aiz muguras st\u0101v, uzmundrina d\u0113lus un priec\u012bgi kliedz man\u0101 un kol\u0113\u0123u virzien\u0101, ka esam korump\u0113ti, no\u017e\u0113lojami sala\u0161\u0146as. Puslaik\u0101 un p\u0113c sp\u0113les JDFS \u2033Alberts\u2033 p\u0101rst\u0101vji draud fiziski izr\u0113\u0137in\u0101ties un uzs\u0101k fizisku konfront\u0101ciju.<\/p>\n<p>Vai t\u0101s ir Jura Docenko Futbola skolas \u2033Alberts\u2033 v\u0113rt\u012bbas? Person\u012bgi pazinu Juri Docenko &#8211; vi\u0146\u0161 bija k\u0101 t\u0113vs saviem audz\u0113k\u0146iem, kurus audzin\u0101ja par labiem cilv\u0113kiem. \u013boti gai\u0161s, godpr\u0101t\u012bgs, cilv\u0113c\u012bgs un emp\u0101tisks cilv\u0113ks. T\u0101ds, uz k\u0101 pamatiem balst\u0101s visas lab\u0101s lietas \u2013 etalons, kuram l\u012bdzin\u0101ties. Ne tikai aicin\u0101ja ar v\u0101rdiem, bet ar\u012b ar darbiem! Vai \u0161\u0101du \u0113tiku, uzved\u012bbu, r\u012bc\u012bbu atbalst\u012btu Juris Docenko? Esmu p\u0101rliecin\u0101ts, ka n\u0113!<\/p>\n<p>Es nekad ne\u013cau\u0161u sevi un kol\u0113\u0123us apvainot nepamatoti. \u0160oreiz ir t\u0101 ret\u0101 reize, kad tiesne\u0161u m\u0113rs un \u201cklus\u0113\u0161anas kodekss\u201d ir sapl\u012bsis!<br \/>Pirmo reizi savas 28 gadu futbola ties\u0101\u0161anas karjeras laik\u0101, kad esmu vad\u012bjis da\u017e\u0101da l\u012bme\u0146a futbola sp\u0113les \u2014 kad uz mani un maniem kol\u0113\u0123iem ir sp\u013cauts, kad esmu k\u0101 13 gad\u012bgs puika gr\u016bst\u012bts no pieaugu\u0161iem ve\u010diem, kad uz mani ir mests ar priek\u0161metiem, draud\u0113ts ar piekau\u0161anu, kad ir bijusi nepiecie\u0161am\u012bba dro\u0161\u012bbas d\u0113\u013c main\u012bt viesn\u012bcu starptautisku sp\u0113\u013cu laik\u0101 \u2014 pirmo reizi izjutu tik lielu, masveid\u012bgu negat\u012bvu uzbrukumu un agresiju Latvij\u0101, sav\u0101 un kol\u0113\u0123u virzien\u0101. No m\u0101jinieku futbola kluba visiem l\u012bme\u0146iem: JDFS \u2033Alberts\u2033 augst\u0101k\u0101s vad\u012bbas, apsardzes bezdarb\u012bbas un to sm\u012b\u0146\u0137\u0101jo\u0161as \u0146irg\u0101\u0161an\u0101s, k\u0101 ar\u012b skat\u012bt\u0101ju puses vis\u0101 laik\u0101, kam\u0113r atrad\u0101mies futbola \u201cstadion\u0101\u201d.<br \/>Izsaku visu savu cie\u0146u abu komandu futbolistiem laukum\u0101, kuri uzved\u0101s korekti, bet viss, kas notika \u0101rpus un apk\u0101rt&#8230;<\/p>\n<p>\u013bOTI SKA\u013bI \u2014 es uzskatu, ka t\u0101 ir m\u016bsu futbola un sporta N\u0100VE, ja \u0161\u0101da uzved\u012bba sporta pas\u0101kum\u0101, kur pulc\u0113jas daudzi l\u012bdzjut\u0113ji, futbola m\u012b\u013cot\u0101ji, b\u0113rnu vec\u0101ki un b\u0113rni, tiek akcept\u0113ta, uztverta k\u0101 norma un pat atbalst\u012bta!!!<br \/>Mobbings, ab\u016bzi, naids, bossings un viss ar to saist\u012btais mums ir piln\u012bg\u0101 paka\u013c\u0101 (Stambulas konvencija \u0161eit var pienest \u016bdeni un padot dvie\u013cus)\u2026 Kaut kur m\u016bsu visp\u0101r\u0113jais futbola un sabiedr\u012bbas kurss ir aizg\u0101jis greizi!!!<\/p>\n<p>Savstarp\u0113ja cie\u0146a. Kas tas t\u0101ds? Emp\u0101tija, korekta uzved\u012bba. Kas tas t\u0101ds? Piem\u0113ra r\u0101d\u012b\u0161ana b\u0113rniem. Kas tas t\u0101ds? LFF \u201cfutbola kara\u013ca\u201d asaras. Kas tas t\u0101ds? Utt., utjp&#8230;<br \/>Fiziski gr\u016bst\u012bt, draud\u0113t izr\u0113\u0137in\u0101ties ar futbola sp\u0113les dal\u012bbniekiem \u2013 viss OK!!! Tas tak ir futbols!!! Te t\u0101 dr\u012bkst!!!<br \/>K\u0101p\u0113c Jaunaj\u0101 R\u012bgas te\u0101tr\u012b \u0161ie cilv\u0113ki neat\u013caujas t\u0101 uzvesties? K\u0101da ir at\u0161\u0137ir\u012bba te\u0101tra izr\u0101dei un futbola sp\u0113lei? K\u0101p\u0113c j\u016bs negr\u016bstat aktierus, gaismot\u0101jus vai garderobistus? K\u0101ds futbola GRIN\u010cAM (t\u0101 mani publiski d\u0113v\u0113  JDFS Alberts viceprezidents J. Pakalns) var paskaidrot? Sabiedriska un publiska vieta, masu pas\u0101kums\u2026 Vai futbola sp\u0113les laik\u0101 nedarbojas Latvijas likumdo\u0161ana?<\/p>\n<p>Valsts policija \u2014 vai futbola sp\u0113les laik\u0101 dr\u012bkst k\u0101du nosist, nodurt, piekaut, izpist (atvainojos, bet t\u0101 man \u0161odien aptuveni 55 gad\u012bgs v\u012brietis sej\u0101 viena metra att\u0101lum\u0101 izteica vilino\u0161u pied\u0101v\u0101jumu JDFS \u2033Alberts\u2033 atrib\u016btik\u0101 \u2014 atteicos, jo man tom\u0113r sievietes pat\u012bk\u2026), ska\u013ci lam\u0101ties, apvainot, jo \u201ct\u0101 tak ir futbola sp\u0113le un tas pie futbola piederas\u201d? N\u0112, TAS NEPIEDER NEKUR! UN AR\u012a NE FUTBOL\u0100!!!<br \/>Pirmo reizi rakstu tik garas tiesne\u0161u piez\u012bmes sp\u0113les protokol\u0101.<br \/>Pirms sp\u0113les.<br \/>\u0145emot v\u0113r\u0101 laukuma diskutablo tehnisko st\u0101vokli, pie\u0146\u0113m\u0101m l\u0113mumu, ka svar\u012bgajai sp\u0113lei ir j\u0101s\u0101kas, kaut bija visas pilnvaras un ties\u012bbas sp\u0113li nes\u0101kt. Sp\u0113les laukums tika sagatavots, lai tikai b\u016btu iesp\u0113jams uzs\u0101kt un aizvad\u012bt sp\u0113li, 40 min\u016btes pirms sp\u0113les s\u0101kuma. Laukuma l\u012bnijas nebija redzamas, bumbu p\u0101rbaude \u2014 10 min\u016btes pirms sp\u0113les. Visas sp\u0113les laik\u0101 sp\u0113l\u0113t\u0101ji izteica jaut\u0101jumus par \u2033Fair play\u2033 principiem, jo puse laukuma bija kl\u0101ta ar slidenu, nelielu sniegotu, ledainu k\u0101rtu, otra puse \u2014 atkususi, kas visas sp\u0113les laik\u0101 rad\u012bja gr\u016bt\u012bbas.<\/p>\n<p>Pirmais puslaiks.<br \/>Divas reizes video tiesnesis mani aicin\u0101ja uz video p\u0101rbaudes zonu.<br \/>Pirmaj\u0101 situ\u0101cij\u0101 (par 11 m soda sitienu) piek\u013cuve zonai nebija iesp\u0113jama, jo pie ekr\u0101na atrad\u0101s JDFS \u2033Alberts\u2033 l\u012bdzjut\u0113ji un kluba viceprezidents J. Pakalps. Apsardze st\u0101v\u0113ja k\u0101 statists. Pal\u016bdzu pal\u012bdz\u012bbu, lai var\u0113tu neatkar\u012bgi pie\u0146emt l\u0113mumu. Fiziski tas izdev\u0101s, bet video apskates laik\u0101 JDFS \u2033Alberts\u2033 viceprezidents J. Pakalps nep\u0101rtraukti ar savu \u201cTV koment\u0113t\u0101ja profesion\u0101lo viedokli\u201d cent\u0101s ietekm\u0113t manu l\u0113mumu. Visu cie\u0146u, bet vi\u0146a \u201cobjekt\u012bvaj\u0101 un profesion\u0101laj\u0101\u201d viedokl\u012b neieklaus\u012bjos. Balstoties uz noteikumiem un UEFA\/LFF vadl\u012bnij\u0101m, liekot roku uz sirds, gai\u0161\u0101 piemi\u0146\u0101 turot Latvijas tiesne\u0161u metra Mi\u0137e\u013ca Rube\u0146a ieteikumus, pie\u0146\u0113mu l\u0113mumu noz\u012bm\u0113t 11 metru soda sitienu uz JDFS \u2033Alberts\u2033 viceprezidenta J.Pakalpa komandas p\u0101rst\u0101v\u0113tajiem v\u0101rtiem.<\/p>\n<p>Otra situ\u0101cija puslaika beig\u0101s \u2014 pie video p\u0101rbaudes atkal Pakalpa kunga \u201ckoment\u0101ri\u201d, kurus uzklaus\u012bt n\u0101c\u0101s, jo fiziski izvair\u012bties nebija iesp\u0113jams. Pie l\u0113muma pie\u0146em\u0161anas tos ne\u0146\u0113mu v\u0113r\u0101. Visu atz\u012btais TV eksperts tom\u0113r nebija pietiekami p\u0101rliecino\u0161s, lai k\u0101 ar\u012b cent\u0101s, nesp\u0113ja ietekm\u0113t tiesne\u0161u l\u0113mumu, jo balst\u012bju tos uz sp\u0113les noteikumiem, UEFA\/LFF rekomend\u0101cij\u0101m.<\/p>\n<p>Nosl\u0113dzoties sp\u0113les pirmajam puslaikam un dodoties uz \u0123\u0113rbtuv\u0113m netika nodro\u0161in\u0101ta nek\u0101da veida dro\u0161\u012bba sp\u0113les tiesne\u0161iem. Uzreiz non\u0101kot no laukuma m\u016bs aplenca agres\u012bvi, JDFS \u2033Alberts\u2033 atrib\u016btik\u0101 \u0123\u0113rbti atbalst\u012bt\u0101ji un draud\u0113ja fiziski izr\u0113\u0137in\u0101ties (neaprakst\u012b\u0161u aicin\u0101jumus un pied\u0101v\u0101jumus no JDFS \u2033Alberts\u2033 fanu b\u0101zes v\u012brie\u0161iem uz seksu\u0101lu sakaru veido\u0161anu ar sp\u0113les tiesne\u0161iem, ar\u012b v\u012brie\u0161iem), t\u0101 nu m\u0113s kop\u0113 dev\u0101mies vi\u0146u pavad\u012bjum\u0101 uz \u0123\u0113rbtuvi. Nek\u0101da veida apsardze netika nodro\u0161in\u0101ta. Pa ce\u013cam izc\u0113l\u0101s ar\u012b fizisks konflikts starp mani un JDFS \u2033Alberts\u2033 fanu, k\u0101 ar\u012b manu asistentu \u2013 no fana puses tika pied\u0101v\u0101ta v\u012bri\u0161\u0137a, seksu\u0101la tuv\u012bba, bet es un mans asistents aizst\u0101v\u0113j\u0101m savu v\u012brie\u0161a godu un krist\u012bg\u0101s v\u0113rt\u012bbas, teic\u0101m, ka esam aiz\u0146emti, prec\u0113ti ar sieviet\u0113m un pa abiem kop\u0101 ir pieci b\u0113rni. Ne\u0137\u012btro, seksu\u0101lo pied\u0101v\u0101jumu atraid\u012bj\u0101m. To pavad\u012bti, ieg\u0101j\u0101m \u0123\u0113rbtuv\u0113 bez jebk\u0101das apsardzes akt\u012bvas iesaistes.<\/p>\n<p>Otrais puslaiks<br \/>Otrais asistents regul\u0101ri zi\u0146oja par draudiem no JDFS \u2033Alberts\u2033 fanu puses. Skat\u012bt\u0101ji br\u012b\u017eiem atrad\u0101s pusmetra att\u0101lum\u0101 no laukuma.<\/p>\n<p>62. min\u016bt\u0113 p\u0113c otr\u0101s dzelten\u0101s kart\u012btes par\u0101d\u012b\u0161anas, situ\u0101cija k\u013cuva kritiska \u2014 fiziski izr\u0113\u0137in\u0101\u0161an\u0101s draudi jau bija \u013coti tie\u0161i. Sp\u0113le tika aptur\u0113ta vair\u0101kas min\u016btes. Tikai p\u0113c vair\u0101kk\u0101rt\u0113jiem l\u016bgumiem tika izteikts publisks pazi\u0146ojums skat\u012bt\u0101jiem atk\u0101pties.<\/p>\n<p>Visa otr\u0101 puslaika laik\u0101 viceprezidents J. Pakalps visa puslaika laik\u0101 ar draudo\u0161iem izteicieniem turpin\u0101ja ietekm\u0113t tiesne\u0161us un kurin\u0101ja skat\u012bt\u0101jus.<br \/>Sp\u0113les beig\u0101s apzin\u0101ti nogaid\u012bj\u0101m, lai izvair\u012btos no konfront\u0101cijas, bet tas neizdev\u0101s \u2014 apsardze bija neprofesion\u0101la, pas\u012bva un provoc\u0113ja ar savu bezdarb\u012bbu.<\/p>\n<p>No manis viss.<br \/>Ja gribat publisku, konstrukt\u012bvu diskusiju \u2014 esmu atv\u0113rts!<br \/>Manu sp\u0113les l\u0113mumu publisku skaidro\u0161anu \u2014 atv\u0113rts!<br \/>C\u012b\u0146a boksa ring\u0101 ar k\u0101du no JDFS \u2033Alberts\u2033 agres\u012bvajiem faniem, lai aizst\u0101v\u0113tu savu godu \u2014 atv\u0113rts!<\/p>\n<p>Ne\u013cau\u0161u vairs publiski aizskart sevi, savu \u0123imeni un savus kol\u0113\u0123us FUTBOLA SP\u0112LES LAIK\u0100!!!!<\/p>\n<p>Ar cie\u0146u,<br \/>Vienk\u0101r\u0161s Latvijas iedz\u012bvot\u0101js,<br \/>Andris Treimanis.<\/p>\n<p>V\u0113los sniegt savu redz\u0113jumu par notiku\u0161o, jo publiskaj\u0101 ierakst\u0101 min\u0113ti vair\u0101ki fakti un apgalvojumi, kas neatbilst manai r\u012bc\u012bbai un kluba nost\u0101jai.<\/p>\n<p>Vispirms v\u0113los uzsv\u0113rt, ka gan es person\u012bgi, gan JDFS \u2033Alberts\u2033 k\u0101 organiz\u0101cija esam stingri pret jebk\u0101da veida vardarb\u012bbu. Nek\u0101da veida fiziska agresija nav pie\u013caujama, un m\u0113s nekad to neesam uzskat\u012bju\u0161i par da\u013cu no futbola kult\u016bras.<\/p>\n<p>Run\u0101jot par sp\u0113les epizod\u0113m, v\u0113los preciz\u0113t, ka situ\u0101cij\u0101s ar VAR pirmaj\u0101 puslaik\u0101 mana iesaiste bija minim\u0101la. Pie ekr\u0101na atrad\u0101s vair\u0101ki l\u012bdzjut\u0113ji, un koment\u0101ri skan\u0113ja no da\u017e\u0101d\u0101m pus\u0113m, ta\u010du mans vien\u012bgais izteikums no aptuveni piecu metru att\u0101luma bija: \u201cAndri, t\u0101 nav sarkan\u0101.\u201d Nek\u0101das agresivit\u0101tes, m\u0113\u0123in\u0101jumu pietuvoties vai ietekm\u0113t l\u0113mumu nebija, un pirmais puslaiks kopum\u0101 norit\u0113ja sal\u012bdzino\u0161i mier\u012bgi. Ja Andris uzskata, ka es ietekm\u0113ju l\u0113mumu un izdar\u012bju uz vi\u0146u spiedienu es atvainojos par savu r\u012bc\u012bbu.<\/p>\n<p>Andris daudz run\u0101 un piemin starplaika agresiju. N\u0101kotn\u0113 visas iesaist\u012bt\u0101s puses str\u0101d\u0101s, lai tas neatk\u0101rtotos. Tom\u0113r svar\u012bgi piemin\u0113t ar\u012b incidentu, kas notika ar meiteni, kura film\u0113ja str\u012bdu. Video ir redzams, k\u0101 tiesne\u0161a asistents iesita vi\u0146ai pa telefonu un roku, lai film\u0113\u0161anu p\u0101rtrauktu. Ar\u012b \u0161ai situ\u0101cijai, glu\u017ei t\u0101pat k\u0101 p\u0101r\u0113j\u0101m vieta futbol\u0101 nav.<\/p>\n<p>Gribu \u012bpa\u0161i uzsv\u0113rt, ka ne pirms sp\u0113les, ne t\u0101s laik\u0101, ne p\u0113c t\u0101s es neesmu draud\u0113jis tiesne\u0161u brig\u0101dei vai centies k\u0101d\u0101 veid\u0101 fiziski konfront\u0113t. Ierakst\u0101 rad\u0101s iespaids, ka es b\u016btu kurin\u0101jis agresiju vai vad\u012bjis p\u016bli, ta\u010du tas neatbilst paties\u012bbai.<\/p>\n<p>Gribu uzsv\u0113rt, ka pirmo puslaiku pavad\u012bju viens pie st\u016bra karoga kop\u0101 ar film\u0113t\u0101ju, iz\u0146emot \u012bsu br\u012bdi VAR epizod\u0113, bet otro \u2013 laukuma pret\u0113j\u0101 gal\u0101, t\u0101lu no fanu sektora.<\/p>\n<p>Vienlaikus v\u0113los teikt, ka \u0161odien nevienam nebija j\u0101uzbr\u016bk tiesne\u0161iem, t\u0101pat nevienam nebija j\u0101uzbr\u016bk meitenei, kura film\u0113ja vai jebkuram skat\u012bt\u0101jam. \u0160\u0101das epizodes ir nepie\u0146emamas, un m\u016bsu klubs izv\u0113rt\u0113s situ\u0101ciju, lai saprastu, k\u0101 \u0161\u0101das lietas n\u0101kotn\u0113 nov\u0113rst. M\u0113s sagaid\u0101m to pa\u0161u caurskat\u0101m\u012bbu ar\u012b no tiesne\u0161u brig\u0101des \u2013 skaidrus, konstrukt\u012bvus l\u0113mumu skaidrojumus, kas mazin\u0101tu emociju sak\u0101pin\u0101jumu un \u013cautu izvair\u012bties no konfliktiem.<\/p>\n<p>Es negribu un nev\u0113los \u0161o situ\u0101ciju p\u0101rv\u0113rst kar\u0101 starp tiesne\u0161iem un klubiem. Andris aicina uz boksa ringa, bet es esmu atv\u0113rts mier\u012bgai, faktos balst\u012btai publiskai vai priv\u0101tai sarunai par notiku\u0161o.<\/p>\n","protected":false},"excerpt":{"rendered":"P\u0101rsp\u0113\u013cu otraj\u0101 ma\u010d\u0101 \u2033Grobi\u0146a\u2033 ar 1:0 uzvaru viesos p\u0101r JDFS \u2033Alberts\u2033 futbolistiem nosarg\u0101ja vietu n\u0101kamaj\u0101 Virsl\u012bgas sezon\u0101. Tiesa,&hellip;\n","protected":false},"author":2,"featured_media":57481,"comment_status":"","ping_status":"","sticky":false,"template":"","format":"standard","meta":{"footnotes":""},"categories":[5],"tags":[23,28,29,32,33,676,22,30,31,35,39,38,36,37,34,40,20,26,27,24,25,21],"class_list":{"0":"post-57480","1":"post","2":"type-post","3":"status-publish","4":"format-standard","5":"has-post-thumbnail","7":"category-aktualitates","8":"tag-aktualitates","9":"tag-breaking-news","10":"tag-breakingnews","11":"tag-featured-news","12":"tag-featurednews","13":"tag-futbols","14":"tag-headlines","15":"tag-latest-news","16":"tag-latestnews","17":"tag-latvia","18":"tag-latvian","19":"tag-latviesu","20":"tag-latviesu-valoda","21":"tag-latviesuvaloda","22":"tag-latvija","23":"tag-lv","24":"tag-news","25":"tag-popularakas-zinas","26":"tag-popularakaszinas","27":"tag-top-stories","28":"tag-topstories","29":"tag-zinas"},"share_on_mastodon":{"url":"https:\/\/pubeurope.com\/@lv\/115604348481004214","error":""},"_links":{"self":[{"href":"https:\/\/www.europesays.com\/lv\/wp-json\/wp\/v2\/posts\/57480","targetHints":{"allow":["GET"]}}],"collection":[{"href":"https:\/\/www.europesays.com\/lv\/wp-json\/wp\/v2\/posts"}],"about":[{"href":"https:\/\/www.europesays.com\/lv\/wp-json\/wp\/v2\/types\/post"}],"author":[{"embeddable":true,"href":"https:\/\/www.europesays.com\/lv\/wp-json\/wp\/v2\/users\/2"}],"replies":[{"embeddable":true,"href":"https:\/\/www.europesays.com\/lv\/wp-json\/wp\/v2\/comments?post=57480"}],"version-history":[{"count":0,"href":"https:\/\/www.europesays.com\/lv\/wp-json\/wp\/v2\/posts\/57480\/revisions"}],"wp:featuredmedia":[{"embeddable":true,"href":"https:\/\/www.europesays.com\/lv\/wp-json\/wp\/v2\/media\/57481"}],"wp:attachment":[{"href":"https:\/\/www.europesays.com\/lv\/wp-json\/wp\/v2\/media?parent=57480"}],"wp:term":[{"taxonomy":"category","embeddable":true,"href":"https:\/\/www.europesays.com\/lv\/wp-json\/wp\/v2\/categories?post=57480"},{"taxonomy":"post_tag","embeddable":true,"href":"https:\/\/www.europesays.com\/lv\/wp-json\/wp\/v2\/tags?post=57480"}],"curies":[{"name":"wp","href":"https:\/\/api.w.org\/{rel}","templated":true}]}}