{"id":57498,"date":"2025-11-24T11:28:09","date_gmt":"2025-11-24T11:28:09","guid":{"rendered":"https:\/\/www.europesays.com\/lv\/57498\/"},"modified":"2025-11-24T11:28:09","modified_gmt":"2025-11-24T11:28:09","slug":"ikviens-no-mums-sobrid-ir-liecinieks-krimas-pussalas-militarizacijai-pauz-mierina","status":"publish","type":"post","link":"https:\/\/www.europesays.com\/lv\/57498\/","title":{"rendered":"Ikviens no mums \u0161obr\u012bd ir liecinieks Krimas pussalas militariz\u0101cijai, pau\u017e Mieri\u0146a"},"content":{"rendered":"<p>K\u0101 inform\u0113ja Saeimas Preses dienest\u0101, parlament\u0101rie\u0161i no visas pasaules pirmdien pulc\u0113jas Stokholm\u0101, lai piedal\u012btos Starptautiskaj\u0101 Krimas platformas ceturtaj\u0101 parlament\u0101raj\u0101 samit\u0101.<\/p>\n<p>Saeimas priek\u0161s\u0113d\u0113t\u0101ja samit\u0101 atg\u0101din\u0101ja, ka &#8220;ikviens no mums \u0161obr\u012bd ir liecinieks Krimas pussalas militariz\u0101cijai&#8221;.<\/p>\n<p>&#8220;\u0160odien katrs no mums var b\u016bt Krimas &#8220;balss&#8221;, turpinot izgaismot cilv\u0113kties\u012bbu p\u0101rk\u0101pumus, nelikum\u012bg\u0101s deport\u0101cijas, b\u0113rnu nolaup\u012b\u0161anu, piespiedu izmai\u0146as Krimas iedz\u012bvot\u0101ju strukt\u016br\u0101 un represijas pret Krimas tat\u0101riem,&#8221; sac\u012bja Mieri\u0146a.<\/p>\n<p>Vi\u0146a akcent\u0113ja, ka &#8220;Baltijas valstis \u013coti labi zina, cik neparedzams un b\u012bstams ir agresors, t\u0101p\u0113c turpin\u0101sim uzst\u0101j\u012bgi atg\u0101din\u0101t visai pasaulei &#8211; Krievija ir nemain\u012bgs apdraud\u0113jums mums visiem&#8221;.<\/p>\n<p>\u0160is ir br\u012bdis, kad mums &#8211; \u012bpa\u0161i Eiropas parlamentu l\u012bderiem &#8211; ir j\u0101sp\u0113j dar\u012bt vair\u0101k, uzsv\u0113ra Saeimas priek\u0161s\u0113d\u0113t\u0101ja. Nepiecie\u0161ams mobiliz\u0113t nacion\u0101los parlamentus un vald\u012bbas, lai atbalst\u012btu Ukrainu un piespiestu agresoru s\u0113sties pie sarunu galda, nor\u0101d\u012bja Mieri\u0146a.<\/p>\n<p>Saeimas priek\u0161s\u0113d\u0113t\u0101ja sac\u012bja, ka m\u0113s neb\u016bsim pild\u012bju\u0161i savu pien\u0101kumu k\u0101 civiliz\u0113ta sabiedr\u012bba, ja agresors paliks nesod\u012bts. Ir j\u0101izmanto visi starptautiskie tiesiskie meh\u0101nismi, lai Krievija un t\u0101s amatpersonas tiktu sauktas pie atbild\u012bbas par noziegumiem pret Ukrainas tautu, jo \u012bpa\u0161i pret b\u0113rniem, nor\u0101d\u012bja Saeimas sp\u012bkere.<\/p>\n","protected":false},"excerpt":{"rendered":"K\u0101 inform\u0113ja Saeimas Preses dienest\u0101, parlament\u0101rie\u0161i no visas pasaules pirmdien pulc\u0113jas Stokholm\u0101, lai piedal\u012btos Starptautiskaj\u0101 Krimas platformas ceturtaj\u0101&hellip;\n","protected":false},"author":2,"featured_media":57499,"comment_status":"","ping_status":"","sticky":false,"template":"","format":"standard","meta":{"footnotes":""},"categories":[5],"tags":[23,15493,28,29,3524,32,33,22,74,30,31,35,39,38,36,37,34,40,20,26,27,24,25,276,21],"class_list":{"0":"post-57498","1":"post","2":"type-post","3":"status-publish","4":"format-standard","5":"has-post-thumbnail","7":"category-aktualitates","8":"tag-aktualitates","9":"tag-asv-ukrainas-miera-plans","10":"tag-breaking-news","11":"tag-breakingnews","12":"tag-daiga-mierina","13":"tag-featured-news","14":"tag-featurednews","15":"tag-headlines","16":"tag-krievijas-iebrukums-ukraina","17":"tag-latest-news","18":"tag-latestnews","19":"tag-latvia","20":"tag-latvian","21":"tag-latviesu","22":"tag-latviesu-valoda","23":"tag-latviesuvaloda","24":"tag-latvija","25":"tag-lv","26":"tag-news","27":"tag-popularakas-zinas","28":"tag-popularakaszinas","29":"tag-top-stories","30":"tag-topstories","31":"tag-ukraina","32":"tag-zinas"},"share_on_mastodon":{"url":"https:\/\/pubeurope.com\/@lv\/115604442603591070","error":""},"_links":{"self":[{"href":"https:\/\/www.europesays.com\/lv\/wp-json\/wp\/v2\/posts\/57498","targetHints":{"allow":["GET"]}}],"collection":[{"href":"https:\/\/www.europesays.com\/lv\/wp-json\/wp\/v2\/posts"}],"about":[{"href":"https:\/\/www.europesays.com\/lv\/wp-json\/wp\/v2\/types\/post"}],"author":[{"embeddable":true,"href":"https:\/\/www.europesays.com\/lv\/wp-json\/wp\/v2\/users\/2"}],"replies":[{"embeddable":true,"href":"https:\/\/www.europesays.com\/lv\/wp-json\/wp\/v2\/comments?post=57498"}],"version-history":[{"count":0,"href":"https:\/\/www.europesays.com\/lv\/wp-json\/wp\/v2\/posts\/57498\/revisions"}],"wp:featuredmedia":[{"embeddable":true,"href":"https:\/\/www.europesays.com\/lv\/wp-json\/wp\/v2\/media\/57499"}],"wp:attachment":[{"href":"https:\/\/www.europesays.com\/lv\/wp-json\/wp\/v2\/media?parent=57498"}],"wp:term":[{"taxonomy":"category","embeddable":true,"href":"https:\/\/www.europesays.com\/lv\/wp-json\/wp\/v2\/categories?post=57498"},{"taxonomy":"post_tag","embeddable":true,"href":"https:\/\/www.europesays.com\/lv\/wp-json\/wp\/v2\/tags?post=57498"}],"curies":[{"name":"wp","href":"https:\/\/api.w.org\/{rel}","templated":true}]}}