{"id":57513,"date":"2025-11-24T11:48:22","date_gmt":"2025-11-24T11:48:22","guid":{"rendered":"https:\/\/www.europesays.com\/lv\/57513\/"},"modified":"2025-11-24T11:48:22","modified_gmt":"2025-11-24T11:48:22","slug":"slovenijas-referenduma-noraidits-likums-par-asistetajam-pasnavibam","status":"publish","type":"post","link":"https:\/\/www.europesays.com\/lv\/57513\/","title":{"rendered":"Slov\u0113nijas referendum\u0101 noraid\u012bts likums par asist\u0113taj\u0101m pa\u0161n\u0101v\u012bb\u0101m"},"content":{"rendered":"<p>Slov\u0113nij\u0101 sv\u0113tdien notiku\u0161aj\u0101 referendum\u0101 noraid\u012bts likums, kas paredz legaliz\u0113t asist\u0113t\u0101s pa\u0161n\u0101v\u012bbas, liecina da\u013c\u0113jie balsu skait\u012b\u0161anas rezult\u0101ti.<\/p>\n<p>Pret parlamenta apstiprin\u0101t\u0101 likuma st\u0101\u0161anos sp\u0113k\u0101 balsoju\u0161i 53% referenduma dal\u012bbnieku, kam\u0113r to atbalst\u012bju\u0161i tikai 47% balsot\u0101ju.<\/p>\n<p>Vair\u0101kas Eiropas valstis, taj\u0101 skait\u0101 Austrija, Be\u013c\u0123ija, N\u012bderlande un \u0160veice, jau \u013c\u0101vu\u0161as ne\u0101rst\u0113jami slimiem cilv\u0113kiem sa\u0146emt pal\u012bdz\u012bbu nomirt.<\/p>\n<p>P\u0113c tam, kad 2024. gad\u0101 slov\u0113\u0146i referendum\u0101 atbalst\u012bja asist\u0113to pa\u0161n\u0101v\u012bbu legaliz\u0101ciju, ar\u012b <a rel=\"noopener nofollow\" target=\"_blank\" href=\"https:\/\/www.delfi.lv\/temas\/39789463\/slovenija\" tag-id=\"39789463\">Slov\u0113nijas<\/a> parlaments pie\u0146\u0113ma attiec\u012bgu likumu.<\/p>\n<p>Ta\u010du, kad k\u0101da pilsonisk\u0101 organiz\u0101cija ar kato\u013cu bazn\u012bcas un konservat\u012bv\u0101s opoz\u012bcijas atbalstu sav\u0101ca 46 000 parakstu, tika izsludin\u0101ts atk\u0101rtots referendums.<\/p>\n<p>Slov\u0113nij\u0101 referenduma izsludin\u0101\u0161anai nepiecie\u0161ami 40 000 pilso\u0146u paraksti.<\/p>\n<p>Saska\u0146\u0101 ar likumu, ja vairums referenduma dal\u012bbnieku, kas sast\u0101da vismaz 20% no 1,7 miljonus liel\u0101 balssties\u012bgo pilso\u0146u kopskaita, parlamenta apstiprin\u0101to likumdo\u0161anas aktu noraida, tas sp\u0113k\u0101 nest\u0101jas.<\/p>\n<p>Likums, kam sp\u0113k\u0101 bija j\u0101st\u0101jas v\u0113l \u0161ogad, paredz, ka ne\u0101rst\u0113jami slimiem pacientiem ir ties\u012bbas sa\u0146emt pal\u012bdz\u012bbu nomirt, ja vi\u0146u cie\u0161anas ir nepanesamas un visas \u0101rstniec\u012bbas iesp\u0113jas ir izsmeltas.<\/p>\n<p>Pacientam ir ties\u012bbas uz pal\u012bdz\u012bbu nomirt, ja nepast\u0101v pamatotas izredzes uz atlab\u0161anu vai vi\u0146a st\u0101vok\u013ca uzlabo\u0161anos, ta\u010du ne gad\u012bjum\u0101, ja nepanesam\u0101s cie\u0161anas sag\u0101d\u0101 gar\u012bga slim\u012bba.<\/p>\n<p>Premjerministrs Roberts Golobs aicin\u0101ja pilso\u0146us atbalst\u012bt likumu, lai \u013cautu katram pa\u0161am lemt par sevi un ar cie\u0146u izbeigt savu dz\u012bvi.<\/p>\n<p>Savuk\u0101rt organiz\u0101cija &#8220;B\u0113rnu un \u0123imenes balss&#8221;, kas iest\u0101jas pret likumu, aps\u016bdz\u0113ja vald\u012bbu v\u0113lm\u0113 noind\u0113t slimos un vecos \u013caudis.<\/p>\n<p>Savuk\u0101rt kato\u013cu bazn\u012bca apgalvoja, ka likums esot pretrun\u0101 ar &#8220;tic\u012bbas, dabisko ties\u012bbu un cilv\u0113cisk\u0101s cie\u0146as pamatiem&#8221;.<\/p>\n<p>Aptaujas pirms referenduma liecin\u0101ja, ka asist\u0113to pa\u0161n\u0101v\u012bbu legaliz\u0101ciju atbalsta 54% slov\u0113\u0146u, bet 31% ir pret jauno likumu, kam\u0113r 15% pilso\u0146u v\u0113l nebija iz\u0161\u0137\u012bru\u0161ies.<\/p>\n<p>Ja likums referendum\u0101 tiek noraid\u012bts, parlaments par \u0161o jaut\u0101jumu atk\u0101rtoti dr\u012bkst lemt tikai p\u0113c gada.<\/p>\n<p class=\"m-0\">Seko &#8220;Delfi&#8221; ar\u012b  <a target=\"_blank\" href=\"https:\/\/www.instagram.com\/delfi.lv\/\" rel=\"nofollow noopener\">Instagram<\/a>  un <a target=\"_blank\" href=\"https:\/\/www.youtube.com\/channel\/UCw5foWtcJvAbUm64rv7jwUQ\" rel=\"nofollow noopener\">YouTube<\/a>  profil\u0101 \u2013 pievienojies, lai uzzin\u0101tu svar\u012bg\u0101ko un interesant\u0101ko pirmais!<\/p>\n<p>Publik\u0101cijas saturs vai t\u0101s jebk\u0101da apjoma da\u013ca ir aizsarg\u0101ts autorties\u012bbu objekts Autorties\u012bbu likuma izpratn\u0113, un t\u0101 izmanto\u0161ana bez izdev\u0113ja at\u013caujas ir aizliegta. Vair\u0101k lasi  <a target=\"_blank\" href=\"https:\/\/www.delfi.lv\/noteikumi#autortiesibas\" rel=\"nofollow noopener\">\u0161eit<\/a><script async src=\"\/\/www.instagram.com\/embed.js\"><\/script><\/p>\n","protected":false},"excerpt":{"rendered":"Slov\u0113nij\u0101 sv\u0113tdien notiku\u0161aj\u0101 referendum\u0101 noraid\u012bts likums, kas paredz legaliz\u0113t asist\u0113t\u0101s pa\u0161n\u0101v\u012bbas, liecina da\u013c\u0113jie balsu skait\u012b\u0161anas rezult\u0101ti. Pret parlamenta&hellip;\n","protected":false},"author":2,"featured_media":57514,"comment_status":"","ping_status":"","sticky":false,"template":"","format":"standard","meta":{"footnotes":""},"categories":[5],"tags":[23,28,29,32,33,22,30,31,35,39,38,36,37,34,40,20,26,27,1055,24,25,21],"class_list":{"0":"post-57513","1":"post","2":"type-post","3":"status-publish","4":"format-standard","5":"has-post-thumbnail","7":"category-aktualitates","8":"tag-aktualitates","9":"tag-breaking-news","10":"tag-breakingnews","11":"tag-featured-news","12":"tag-featurednews","13":"tag-headlines","14":"tag-latest-news","15":"tag-latestnews","16":"tag-latvia","17":"tag-latvian","18":"tag-latviesu","19":"tag-latviesu-valoda","20":"tag-latviesuvaloda","21":"tag-latvija","22":"tag-lv","23":"tag-news","24":"tag-popularakas-zinas","25":"tag-popularakaszinas","26":"tag-slovenija","27":"tag-top-stories","28":"tag-topstories","29":"tag-zinas"},"share_on_mastodon":{"url":"https:\/\/pubeurope.com\/@lv\/115604521233271948","error":""},"_links":{"self":[{"href":"https:\/\/www.europesays.com\/lv\/wp-json\/wp\/v2\/posts\/57513","targetHints":{"allow":["GET"]}}],"collection":[{"href":"https:\/\/www.europesays.com\/lv\/wp-json\/wp\/v2\/posts"}],"about":[{"href":"https:\/\/www.europesays.com\/lv\/wp-json\/wp\/v2\/types\/post"}],"author":[{"embeddable":true,"href":"https:\/\/www.europesays.com\/lv\/wp-json\/wp\/v2\/users\/2"}],"replies":[{"embeddable":true,"href":"https:\/\/www.europesays.com\/lv\/wp-json\/wp\/v2\/comments?post=57513"}],"version-history":[{"count":0,"href":"https:\/\/www.europesays.com\/lv\/wp-json\/wp\/v2\/posts\/57513\/revisions"}],"wp:featuredmedia":[{"embeddable":true,"href":"https:\/\/www.europesays.com\/lv\/wp-json\/wp\/v2\/media\/57514"}],"wp:attachment":[{"href":"https:\/\/www.europesays.com\/lv\/wp-json\/wp\/v2\/media?parent=57513"}],"wp:term":[{"taxonomy":"category","embeddable":true,"href":"https:\/\/www.europesays.com\/lv\/wp-json\/wp\/v2\/categories?post=57513"},{"taxonomy":"post_tag","embeddable":true,"href":"https:\/\/www.europesays.com\/lv\/wp-json\/wp\/v2\/tags?post=57513"}],"curies":[{"name":"wp","href":"https:\/\/api.w.org\/{rel}","templated":true}]}}