{"id":57536,"date":"2025-11-24T12:17:08","date_gmt":"2025-11-24T12:17:08","guid":{"rendered":"https:\/\/www.europesays.com\/lv\/57536\/"},"modified":"2025-11-24T12:17:08","modified_gmt":"2025-11-24T12:17:08","slug":"progresivie-versusies-generalprokuratura-par-zm-virzito-atbalstu-kokrupniekiem","status":"publish","type":"post","link":"https:\/\/www.europesays.com\/lv\/57536\/","title":{"rendered":"&#8220;Progres\u012bvie&#8221; v\u0113rsu\u0161ies \u0122ener\u0101lprokurat\u016br\u0101 par ZM virz\u012bto atbalstu kokr\u016bpniekiem"},"content":{"rendered":"<p>Piektdien &#8220;Progres\u012bvo&#8221; Saeimas frakcija nos\u016bt\u012bjusi v\u0113stuli \u0122ener\u0101lprokurat\u016brai &#8220;Par iesp\u0113jamu prettiesisku r\u012bc\u012bbu ar valsts mantu, valsts mantas nelikum\u012bgu atsavin\u0101\u0161anu, nodarot zaud\u0113jumus lielos apm\u0113ros, saist\u012bb\u0101 ar AS &#8220;Latvijas valsts me\u017ei&#8221; (LVM) komersantiem pieg\u0101d\u0101t\u0101s koksnes cenas samazin\u0101\u0161anu&#8221;. V\u0113stules kopija nos\u016bt\u012bta ar\u012b Konkurences padomei un Valsts kontrolei.<\/p>\n<p>V\u0113stul\u0113 frakcija l\u016bdz \u0122ener\u0101lprokurat\u016bru izv\u0113rt\u0113t iesp\u0113jamu prettiesisku darb\u012bbu &#8211; pilnvaru \u013caunpr\u0101t\u012bgu izmanto\u0161anu un p\u0101rsnieg\u0161anu, nolaid\u012bbu, dienesta st\u0101vok\u013ca \u013caunpr\u0101t\u012bgu izmanto\u0161anu, dienesta pilnvaru p\u0101rsnieg\u0161anu, nepatiesas inform\u0101cijas snieg\u0161anu &#8211; r\u012bc\u012bb\u0101 ar valsts mantu, valsts mantas nelikum\u012bgu atsavin\u0101\u0161anu jeb iz\u0161\u0137\u0113rd\u0113\u0161anu lielos apm\u0113ros vai zaud\u0113jumu rad\u012b\u0161anu valstij lielos apm\u0113ros, LVM pieg\u0101d\u0101jot koksni par samazin\u0101t\u0101m cen\u0101m t\u0101diem komersantiem k\u0101 AS &#8220;PATA Saldus&#8221; un SIA &#8220;PATA J\u0113kabpils&#8221;, p\u0101r\u0101k pla\u0161i attiecinot un piem\u0113rojot Ministru kabineta l\u0113mumus.<\/p>\n<p>V\u0113stul\u0113 frakcija nor\u0101da, ka abi ZM sagatavotie informat\u012bvie zi\u0146ojumi par atbalstu nozarei ir &#8220;\u0101rk\u0101rt\u012bgi nepiln\u012bgi, kas var\u0113tu b\u016bt novedis pie nepareiza Ministru kabineta l\u0113muma &#8211; samazin\u0101t koksnes cenu, t\u0101d\u0113j\u0101di it k\u0101 gl\u0101bjot kr\u012bz\u0113 eso\u0161o kokr\u016bpniec\u012bbas nozari&#8221;.<\/p>\n<p>K\u0101 nor\u0101da politiskais sp\u0113ks, ZM informat\u012bvaj\u0101 zi\u0146ojum\u0101, kuru 2023. gada 19. decembr\u012b izskat\u012bja vald\u012bb\u0101, nav rakst\u012bts, uz k\u0101da normat\u012bv\u0101 akta pamata t\u0101 pied\u0101v\u0101ja Ministru kabinetam ties\u012bbas noteikt p\u0101rdo\u0161anas cenu koksnes produkcijai, kori\u0123\u0113jot jau sp\u0113k\u0101 eso\u0161os nosl\u0113gtos l\u012bgumus, faktiski p\u0101r\u0146emot LVM uzdevumu. Publisk\u0101 p\u0101rvalde dr\u012bkst r\u012bkoties saska\u0146\u0101 ar normat\u012bvajiem aktiem, bet informat\u012bvie zi\u0146ojumi \u0161\u0101du tiesisko pamatojumu nesatur, nor\u0101da partija.<\/p>\n","protected":false},"excerpt":{"rendered":"Piektdien &#8220;Progres\u012bvo&#8221; Saeimas frakcija nos\u016bt\u012bjusi v\u0113stuli \u0122ener\u0101lprokurat\u016brai &#8220;Par iesp\u0113jamu prettiesisku r\u012bc\u012bbu ar valsts mantu, valsts mantas nelikum\u012bgu atsavin\u0101\u0161anu,&hellip;\n","protected":false},"author":2,"featured_media":57537,"comment_status":"","ping_status":"","sticky":false,"template":"","format":"standard","meta":{"footnotes":""},"categories":[12],"tags":[23,28,29,32,33,8749,22,11855,14000,30,31,35,39,38,36,37,34,40,20,26,27,352,24,25,21],"class_list":{"0":"post-57536","1":"post","2":"type-post","3":"status-publish","4":"format-standard","5":"has-post-thumbnail","7":"category-latvija","8":"tag-aktualitates","9":"tag-breaking-news","10":"tag-breakingnews","11":"tag-featured-news","12":"tag-featurednews","13":"tag-generalprokuratura","14":"tag-headlines","15":"tag-kokrupnieciba","16":"tag-kokrupnieki","17":"tag-latest-news","18":"tag-latestnews","19":"tag-latvia","20":"tag-latvian","21":"tag-latviesu","22":"tag-latviesu-valoda","23":"tag-latviesuvaloda","24":"tag-latvija","25":"tag-lv","26":"tag-news","27":"tag-popularakas-zinas","28":"tag-popularakaszinas","29":"tag-progresivie","30":"tag-top-stories","31":"tag-topstories","32":"tag-zinas"},"share_on_mastodon":{"url":"https:\/\/pubeurope.com\/@lv\/115604635187857335","error":""},"_links":{"self":[{"href":"https:\/\/www.europesays.com\/lv\/wp-json\/wp\/v2\/posts\/57536","targetHints":{"allow":["GET"]}}],"collection":[{"href":"https:\/\/www.europesays.com\/lv\/wp-json\/wp\/v2\/posts"}],"about":[{"href":"https:\/\/www.europesays.com\/lv\/wp-json\/wp\/v2\/types\/post"}],"author":[{"embeddable":true,"href":"https:\/\/www.europesays.com\/lv\/wp-json\/wp\/v2\/users\/2"}],"replies":[{"embeddable":true,"href":"https:\/\/www.europesays.com\/lv\/wp-json\/wp\/v2\/comments?post=57536"}],"version-history":[{"count":0,"href":"https:\/\/www.europesays.com\/lv\/wp-json\/wp\/v2\/posts\/57536\/revisions"}],"wp:featuredmedia":[{"embeddable":true,"href":"https:\/\/www.europesays.com\/lv\/wp-json\/wp\/v2\/media\/57537"}],"wp:attachment":[{"href":"https:\/\/www.europesays.com\/lv\/wp-json\/wp\/v2\/media?parent=57536"}],"wp:term":[{"taxonomy":"category","embeddable":true,"href":"https:\/\/www.europesays.com\/lv\/wp-json\/wp\/v2\/categories?post=57536"},{"taxonomy":"post_tag","embeddable":true,"href":"https:\/\/www.europesays.com\/lv\/wp-json\/wp\/v2\/tags?post=57536"}],"curies":[{"name":"wp","href":"https:\/\/api.w.org\/{rel}","templated":true}]}}