{"id":57623,"date":"2025-11-24T13:43:09","date_gmt":"2025-11-24T13:43:09","guid":{"rendered":"https:\/\/www.europesays.com\/lv\/57623\/"},"modified":"2025-11-24T13:43:09","modified_gmt":"2025-11-24T13:43:09","slug":"iekslietu-ministrija-skaidro-ka-tika-pamaniti-cigaresu-kontrabandistu-baloni","status":"publish","type":"post","link":"https:\/\/www.europesays.com\/lv\/57623\/","title":{"rendered":"Iek\u0161lietu ministrija skaidro, k\u0101 tika paman\u012bti cigare\u0161u kontrabandistu baloni"},"content":{"rendered":"<p>No sv\u0113tdienas vakara l\u012bdz pirmdienas r\u012btam <a href=\"https:\/\/www.apollo.lv\/term\/556133\/nbs\" class=\"topicLink\" target=\"_blank\" rel=\"nofollow noopener\">NBS<\/a> radaru sist\u0113m\u0101s nov\u0113roja vair\u0101kus gaisa objektus, kas da\u017e\u0101dos interv\u0101los, \u0161\u0137\u0113rsojot Latvijas-Baltkrievijas valsts robe\u017eu, ielidoja Latvijas gaisa telp\u0101, a\u0123ent\u016bru LETA inform\u0113ja Iek\u0161lietu ministrija.<\/p>\n<p>Uzreiz p\u0113c inform\u0101cijas sa\u0146em\u0161anas Valsts robe\u017esardze kop\u0101 ar Valsts policiju s\u0101ka operat\u012bv\u0101s darb\u012bbas vair\u0101kos Latvijas austrumu pierobe\u017eas novados, veicot teritoriju p\u0101rbaudes, patrul\u0113\u0161anu un objektu mekl\u0113\u0161anu.<\/p>\n<p>Iek\u0161lietu ministrs Rihards Kozlovskis (JV) akcent\u0113, ka ir kritisk\u0101 infrastrukt\u016bra nav apdraud\u0113ta, ta\u010du \u0161is \u0161obr\u012bd ir viens no veidiem, k\u0101 Latvij\u0101 tiek iepludin\u0101tas neleg\u0101l\u0101s <a href=\"https:\/\/www.apollo.lv\/term\/557061\/cigaretes\" class=\"topicLink\" target=\"_blank\" rel=\"nofollow noopener\">cigaretes<\/a>. Latvijas atbild\u012bgie dienesti nep\u0101rtraukti monitor\u0113 situ\u0101ciju uz robe\u017eas. Tom\u0113r no vakardienas vakara dienesti str\u0101d\u0101ja pastiprin\u0101t\u0101 re\u017e\u012bm\u0101 l\u012bdz pat r\u012btam. Pa\u0161laik ir p\u0101rtvertas asto\u0146as meteozondes, un ar vienu \u0161\u0101du zondi tiek p\u0101rvietotas aptuveni no 60 000 l\u012bdz 120 000 cigaret\u0113m. Dienesti turpina akt\u012bvi str\u0101d\u0101t, un skait\u013ci dienas laik\u0101 var main\u012bties.<\/p>\n<p>\u0160obr\u012bd dienesti kopum\u0101 ir iz\u0146\u0113mu\u0161i asto\u0146as meteozondes ar vair\u0101k nek\u0101 720 000 neleg\u0101lu cigare\u0161u.<\/p>\n<p>Valsts robe\u017esardze un Valsts policija aicina iedz\u012bvot\u0101jus zi\u0146ot par \u0161\u0101diem objektiem, zvanot uz 112. T\u0101pat dienesti aicina \u0161iem objektiem netuvoties vai nem\u0113\u0123in\u0101t tos pa\u0161roc\u012bgi nos\u0113din\u0101t.<\/p>\n","protected":false},"excerpt":{"rendered":"No sv\u0113tdienas vakara l\u012bdz pirmdienas r\u012btam NBS radaru sist\u0113m\u0101s nov\u0113roja vair\u0101kus gaisa objektus, kas da\u017e\u0101dos interv\u0101los, \u0161\u0137\u0113rsojot Latvijas-Baltkrievijas&hellip;\n","protected":false},"author":2,"featured_media":57624,"comment_status":"","ping_status":"","sticky":false,"template":"","format":"standard","meta":{"footnotes":""},"categories":[5],"tags":[23,28,29,1818,32,33,22,1817,30,31,35,39,38,36,37,34,40,2837,20,26,27,24,25,21],"class_list":{"0":"post-57623","1":"post","2":"type-post","3":"status-publish","4":"format-standard","5":"has-post-thumbnail","7":"category-aktualitates","8":"tag-aktualitates","9":"tag-breaking-news","10":"tag-breakingnews","11":"tag-cigaretes","12":"tag-featured-news","13":"tag-featurednews","14":"tag-headlines","15":"tag-kontrabandas-cigaretes","16":"tag-latest-news","17":"tag-latestnews","18":"tag-latvia","19":"tag-latvian","20":"tag-latviesu","21":"tag-latviesu-valoda","22":"tag-latviesuvaloda","23":"tag-latvija","24":"tag-lv","25":"tag-nbs","26":"tag-news","27":"tag-popularakas-zinas","28":"tag-popularakaszinas","29":"tag-top-stories","30":"tag-topstories","31":"tag-zinas"},"share_on_mastodon":{"url":"https:\/\/pubeurope.com\/@lv\/115604973376806643","error":""},"_links":{"self":[{"href":"https:\/\/www.europesays.com\/lv\/wp-json\/wp\/v2\/posts\/57623","targetHints":{"allow":["GET"]}}],"collection":[{"href":"https:\/\/www.europesays.com\/lv\/wp-json\/wp\/v2\/posts"}],"about":[{"href":"https:\/\/www.europesays.com\/lv\/wp-json\/wp\/v2\/types\/post"}],"author":[{"embeddable":true,"href":"https:\/\/www.europesays.com\/lv\/wp-json\/wp\/v2\/users\/2"}],"replies":[{"embeddable":true,"href":"https:\/\/www.europesays.com\/lv\/wp-json\/wp\/v2\/comments?post=57623"}],"version-history":[{"count":0,"href":"https:\/\/www.europesays.com\/lv\/wp-json\/wp\/v2\/posts\/57623\/revisions"}],"wp:featuredmedia":[{"embeddable":true,"href":"https:\/\/www.europesays.com\/lv\/wp-json\/wp\/v2\/media\/57624"}],"wp:attachment":[{"href":"https:\/\/www.europesays.com\/lv\/wp-json\/wp\/v2\/media?parent=57623"}],"wp:term":[{"taxonomy":"category","embeddable":true,"href":"https:\/\/www.europesays.com\/lv\/wp-json\/wp\/v2\/categories?post=57623"},{"taxonomy":"post_tag","embeddable":true,"href":"https:\/\/www.europesays.com\/lv\/wp-json\/wp\/v2\/tags?post=57623"}],"curies":[{"name":"wp","href":"https:\/\/api.w.org\/{rel}","templated":true}]}}