{"id":57627,"date":"2025-11-24T13:48:08","date_gmt":"2025-11-24T13:48:08","guid":{"rendered":"https:\/\/www.europesays.com\/lv\/57627\/"},"modified":"2025-11-24T13:48:08","modified_gmt":"2025-11-24T13:48:08","slug":"par-jurmalas-domes-jaunas-komitejas-vaditaju-ievelets-truksnis","status":"publish","type":"post","link":"https:\/\/www.europesays.com\/lv\/57627\/","title":{"rendered":"Par J\u016brmalas domes jaun\u0101s komitejas vad\u012bt\u0101ju iev\u0113l\u0113ts Truksnis"},"content":{"rendered":"<p>Opoz\u012bcijas p\u0101rst\u0101vji koment\u0113ja, ka jau pa\u0161laik dom\u0113 ir p\u0101r\u0101k daudz komiteju, turkl\u0101t nav skaidrs, k\u0101dus jaut\u0101jumus izskat\u012bs jaun\u0101 komiteja.<\/p>\n<p>Paredz\u0113ts, ka jaun\u0101s komitejas darba nodro\u0161in\u0101\u0161anai, iek\u013caujot t\u0101s vad\u012bt\u0101ja atalgojumu, gad\u0101 b\u016bs nepiecie\u0161ami nepilni 23 000 eiro.<\/p>\n<p>Komitejas izveidi pa\u0161vald\u012bb\u0101 pamato ar nepiecie\u0161am\u012bbu nodro\u0161in\u0101t koordin\u0113tu un m\u0113r\u0137tiec\u012bgu pa\u0161vald\u012bbas ilgtermi\u0146a att\u012bst\u012bbu.<\/p>\n<p>&#8220;Pa\u0161vald\u012bbas kop\u0113j\u0101 att\u012bst\u012bba ir balst\u012bta uz ekonomisko izaugsmi, kas prasa koordin\u0113tu pieeju l\u0113mumu pie\u0146em\u0161an\u0101. Strat\u0113\u0123isk\u0101s pl\u0101no\u0161anas jaut\u0101jumu komitejas kompetenc\u0113 b\u016bs izskat\u012bt jaut\u0101jumus, kas skar pa\u0161vald\u012bbas kop\u0113jo, k\u0101 ar\u012b pa\u0161vald\u012bbas kompetenc\u0113 eso\u0161o nozaru att\u012bst\u012bbu, nodro\u0161inot saska\u0146otu procesu pl\u0101no\u0161anu, da\u017e\u0101du nozaru intere\u0161u sabalans\u0113\u0161anu,&#8221; pausts saisto\u0161o noteikumu paskaidrojuma rakst\u0101.<\/p>\n<p>Strat\u0113\u0123isk\u0101s pl\u0101no\u0161anas jaut\u0101jumu komiteja izskat\u012bs J\u016brmalas domes l\u0113mumus, kas skar p\u0101rnozaru att\u012bst\u012bbas jaut\u0101jumus. T\u0101pat min\u0113t\u0101s komitejas funkcij\u0101s ietilps pa\u0161vald\u012bbas administr\u0101cijas b\u016btisku organizatorisko jaut\u0101jumu izskat\u012b\u0161ana, atzinumu snieg\u0161ana par J\u016brmalas domes l\u0113mumu projektiem, kas skar min\u0113tos pa\u0161vald\u012bbas administr\u0101cijas iek\u0161\u0113jos procesus.<\/p>\n<p>L\u012bdz \u0161im dom\u0113 bija septi\u0146as komitejas &#8211; Finan\u0161u komiteja, Pils\u0113tsaimniec\u012bbas un transporta jaut\u0101jumu komiteja, Soci\u0101lo, vesel\u012bbas un m\u0101jok\u013cu jaut\u0101jumu komiteja, Izgl\u012bt\u012bbas, jaunatnes un sporta jaut\u0101jumu komiteja, Att\u012bst\u012bbas un vides jaut\u0101jumu komiteja, Kult\u016bras, t\u016brisma un kurortolo\u0123ijas komiteja, k\u0101 ar\u012b Dro\u0161\u012bbas jaut\u0101jumu komiteja.<\/p>\n","protected":false},"excerpt":{"rendered":"Opoz\u012bcijas p\u0101rst\u0101vji koment\u0113ja, ka jau pa\u0161laik dom\u0113 ir p\u0101r\u0101k daudz komiteju, turkl\u0101t nav skaidrs, k\u0101dus jaut\u0101jumus izskat\u012bs jaun\u0101&hellip;\n","protected":false},"author":2,"featured_media":57628,"comment_status":"","ping_status":"","sticky":false,"template":"","format":"standard","meta":{"footnotes":""},"categories":[12],"tags":[23,28,29,32,33,10343,22,30,31,35,39,38,36,37,34,40,20,26,27,24,25,21],"class_list":{"0":"post-57627","1":"post","2":"type-post","3":"status-publish","4":"format-standard","5":"has-post-thumbnail","7":"category-latvija","8":"tag-aktualitates","9":"tag-breaking-news","10":"tag-breakingnews","11":"tag-featured-news","12":"tag-featurednews","13":"tag-gatis-truksnis","14":"tag-headlines","15":"tag-latest-news","16":"tag-latestnews","17":"tag-latvia","18":"tag-latvian","19":"tag-latviesu","20":"tag-latviesu-valoda","21":"tag-latviesuvaloda","22":"tag-latvija","23":"tag-lv","24":"tag-news","25":"tag-popularakas-zinas","26":"tag-popularakaszinas","27":"tag-top-stories","28":"tag-topstories","29":"tag-zinas"},"share_on_mastodon":{"url":"https:\/\/pubeurope.com\/@lv\/115604993128455457","error":""},"_links":{"self":[{"href":"https:\/\/www.europesays.com\/lv\/wp-json\/wp\/v2\/posts\/57627","targetHints":{"allow":["GET"]}}],"collection":[{"href":"https:\/\/www.europesays.com\/lv\/wp-json\/wp\/v2\/posts"}],"about":[{"href":"https:\/\/www.europesays.com\/lv\/wp-json\/wp\/v2\/types\/post"}],"author":[{"embeddable":true,"href":"https:\/\/www.europesays.com\/lv\/wp-json\/wp\/v2\/users\/2"}],"replies":[{"embeddable":true,"href":"https:\/\/www.europesays.com\/lv\/wp-json\/wp\/v2\/comments?post=57627"}],"version-history":[{"count":0,"href":"https:\/\/www.europesays.com\/lv\/wp-json\/wp\/v2\/posts\/57627\/revisions"}],"wp:featuredmedia":[{"embeddable":true,"href":"https:\/\/www.europesays.com\/lv\/wp-json\/wp\/v2\/media\/57628"}],"wp:attachment":[{"href":"https:\/\/www.europesays.com\/lv\/wp-json\/wp\/v2\/media?parent=57627"}],"wp:term":[{"taxonomy":"category","embeddable":true,"href":"https:\/\/www.europesays.com\/lv\/wp-json\/wp\/v2\/categories?post=57627"},{"taxonomy":"post_tag","embeddable":true,"href":"https:\/\/www.europesays.com\/lv\/wp-json\/wp\/v2\/tags?post=57627"}],"curies":[{"name":"wp","href":"https:\/\/api.w.org\/{rel}","templated":true}]}}