{"id":57631,"date":"2025-11-24T13:53:11","date_gmt":"2025-11-24T13:53:11","guid":{"rendered":"https:\/\/www.europesays.com\/lv\/57631\/"},"modified":"2025-11-24T13:53:11","modified_gmt":"2025-11-24T13:53:11","slug":"pec-izraelas-premjerministra-rikojuma-likvidets-hezbollah-staba-prieksnieks","status":"publish","type":"post","link":"https:\/\/www.europesays.com\/lv\/57631\/","title":{"rendered":"P\u0113c Izra\u0113las premjerministra r\u012bkojuma likvid\u0113ts &#8220;Hezbollah&#8221; \u0161t\u0101ba priek\u0161nieks"},"content":{"rendered":"<p>P\u0113c Izra\u0113las premjerministra Benjamina Netanjahu r\u012bkojuma gaisa triecien\u0101 Beir\u016btai sv\u0113tdien likvid\u0113ts \u0161i\u012btu teroristisk\u0101 grup\u0113juma &#8220;Hezbollah&#8221; \u0161t\u0101ba priek\u0161nieks.<\/p>\n<p>Pirms br\u012b\u017ea Izra\u0113las armija uzbruka &#8220;Hezbollah&#8221; \u0161t\u0101ba priek\u0161niekam, kas vad\u012bja teroristisk\u0101 grup\u0113juma p\u0101rapbru\u0146o\u0161anos, teikts iepriek\u0161 izplat\u012btaj\u0101 Netanjahu kancelejas pazi\u0146ojum\u0101, uzsverot, ka Izra\u0113la ir ap\u0146\u0113m\u012bbas pilna sasniegt savus m\u0113r\u0137us.<\/p>\n<p>Tikm\u0113r Lib\u0101na pazi\u0146ojusi, ka izra\u0113lie\u0161u triecien\u0101 vismaz pieci cilv\u0113ki ir nogalin\u0101ti, bet 28 guvu\u0161i ievainojumus.<\/p>\n<p>Trieciens sk\u0101ra bl\u012bvi apdz\u012bvot\u0101s Beir\u016btas dienvidu priek\u0161pils\u0113tas, kur &#8220;Hezbollah&#8221; ir liela ietekme.<\/p>\n<p>A\u0123ent\u016bras AFP korespondents no notikumu vietas pav\u0113st\u012bja, ka trieciens tr\u0101p\u012bjis k\u0101das devi\u0146st\u0101vu \u0113kas tre\u0161aj\u0101 un ceturtaj\u0101 st\u0101v\u0101.<\/p>\n<p>savuk\u0101rt Lib\u0101nas nacion\u0101l\u0101 a\u0123ent\u016bra NNA zi\u0146oja, ka Izra\u0113la uz \u0113ku iz\u0161\u0101vusi tr\u012bs ra\u0137etes.<\/p>\n<p>Lib\u0101nas varasiest\u0101des nav atkl\u0101ju\u0161as nogalin\u0101to identit\u0101ti, ta\u010du Izra\u0113las armija neilgi p\u0113c uzlidojuma pazi\u0146oja, ka likvid\u0113ts &#8220;Hezbollah&#8221; \u0123ener\u0101l\u0161t\u0101ba priek\u0161nieks Haithams Ali Tabatabai.<\/p>\n<p>Zi\u0146a papildin\u0101ta 24. novembr\u012b plkst. 7.37.<\/p>\n<p><img decoding=\"async\" src=\"https:\/\/www.europesays.com\/lv\/wp-content\/uploads\/2025\/11\/b36189adbe430a5af8a8175c239492f4.jpg\" title=\"Benjamins Netanjahu. Foto:  EPA\/ABIR SULTAN\" alt=\"Benjamins Netanjahu. Foto:  EPA\/ABIR SULTAN\"\/><\/p>\n<p class=\"article-img-desc\">Benjamins Netanjahu. Foto:  EPA\/ABIR SULTAN<\/p>\n","protected":false},"excerpt":{"rendered":"P\u0113c Izra\u0113las premjerministra Benjamina Netanjahu r\u012bkojuma gaisa triecien\u0101 Beir\u016btai sv\u0113tdien likvid\u0113ts \u0161i\u012btu teroristisk\u0101 grup\u0113juma &#8220;Hezbollah&#8221; \u0161t\u0101ba priek\u0161nieks. Pirms&hellip;\n","protected":false},"author":2,"featured_media":57632,"comment_status":"","ping_status":"","sticky":false,"template":"","format":"standard","meta":{"footnotes":""},"categories":[14],"tags":[129,318,15509,1209,23,57,28,29,32,33,22,30,31,35,39,38,36,37,34,40,20,26,27,319,1210,15510,320,1211,15511,24,25,54,55,56,21,58],"class_list":{"0":"post-57631","1":"post","2":"type-post","3":"status-publish","4":"format-standard","5":"has-post-thumbnail","7":"category-zinas-no-arvalstim","8":"tag-__typenameadvicekeyword","9":"tag-id1144","10":"tag-id1147","11":"tag-id824","12":"tag-aktualitates","13":"tag-arvalstim","14":"tag-breaking-news","15":"tag-breakingnews","16":"tag-featured-news","17":"tag-featurednews","18":"tag-headlines","19":"tag-latest-news","20":"tag-latestnews","21":"tag-latvia","22":"tag-latvian","23":"tag-latviesu","24":"tag-latviesu-valoda","25":"tag-latviesuvaloda","26":"tag-latvija","27":"tag-lv","28":"tag-news","29":"tag-popularakas-zinas","30":"tag-popularakaszinas","31":"tag-slugizraela","32":"tag-slugpolitika","33":"tag-slugterorisms","34":"tag-titleizraela","35":"tag-titlepolitika","36":"tag-titleterorisms","37":"tag-top-stories","38":"tag-topstories","39":"tag-world","40":"tag-world-news","41":"tag-worldnews","42":"tag-zinas","43":"tag-zinas-no-arvalstim"},"share_on_mastodon":{"url":"","error":"Validation failed: Text character limit of 500 exceeded"},"_links":{"self":[{"href":"https:\/\/www.europesays.com\/lv\/wp-json\/wp\/v2\/posts\/57631","targetHints":{"allow":["GET"]}}],"collection":[{"href":"https:\/\/www.europesays.com\/lv\/wp-json\/wp\/v2\/posts"}],"about":[{"href":"https:\/\/www.europesays.com\/lv\/wp-json\/wp\/v2\/types\/post"}],"author":[{"embeddable":true,"href":"https:\/\/www.europesays.com\/lv\/wp-json\/wp\/v2\/users\/2"}],"replies":[{"embeddable":true,"href":"https:\/\/www.europesays.com\/lv\/wp-json\/wp\/v2\/comments?post=57631"}],"version-history":[{"count":0,"href":"https:\/\/www.europesays.com\/lv\/wp-json\/wp\/v2\/posts\/57631\/revisions"}],"wp:featuredmedia":[{"embeddable":true,"href":"https:\/\/www.europesays.com\/lv\/wp-json\/wp\/v2\/media\/57632"}],"wp:attachment":[{"href":"https:\/\/www.europesays.com\/lv\/wp-json\/wp\/v2\/media?parent=57631"}],"wp:term":[{"taxonomy":"category","embeddable":true,"href":"https:\/\/www.europesays.com\/lv\/wp-json\/wp\/v2\/categories?post=57631"},{"taxonomy":"post_tag","embeddable":true,"href":"https:\/\/www.europesays.com\/lv\/wp-json\/wp\/v2\/tags?post=57631"}],"curies":[{"name":"wp","href":"https:\/\/api.w.org\/{rel}","templated":true}]}}