{"id":57637,"date":"2025-11-24T13:58:08","date_gmt":"2025-11-24T13:58:08","guid":{"rendered":"https:\/\/www.europesays.com\/lv\/57637\/"},"modified":"2025-11-24T13:58:08","modified_gmt":"2025-11-24T13:58:08","slug":"xoriant-iegadajies-latvijas-uznemumu-testdevlab","status":"publish","type":"post","link":"https:\/\/www.europesays.com\/lv\/57637\/","title":{"rendered":"Xoriant&#8221; ieg\u0101d\u0101jies Latvijas uz\u0146\u0113mumu &#8220;TestDevLab"},"content":{"rendered":"<p>Komp\u0101nijas p\u0101rst\u0101vji dar\u012bjuma cenu a\u0123ent\u016brai LETA neatkl\u0101ja.<\/p>\n<p>&#8220;TestDevLab&#8221; l\u012bdz \u0161im uz pus\u0113m pieder\u0113ja SIA &#8220;FF Investments&#8221;, kuras \u012bpa\u0161nieks ir Andrejs Fri\u0161felds, un SIA &#8220;EG Investments&#8221;, kuras \u012bpa\u0161nieks ir Ervins Gr\u012bnfelds. Dar\u012bjuma laik\u0101 &#8220;Xoriant&#8221; p\u0101rdotas 100% &#8220;TestDevLab&#8221; kapit\u0101lda\u013cas.<\/p>\n<p>Komp\u0101nij\u0101 atz\u012bm\u0113, ka &#8220;TestDevLab&#8221; turpin\u0101s darbu, saglab\u0101jot nosaukumu, z\u012bmolu un vad\u012bbas komandu. Vienlaikus uz\u0146\u0113muma l\u012bdzdibin\u0101t\u0101ji Fri\u0161felds un Gr\u012bnfelds saglab\u0101s izpilddirektoru amatus, k\u0101 ar\u012b in\u017eenieri turpin\u0101s str\u0101d\u0101t ar eso\u0161ajiem klientiem un projektu komand\u0101m, kuru sast\u0101vs nemain\u012b\u0161oties.<\/p>\n<p>Komp\u0101nij\u0101 atz\u012bm\u0113, ka \u0161\u0101ds solis pal\u012bdz\u0113s apvienot &#8220;TestDevLab&#8221; digit\u0101lo produktu test\u0113\u0161anas pieredzi ar &#8220;Xoriant&#8221; IT pakalpojumu kl\u0101stu un atpaz\u012bstam\u012bbu pasaules tirgos.<\/p>\n<p>&#8220;TestDevLab&#8221; l\u012bdzdibin\u0101t\u0101js Gr\u012bnfelds nor\u0101da, ka &#8220;TestDevLab&#8221; mekl\u0113ja ce\u013cus strauj\u0101kai uz\u0146\u0113muma m\u0113rogo\u0161anai, savuk\u0101rt &#8220;Xoriant&#8221; v\u0113l\u0113j\u0101s stiprin\u0101t kvalit\u0101ti un test\u0113\u0161anas kompetences, t\u0101d\u0113\u013c uz\u0146\u0113mumu m\u0113r\u0137i sakrita.<\/p>\n<p>&#8220;Xoriant&#8221; izpilddirektors Rohits Kedia papildina, ka &#8220;TestDevLab&#8221; pievieno\u0161an\u0101s stiprin\u0101s &#8220;Xoriant&#8221; kvalit\u0101tes nodro\u0161in\u0101\u0161anas un test\u0113\u0161anas l\u012bdera poz\u012bcijas gan tradicion\u0101l\u0101m, gan m\u0101ksl\u012bg\u0101 intelekta balst\u012bt\u0101m sist\u0113m\u0101m.<\/p>\n<p>Ieg\u016bstot piek\u013cuvi &#8220;Xoriant&#8221; klientu t\u012bklam, &#8220;TestDevLab&#8221; prognoz\u0113 strauj\u0101ku darbavietu skaita pieaugumu.<\/p>\n<p>Uz\u0146\u0113mum\u0101 atz\u012bm\u0113, ka \u0161is ir ceturtais &#8220;Xoriant&#8221; pirk\u0161anas dar\u012bjums. 2024. gada septembr\u012b tas ieg\u0101d\u0101j\u0101s Indijas &#8220;FEXLE Services&#8221;, 2024. gada febru\u0101r\u012b &#8211; Indijas &#8220;MapleLabs&#8221;, bet 2023. gada august\u0101 &#8211; Indijas &#8220;Thoucentric&#8221;.<\/p>\n","protected":false},"excerpt":{"rendered":"Komp\u0101nijas p\u0101rst\u0101vji dar\u012bjuma cenu a\u0123ent\u016brai LETA neatkl\u0101ja. &#8220;TestDevLab&#8221; l\u012bdz \u0161im uz pus\u0113m pieder\u0113ja SIA &#8220;FF Investments&#8221;, kuras \u012bpa\u0161nieks&hellip;\n","protected":false},"author":2,"featured_media":57638,"comment_status":"","ping_status":"","sticky":false,"template":"","format":"standard","meta":{"footnotes":""},"categories":[16],"tags":[77,76,35,39,38,36,37,34,40,15513,793],"class_list":{"0":"post-57637","1":"post","2":"type-post","3":"status-publish","4":"format-standard","5":"has-post-thumbnail","7":"category-bizness","8":"tag-bizness","9":"tag-business","10":"tag-latvia","11":"tag-latvian","12":"tag-latviesu","13":"tag-latviesu-valoda","14":"tag-latviesuvaloda","15":"tag-latvija","16":"tag-lv","17":"tag-testdevlab","18":"tag-uznemejdarbiba"},"share_on_mastodon":{"url":"https:\/\/pubeurope.com\/@lv\/115605032451821503","error":""},"_links":{"self":[{"href":"https:\/\/www.europesays.com\/lv\/wp-json\/wp\/v2\/posts\/57637","targetHints":{"allow":["GET"]}}],"collection":[{"href":"https:\/\/www.europesays.com\/lv\/wp-json\/wp\/v2\/posts"}],"about":[{"href":"https:\/\/www.europesays.com\/lv\/wp-json\/wp\/v2\/types\/post"}],"author":[{"embeddable":true,"href":"https:\/\/www.europesays.com\/lv\/wp-json\/wp\/v2\/users\/2"}],"replies":[{"embeddable":true,"href":"https:\/\/www.europesays.com\/lv\/wp-json\/wp\/v2\/comments?post=57637"}],"version-history":[{"count":0,"href":"https:\/\/www.europesays.com\/lv\/wp-json\/wp\/v2\/posts\/57637\/revisions"}],"wp:featuredmedia":[{"embeddable":true,"href":"https:\/\/www.europesays.com\/lv\/wp-json\/wp\/v2\/media\/57638"}],"wp:attachment":[{"href":"https:\/\/www.europesays.com\/lv\/wp-json\/wp\/v2\/media?parent=57637"}],"wp:term":[{"taxonomy":"category","embeddable":true,"href":"https:\/\/www.europesays.com\/lv\/wp-json\/wp\/v2\/categories?post=57637"},{"taxonomy":"post_tag","embeddable":true,"href":"https:\/\/www.europesays.com\/lv\/wp-json\/wp\/v2\/tags?post=57637"}],"curies":[{"name":"wp","href":"https:\/\/api.w.org\/{rel}","templated":true}]}}