{"id":57694,"date":"2025-11-24T15:08:08","date_gmt":"2025-11-24T15:08:08","guid":{"rendered":"https:\/\/www.europesays.com\/lv\/57694\/"},"modified":"2025-11-24T15:08:08","modified_gmt":"2025-11-24T15:08:08","slug":"silina-pasniegusi-pavestam-ipasu-davanu-no-latvijas","status":"publish","type":"post","link":"https:\/\/www.europesays.com\/lv\/57694\/","title":{"rendered":"Sili\u0146a pasniegusi p\u0101vestam \u012bpa\u0161u d\u0101vanu no Latvijas"},"content":{"rendered":"<p>Priv\u0101taj\u0101 audienc\u0113 premjere pasniedza p\u0101vestam d\u0101vanu no Latvijas &#8211; N\u012bcas-B\u0101rtas tautast\u0113rpa etnogr\u0101fisko vainagu un D\u017eemmas Skulmes gleznas &#8220;Mantojums. II Dziesma&#8221; fotoreprodukciju. Sili\u0146a uzsv\u0113ra, ka \u0161\u012b d\u0101vana simboliski savij kristiet\u012bbu ar latvie\u0161u tautas trad\u012bcij\u0101m un atg\u0101dina par Latvijas identit\u0101tes ce\u013cu cauri v\u0113sturei.<\/p>\n<p>&#8220;Padomju okup\u0101cijas laik\u0101 Latvija \u013coti daudz zaud\u0113ja. Nebija \u013cauts br\u012bvi pulc\u0113ties, izpaust tic\u012bbu un m\u016bsu kult\u016bru. D\u0101vinot \u0161o kroni, es jutu, ka varu dro\u0161i teikt: Latvija ir atguvusi savu sp\u0113ku, savu identit\u0101ti, tic\u012bbu un latvie\u0161u valodu,&#8221; teica Sili\u0146a, piebilstot, ka p\u0101vestam bijis patiess prieks redz\u0113t, cik kupl\u0101 skait\u0101 tic\u012bgie no Latvijas devu\u0161ies Nacion\u0101laj\u0101 sv\u0113tce\u013cojum\u0101.<\/p>\n<p>Ministru prezidente tik\u0101s ar\u012b ar Sv\u0113t\u0101 Kr\u0113sla Valsts sekret\u0101ru kardin\u0101lu Pjetro Parolinu. Sarun\u0101s tika apliecin\u0101ta abu pu\u0161u gatav\u012bba turpin\u0101t dialogu par mieru, dro\u0161\u012bbu, ekumenisma trad\u012bcij\u0101m Latvij\u0101, starptautisko ties\u012bbu noz\u012bmi un sadarb\u012bbu starptautiskaj\u0101s organiz\u0101cij\u0101s.<\/p>\n<p>Latvijas premjere p\u0113c tik\u0161an\u0101s uzsv\u0113ra, ka Latvija v\u0113sturiski ir cie\u0161i saist\u012bta ar kristiet\u012bbu. &#8220;Jau izsenis m\u016bsu zemi d\u0113v\u0113ja par Terra Mariana jeb Marijas zemi, kas simboliz\u0113ja m\u016bsu pieder\u012bbu krist\u012bgajai Eiropai un tic\u012bbu k\u0101 gar\u012bgu balstu da\u017e\u0101dos laikos. Ar\u012b \u0161odien m\u016bs vieno tic\u012bba, cer\u012bba un miera centieni,&#8221; teica Sili\u0146a.<\/p>\n","protected":false},"excerpt":{"rendered":"Priv\u0101taj\u0101 audienc\u0113 premjere pasniedza p\u0101vestam d\u0101vanu no Latvijas &#8211; N\u012bcas-B\u0101rtas tautast\u0113rpa etnogr\u0101fisko vainagu un D\u017eemmas Skulmes gleznas &#8220;Mantojums.&hellip;\n","protected":false},"author":2,"featured_media":57695,"comment_status":"","ping_status":"","sticky":false,"template":"","format":"standard","meta":{"footnotes":""},"categories":[12],"tags":[23,28,29,1249,32,33,22,30,31,35,39,38,36,37,34,40,20,12423,26,27,24,25,21],"class_list":{"0":"post-57694","1":"post","2":"type-post","3":"status-publish","4":"format-standard","5":"has-post-thumbnail","7":"category-latvija","8":"tag-aktualitates","9":"tag-breaking-news","10":"tag-breakingnews","11":"tag-evika-silina","12":"tag-featured-news","13":"tag-featurednews","14":"tag-headlines","15":"tag-latest-news","16":"tag-latestnews","17":"tag-latvia","18":"tag-latvian","19":"tag-latviesu","20":"tag-latviesu-valoda","21":"tag-latviesuvaloda","22":"tag-latvija","23":"tag-lv","24":"tag-news","25":"tag-pavests","26":"tag-popularakas-zinas","27":"tag-popularakaszinas","28":"tag-top-stories","29":"tag-topstories","30":"tag-zinas"},"share_on_mastodon":{"url":"https:\/\/pubeurope.com\/@lv\/115605307599082727","error":""},"_links":{"self":[{"href":"https:\/\/www.europesays.com\/lv\/wp-json\/wp\/v2\/posts\/57694","targetHints":{"allow":["GET"]}}],"collection":[{"href":"https:\/\/www.europesays.com\/lv\/wp-json\/wp\/v2\/posts"}],"about":[{"href":"https:\/\/www.europesays.com\/lv\/wp-json\/wp\/v2\/types\/post"}],"author":[{"embeddable":true,"href":"https:\/\/www.europesays.com\/lv\/wp-json\/wp\/v2\/users\/2"}],"replies":[{"embeddable":true,"href":"https:\/\/www.europesays.com\/lv\/wp-json\/wp\/v2\/comments?post=57694"}],"version-history":[{"count":0,"href":"https:\/\/www.europesays.com\/lv\/wp-json\/wp\/v2\/posts\/57694\/revisions"}],"wp:featuredmedia":[{"embeddable":true,"href":"https:\/\/www.europesays.com\/lv\/wp-json\/wp\/v2\/media\/57695"}],"wp:attachment":[{"href":"https:\/\/www.europesays.com\/lv\/wp-json\/wp\/v2\/media?parent=57694"}],"wp:term":[{"taxonomy":"category","embeddable":true,"href":"https:\/\/www.europesays.com\/lv\/wp-json\/wp\/v2\/categories?post=57694"},{"taxonomy":"post_tag","embeddable":true,"href":"https:\/\/www.europesays.com\/lv\/wp-json\/wp\/v2\/tags?post=57694"}],"curies":[{"name":"wp","href":"https:\/\/api.w.org\/{rel}","templated":true}]}}