{"id":57757,"date":"2025-11-24T16:27:11","date_gmt":"2025-11-24T16:27:11","guid":{"rendered":"https:\/\/www.europesays.com\/lv\/57757\/"},"modified":"2025-11-24T16:27:11","modified_gmt":"2025-11-24T16:27:11","slug":"video-%e2%9f%a9-pirmo-reizi-izjutu-tik-masveidigu-agresiju-latvija-futbola-tiesnesis-treimanis-izplust-emocijas","status":"publish","type":"post","link":"https:\/\/www.europesays.com\/lv\/57757\/","title":{"rendered":"VIDEO \u27e9 &#8220;Pirmo reizi izjutu tik masveid\u012bgu agresiju Latvij\u0101.&#8221; Futbola tiesnesis Treimanis izpl\u016bst emocij\u0101s"},"content":{"rendered":"<p>Ja Andris uzskata, ka es ietekm\u0113ju l\u0113mumu un izdar\u012bju uz vi\u0146u spiedienu es atvainojos par savu r\u012bc\u012bbu. Andris daudz run\u0101 un piemin starplaika agresiju. N\u0101kotn\u0113 visas iesaist\u012bt\u0101s puses str\u0101d\u0101s, lai tas neatk\u0101rtotos. Tom\u0113r svar\u012bgi piemin\u0113t ar\u012b incidentu, kas notika ar meiteni, kura film\u0113ja str\u012bdu. Video ir redzams, k\u0101 tiesne\u0161a asistents iesita vi\u0146ai pa telefonu un roku, lai film\u0113\u0161anu p\u0101rtrauktu. Ar\u012b \u0161ai situ\u0101cijai, glu\u017ei t\u0101pat k\u0101 p\u0101r\u0113j\u0101m vieta futbol\u0101 nav.<\/p>\n<blockquote class=\"quote ck-widget\" contenteditable=\"false\">\n<p>Gribu \u012bpa\u0161i uzsv\u0113rt, ka ne pirms sp\u0113les, ne t\u0101s laik\u0101, ne p\u0113c t\u0101s es neesmu draud\u0113jis tiesne\u0161u brig\u0101dei vai centies k\u0101d\u0101 veid\u0101 fiziski konfront\u0113t.<\/p>\n<\/blockquote>\n<p>Ierakst\u0101 rad\u0101s iespaids, ka es b\u016btu kurin\u0101jis agresiju vai vad\u012bjis p\u016bli, ta\u010du tas neatbilst paties\u012bbai. Gribu uzsv\u0113rt, ka pirmo puslaiku pavad\u012bju viens pie st\u016bra karoga kop\u0101 ar film\u0113t\u0101ju, iz\u0146emot \u012bsu br\u012bdi VAR epizod\u0113, bet otro \u2013 laukuma pret\u0113j\u0101 gal\u0101, t\u0101lu no fanu sektora. Vienlaikus v\u0113los teikt, ka \u0161odien nevienam nebija j\u0101uzbr\u016bk tiesne\u0161iem, t\u0101pat nevienam nebija j\u0101uzbr\u016bk meitenei, kura film\u0113ja vai jebkuram skat\u012bt\u0101jam.<\/p>\n<blockquote class=\"quote ck-widget\" contenteditable=\"false\">\n<p>\u0160\u0101das epizodes ir nepie\u0146emamas, un m\u016bsu klubs izv\u0113rt\u0113s situ\u0101ciju, lai saprastu, k\u0101 \u0161\u0101das lietas n\u0101kotn\u0113 nov\u0113rst.<\/p>\n<\/blockquote>\n<p>M\u0113s sagaid\u0101m to pa\u0161u caurskat\u0101m\u012bbu ar\u012b no tiesne\u0161u brig\u0101des \u2013 skaidrus, konstrukt\u012bvus l\u0113mumu skaidrojumus, kas mazin\u0101tu emociju sak\u0101pin\u0101jumu un \u013cautu izvair\u012bties no konfliktiem. Es negribu un nev\u0113los \u0161o situ\u0101ciju p\u0101rv\u0113rst kar\u0101 starp tiesne\u0161iem un klubiem.<\/p>\n<p>Andris aicina uz boksa ringa, bet es esmu atv\u0113rts mier\u012bgai, faktos balst\u012btai publiskai vai priv\u0101tai sarunai par notiku\u0161o.&#8221;<\/p>\n<p>C\u012b\u0146\u0101 par vietu augst\u0101kaj\u0101 l\u012bg\u0101 n\u0101kamsezon tik\u0101s \u0161\u012b gada virsl\u012bgas pirmsp\u0113d\u0113j\u0101s vietas \u012bpa\u0161niece &#8220;Grobi\u0146a&#8221; un p\u0113c sp\u0113ka otr\u0101s &#8211; N\u0101kotnes l\u012bgas &#8211; vice\u010dempione &#8220;JDFS Alberts&#8221; komanda.<\/p>\n<p>Uzvar\u0113t\u0101ji divu sp\u0113\u013cu summ\u0101 izc\u012bn\u012bja ties\u012bbas 2026. gad\u0101 sp\u0113l\u0113t &#8220;Tonybet&#8221; virsl\u012bg\u0101, bet zaud\u0113t\u0101ji sp\u0113l\u0113s N\u0101kotnes l\u012bg\u0101.<\/p>\n","protected":false},"excerpt":{"rendered":"Ja Andris uzskata, ka es ietekm\u0113ju l\u0113mumu un izdar\u012bju uz vi\u0146u spiedienu es atvainojos par savu r\u012bc\u012bbu. Andris&hellip;\n","protected":false},"author":2,"featured_media":57758,"comment_status":"","ping_status":"","sticky":false,"template":"","format":"standard","meta":{"footnotes":""},"categories":[5],"tags":[23,28,29,32,33,714,713,676,715,22,30,31,35,39,38,36,37,34,40,20,26,27,24,25,21],"class_list":{"0":"post-57757","1":"post","2":"type-post","3":"status-publish","4":"format-standard","5":"has-post-thumbnail","7":"category-aktualitates","8":"tag-aktualitates","9":"tag-breaking-news","10":"tag-breakingnews","11":"tag-featured-news","12":"tag-featurednews","13":"tag-futbola-jaunumi","14":"tag-futbola-virsliga","15":"tag-futbols","16":"tag-futbols-latvija","17":"tag-headlines","18":"tag-latest-news","19":"tag-latestnews","20":"tag-latvia","21":"tag-latvian","22":"tag-latviesu","23":"tag-latviesu-valoda","24":"tag-latviesuvaloda","25":"tag-latvija","26":"tag-lv","27":"tag-news","28":"tag-popularakas-zinas","29":"tag-popularakaszinas","30":"tag-top-stories","31":"tag-topstories","32":"tag-zinas"},"share_on_mastodon":{"url":"https:\/\/pubeurope.com\/@lv\/115605618344963964","error":""},"_links":{"self":[{"href":"https:\/\/www.europesays.com\/lv\/wp-json\/wp\/v2\/posts\/57757","targetHints":{"allow":["GET"]}}],"collection":[{"href":"https:\/\/www.europesays.com\/lv\/wp-json\/wp\/v2\/posts"}],"about":[{"href":"https:\/\/www.europesays.com\/lv\/wp-json\/wp\/v2\/types\/post"}],"author":[{"embeddable":true,"href":"https:\/\/www.europesays.com\/lv\/wp-json\/wp\/v2\/users\/2"}],"replies":[{"embeddable":true,"href":"https:\/\/www.europesays.com\/lv\/wp-json\/wp\/v2\/comments?post=57757"}],"version-history":[{"count":0,"href":"https:\/\/www.europesays.com\/lv\/wp-json\/wp\/v2\/posts\/57757\/revisions"}],"wp:featuredmedia":[{"embeddable":true,"href":"https:\/\/www.europesays.com\/lv\/wp-json\/wp\/v2\/media\/57758"}],"wp:attachment":[{"href":"https:\/\/www.europesays.com\/lv\/wp-json\/wp\/v2\/media?parent=57757"}],"wp:term":[{"taxonomy":"category","embeddable":true,"href":"https:\/\/www.europesays.com\/lv\/wp-json\/wp\/v2\/categories?post=57757"},{"taxonomy":"post_tag","embeddable":true,"href":"https:\/\/www.europesays.com\/lv\/wp-json\/wp\/v2\/tags?post=57757"}],"curies":[{"name":"wp","href":"https:\/\/api.w.org\/{rel}","templated":true}]}}