{"id":57759,"date":"2025-11-24T16:28:07","date_gmt":"2025-11-24T16:28:07","guid":{"rendered":"https:\/\/www.europesays.com\/lv\/57759\/"},"modified":"2025-11-24T16:28:07","modified_gmt":"2025-11-24T16:28:07","slug":"18-aprili-deniss-ar-plejadem-atgriezas-palladium","status":"publish","type":"post","link":"https:\/\/www.europesays.com\/lv\/57759\/","title":{"rendered":"18. apr\u012bl\u012b Deniss ar \u201cPlej\u0101d\u0113m\u201d atgrie\u017eas \u201cPalladium\u201d"},"content":{"rendered":"<p>P\u0113c 2025. gad\u0101 izdot\u0101 albuma \u201c22\u201d un notiku\u0161\u0101 pirm\u0101 solo koncerta \u201cDENISS: 10 gadi rep\u0101\u201d, reperis Deniss \u0161\u0137ir jaunu lappusi sav\u0101 karjer\u0101 un izsludina n\u0101kamo koncertu \u201cPlej\u0101des\u201d, kas notiks 2026. gada 18. apr\u012bl\u012b \u201cPalladium\u201d.<\/p>\n<p>Sav\u0101 pirmaj\u0101 koncert\u0101 Deniss p\u0101rsteidza ar ko l\u012bdz \u0161im nebiju\u0161u uz \u201cPalladium\u201d skatuves \u2013 vi\u0146\u0161 priek\u0161nesuma laik\u0101 dega ar atkl\u0101tu liesmu, kas rais\u012bja lielu a\u017eiot\u0101\u017eu un k\u013cuva par v\u0113sturisku momentu. P\u0113c izp\u0101rdot\u0101 koncerta vasara tika aizvad\u012bta pas\u0101kumos pils\u0113tas sv\u0113tkos, festiv\u0101los un citos koncertos, ta\u010du ar to nekas nebeidzas \u2013 tapis jauns minialbums \u201cPlej\u0101des\u201d, kas jau 2026. gada pavasar\u012b p\u0101rtaps par koncertu, lai uz \u201cPalladium\u201d skatuves rad\u012btu jaunu a\u017eiot\u0101\u017eu. <\/p>\n<p>Albums \u201cPlej\u0101des\u201d \u0101tri vien k\u013cuva par liel\u0101ko sens\u0101ciju Latvijas repa aprind\u0101s un m\u016bzik\u0101 kopum\u0101, nepilna m\u0113ne\u0161a laik\u0101 sasniedzot miljonu klaus\u012bjumu, savuk\u0101rt dziesma \u201cPas\u0113d\u0113t\u201d, kas tapusi kop\u0101 ar Sudrabu Sirdi un Silraq, \u0161aj\u0101 pa\u0161\u0101 laik\u0101 sasniegusi jau teju pusmiljonu un uzreiz ierindojusies pirmaj\u0101 viet\u0101 Latvijas Izpild\u012bt\u0101ju un producentu apvien\u012bbas (LaIPA) Latvij\u0101 straum\u0113t\u0101ko singlu ofici\u0101laj\u0101 dziesmu top\u0101 gan starp pa\u0161m\u0101ju m\u016bzi\u0137iem, gan vispasaules m\u0101ksliniekiem. Savuk\u0101rt par albuma \u201c22\u201d dziesmu \u201cLidojam tik augstu\u201d Deniss un Sudrabu Sirds sa\u0146\u0113ma LaIPA zelta sertifik\u0101tu, ko pasniedz ierakstiem, kas sasniegu\u0161i vair\u0101k k\u0101 divus miljonus straumju.<\/p>\n<p>Koncert\u0101 b\u016bs dzirdamas jau zin\u0101mas dziesmas no Denisa repa pirms\u0101kumiem un albuma \u201c22\u201d, gan jaunais minialbums \u201cPlej\u0101des\u201d, b\u016bs ar\u012b viesm\u0101kslinieki, kuri piedal\u012bju\u0161ies albuma tap\u0161an\u0101 un Denisa muzik\u0101laj\u0101 ce\u013c\u0101, k\u0101 ar\u012b tiks gatavots jauns \u0161ovs, kas b\u016bs ne tikai turpin\u0101jums vi\u0146a l\u012bdz\u0161in\u0113jam st\u0101stam, bet ar\u012b solis t\u0101l\u0101k. Koncerts \u201cPlej\u0101des\u201d 2026. gada 18. apr\u012bl\u012b b\u016bs vakars, kur\u0101 Deniss par\u0101d\u012bs, ka ir gatavs doties pret\u012b v\u0113l liel\u0101k\u0101m\u00a0skatuv\u0113m.<\/p>\n<p><img loading=\"lazy\" decoding=\"async\" width=\"819\" height=\"1024\" src=\"https:\/\/www.europesays.com\/lv\/wp-content\/uploads\/2025\/11\/Deniss_Plejades-Afisa-819x1024.jpg\" alt=\"\" class=\"wp-image-12749 lazyload\"  data- style=\"--smush-placeholder-width: 819px; --smush-placeholder-aspect-ratio: 819\/1024;\"\/><\/p>\n<p>Deniss (Deniss Stepanovs)\u00a0ir reperis, hiphopa apvien\u012bbas\u00a0\u201cKreisais Krasts\u201d\u00a0dal\u012bbnieks. Pla\u0161u atpaz\u012bstam\u012bbu guvis\u00a0ar\u012b\u00a0k\u0101 jaukt\u0101s c\u012b\u0146as (MMA) sportists. Deniss ir viens no pa\u0161m\u0101ju straum\u0113t\u0101kajiem m\u0101ksliniekiem, m\u016bzikas straum\u0113\u0161anas vietn\u0113 Spotify m\u0113nes\u012b p\u0101rsniedzot 48 000 klaus\u012bt\u0101ju. Savuk\u0101rt vietn\u0113 Youtube Denisa popul\u0101r\u0101kie videoklipi p\u0101rsniegu\u0161i pusmiljona skat\u012bjumu atz\u012bmi. 2024.gad\u0101 izdota kopdziesma \u201cLidojam tik augstu\u201d kop\u0101 ar Sudrabu Sirdi p\u0101rsniegusi 2 miljonu kop\u0113jo klaus\u012bjumu atz\u012bmi straum\u0113\u0161anas servisos un Youtube. Reperis ir akt\u012bvs soci\u0101lajos t\u012bklos, regul\u0101ri veido jaunie\u0161us iesaisto\u0161u un izklaid\u0113jo\u0161u saturu. 2025.gada 12.mart\u0101 Deniss izdeva savu debijas albumu \u201c22\u201d, kuram sekoja\u00a0lielkoncerts \u201cDeniss\u00a010 gadi rep\u0101\u201d koncertz\u0101l\u0113 \u201cPalladium R\u012bga\u201d.<\/p>\n","protected":false},"excerpt":{"rendered":"P\u0113c 2025. gad\u0101 izdot\u0101 albuma \u201c22\u201d un notiku\u0161\u0101 pirm\u0101 solo koncerta \u201cDENISS: 10 gadi rep\u0101\u201d, reperis Deniss \u0161\u0137ir&hellip;\n","protected":false},"author":2,"featured_media":57760,"comment_status":"","ping_status":"","sticky":false,"template":"","format":"standard","meta":{"footnotes":""},"categories":[19],"tags":[4655,89,90,35,39,38,36,37,34,40,1337,10421,10422,4656],"class_list":{"0":"post-57759","1":"post","2":"type-post","3":"status-publish","4":"format-standard","5":"has-post-thumbnail","7":"category-izklaide","8":"tag-deniss","9":"tag-entertainment","10":"tag-izklaide","11":"tag-latvia","12":"tag-latvian","13":"tag-latviesu","14":"tag-latviesu-valoda","15":"tag-latviesuvaloda","16":"tag-latvija","17":"tag-lv","18":"tag-palladium","19":"tag-plejades","20":"tag-silraq","21":"tag-sudrabu-sirds"},"share_on_mastodon":{"url":"https:\/\/pubeurope.com\/@lv\/115605622218371274","error":""},"_links":{"self":[{"href":"https:\/\/www.europesays.com\/lv\/wp-json\/wp\/v2\/posts\/57759","targetHints":{"allow":["GET"]}}],"collection":[{"href":"https:\/\/www.europesays.com\/lv\/wp-json\/wp\/v2\/posts"}],"about":[{"href":"https:\/\/www.europesays.com\/lv\/wp-json\/wp\/v2\/types\/post"}],"author":[{"embeddable":true,"href":"https:\/\/www.europesays.com\/lv\/wp-json\/wp\/v2\/users\/2"}],"replies":[{"embeddable":true,"href":"https:\/\/www.europesays.com\/lv\/wp-json\/wp\/v2\/comments?post=57759"}],"version-history":[{"count":0,"href":"https:\/\/www.europesays.com\/lv\/wp-json\/wp\/v2\/posts\/57759\/revisions"}],"wp:featuredmedia":[{"embeddable":true,"href":"https:\/\/www.europesays.com\/lv\/wp-json\/wp\/v2\/media\/57760"}],"wp:attachment":[{"href":"https:\/\/www.europesays.com\/lv\/wp-json\/wp\/v2\/media?parent=57759"}],"wp:term":[{"taxonomy":"category","embeddable":true,"href":"https:\/\/www.europesays.com\/lv\/wp-json\/wp\/v2\/categories?post=57759"},{"taxonomy":"post_tag","embeddable":true,"href":"https:\/\/www.europesays.com\/lv\/wp-json\/wp\/v2\/tags?post=57759"}],"curies":[{"name":"wp","href":"https:\/\/api.w.org\/{rel}","templated":true}]}}