{"id":57811,"date":"2025-11-24T18:47:17","date_gmt":"2025-11-24T18:47:17","guid":{"rendered":"https:\/\/www.europesays.com\/lv\/57811\/"},"modified":"2025-11-24T18:47:17","modified_gmt":"2025-11-24T18:47:17","slug":"eurovision-maina-balsosanas-noteikumus-pec-apsudzibam-izraelas-valdibas-iejauksanas-lente-lv","status":"publish","type":"post","link":"https:\/\/www.europesays.com\/lv\/57811\/","title":{"rendered":"Eurovision maina balso\u0161anas noteikumus p\u0113c aps\u016bdz\u012bb\u0101m Izra\u0113las vald\u012bbas &#8220;iejauk\u0161an\u0101s&#8221;\u00a0\u2014\u00a0Lente.lv"},"content":{"rendered":"<p>Eurovision balso\u0161anas sist\u0113mas izmai\u0146as p\u0113c Izra\u0113las iesp\u0113jam\u0101s iejauk\u0161an\u0101s aps\u016bdz\u012bb\u0101m<\/p>\n<p>Starptautiskais dziesmu konkurss \u201cEurovision\u201d gatavojas ieviest b\u016btiskas izmai\u0146as sav\u0101 balso\u0161anas sist\u0113m\u0101. \u0160ie pas\u0101kumi tiek veikti, rea\u0123\u0113jot uz nopietn\u0101m aps\u016bdz\u012bb\u0101m par Izra\u0113las vald\u012bbas iesp\u0113jamu \u201ciejauk\u0161anos\u201d \u0161\u012b gada konkurs\u0101, kas izrais\u012bjis pla\u0161as diskusijas un piepras\u012bjumus p\u0113c caursp\u012bd\u012bg\u0101kas norises.<\/p>\n<p>Jaunie balso\u0161anas noteikumi un \u017e\u016brijas atgrie\u0161an\u0101s<\/p>\n<p>K\u0101 galven\u0101s izmai\u0146as tiks ieviests balsojuma apjoma ierobe\u017eojums no auditorijas, k\u0101 ar\u012b tiks atjaunota profesion\u0101lo \u017e\u016briju loma pusfin\u0101los. \u0160\u012bs izmai\u0146as, kas st\u0101sies sp\u0113k\u0101 pirms n\u0101kam\u0101 gada konkursa, ir paredz\u0113tas, lai stiprin\u0101tu uztic\u012bbu, caursp\u012bd\u012bgumu un iesaisti auditorijas vid\u016b. Eiropas Raidorganiz\u0101ciju savien\u012bba (EBU), kas ir konkursa r\u012bkot\u0101ja, uzsv\u0113ra, ka \u201cesmu uzklaus\u012bju\u0161i un r\u012bkojamies\u201d, lai saglab\u0101tu \u201cneitralit\u0101ti un integrit\u0101ti\u201d.<\/p>\n<p>Turpm\u0101k katrai maks\u0101jumu metodei tiks noteikts balsojumu skaita ierobe\u017eojums \u2013 l\u012bdz 10 bals\u012bm. Iev\u0113rojami ir profesion\u0101lo \u017e\u016briju atgrie\u0161an\u0101s pusfin\u0101l\u0101 pirmo reizi kop\u0161 2022. gada. Tas nodro\u0161in\u0101s gandr\u012bz 50-50 procentu svaru sadal\u012bjumu starp auditorijas un \u017e\u016brijas bals\u012bm. \u017d\u016brijas locek\u013cu skaits ir palielin\u0101ts no pieciem l\u012bdz septi\u0146iem, un katram \u017e\u016brijas loceklim b\u016bs j\u0101paraksta ofici\u0101ls pazi\u0146ojums, apliecinot savu neatkar\u012bgu un objekt\u012bvu v\u0113rt\u0113jumu. Lai lab\u0101k atspogu\u013cotu jaunie\u0161u auditorijas interesi par konkursu, \u017e\u016brij\u0101 tiks iek\u013cauti ar\u012b dal\u012bbnieki vecum\u0101 no 18 l\u012bdz 25 gadiem.<\/p>\n<p>Dro\u0161\u012bbas uzlabojumi un sankcijas par ietekm\u0113\u0161anu<\/p>\n<p>Organizatori ar\u012b pastiprin\u0101s dro\u0161\u012bbas pas\u0101kumus, lai nov\u0113rstu \u201caizdom\u012bgu vai koordin\u0113tu balso\u0161anas aktivit\u0101ti\u201d. Tiks stiprin\u0101tas dro\u0161\u012bbas sist\u0113mas, kas \u201cmonitor\u0113, atkl\u0101j un nov\u0113r\u0161 kr\u0101pnieciskus mode\u013cus\u201d. Papildus tam EBU aizliedz raidorganiz\u0101cij\u0101m un m\u0101ksliniekiem \u201cakt\u012bvi\u201d iesaist\u012bties, atbalst\u012bt vai veicin\u0101t tre\u0161o pu\u0161u kampa\u0146as, kas var\u0113tu ietekm\u0113t balso\u0161anas rezult\u0101tus. Saska\u0146\u0101 ar atjaunin\u0101to R\u012bc\u012bbas kodeksu, jebk\u0101di m\u0113\u0123in\u0101jumi nepamatoti ietekm\u0113t rezult\u0101tus noved\u012bs pie sankcij\u0101m.<\/p>\n<p>Konteksts: Izra\u0113las dal\u012bbas izredzes un politiskais spiediens<\/p>\n<p>\u0160\u012bs izmai\u0146as tiek pazi\u0146otas neilgi p\u0113c tam, kad EBU atlikusi balsojumu par Izra\u0113las iesp\u0113jamo dal\u012bbu n\u0101kam\u0101 gada \u201cEurovision\u201d. Izra\u0113la piedal\u0101s konkurs\u0101 jau vair\u0101k nek\u0101 50 gadus un ir izc\u012bn\u012bjusi \u010detras uzvaras. Tom\u0113r, \u0146emot v\u0113r\u0101 Izra\u0113las vald\u012bbas darb\u012bbas Gazas josl\u0101, ir pastiprin\u0101ju\u0161ies aicin\u0101jumi izsl\u0113gt Izra\u0113lu no konkursa. Sp\u0101nija, viena no \u201cLiel\u0101 piecinieka\u201d valst\u012bm, kas finansi\u0101li visvair\u0101k atbalsta EBU un autom\u0101tiski kvalific\u0113jas fin\u0101lam, ir draud\u0113jusi ar savu neiera\u0161anos, ja Izra\u0113la piedal\u012bsies. Ar\u012b \u012arija, Islande, Slov\u0113nija un N\u012bderlande ir pazi\u0146oju\u0161as par gatav\u012bbu boikot\u0113t konkursu, ja Izra\u0113la turpin\u0101s dal\u012bbu.<\/p>\n<p>N\u012bderlandes sabiedriskais raidorganiz\u0101cija AVROTROS, atsaucoties uz cilv\u0113ku cie\u0161an\u0101m kar\u0101 Gaz\u0101, ir nor\u0101d\u012bjusi, ka vairs nevar attaisnot Izra\u0113las dal\u012bbu. T\u0101pat N\u012bderlande ir zi\u0146ojusi par \u201cpier\u0101d\u012btu Izra\u0113las vald\u012bbas iejauk\u0161anos pag\u0101ju\u0161\u0101 gada konkurs\u0101, izmantojot pas\u0101kumu k\u0101 politisku instrumentu.\u201d Iepriek\u0161 vair\u0101k nek\u0101 70 biju\u0161o \u201cEurovision\u201d dal\u012bbnieku parakst\u012bja atkl\u0101tu v\u0113stuli, aicinot aizliegt Izra\u0113lu un t\u0101s nacion\u0101lo raidorganiz\u0101ciju KAN. Ar\u012b \u0161\u012b gada uzvar\u0113t\u0101js ir aicin\u0101jis izsl\u0113gt Izra\u0113lu no dal\u012bbas 2026. gad\u0101.<\/p>\n<p>Lai gan \u201cEurovision\u201d tradicion\u0101li tiek uzskat\u012bts par nepolitisku pas\u0101kumu, EBU tom\u0113r izsl\u0113dza Krieviju no konkursa p\u0113c t\u0101s iebrukuma Ukrain\u0101 2022. gad\u0101. Tom\u0113r Izra\u0113la ir turpin\u0101jusi dal\u012bbu, neraugoties uz starptautisk\u0101m ba\u017e\u0101m par t\u0101s darb\u012bb\u0101m Gaz\u0101. EBU \u0123ener\u0101l\u0101s asamblejas laik\u0101 4. un 5. decembr\u012b tiks apspriesta ar\u012b Izra\u0113las dal\u012bbas iesp\u0113ja n\u0101kamgad.<\/p>\n","protected":false},"excerpt":{"rendered":"Eurovision balso\u0161anas sist\u0113mas izmai\u0146as p\u0113c Izra\u0113las iesp\u0113jam\u0101s iejauk\u0161an\u0101s aps\u016bdz\u012bb\u0101m Starptautiskais dziesmu konkurss \u201cEurovision\u201d gatavojas ieviest b\u016btiskas izmai\u0146as sav\u0101&hellip;\n","protected":false},"author":2,"featured_media":57812,"comment_status":"","ping_status":"","sticky":false,"template":"","format":"standard","meta":{"footnotes":""},"categories":[19],"tags":[15326,7011,89,15541,90,493,35,39,38,36,37,34,40,15542],"class_list":{"0":"post-57811","1":"post","2":"type-post","3":"status-publish","4":"format-standard","5":"has-post-thumbnail","7":"category-izklaide","8":"tag-balsosanas-noteikumi","9":"tag-ebu","10":"tag-entertainment","11":"tag-eurovision","12":"tag-izklaide","13":"tag-izraela","14":"tag-latvia","15":"tag-latvian","16":"tag-latviesu","17":"tag-latviesu-valoda","18":"tag-latviesuvaloda","19":"tag-latvija","20":"tag-lv","21":"tag-zurija"},"share_on_mastodon":{"url":"https:\/\/pubeurope.com\/@lv\/115606168775148288","error":""},"_links":{"self":[{"href":"https:\/\/www.europesays.com\/lv\/wp-json\/wp\/v2\/posts\/57811","targetHints":{"allow":["GET"]}}],"collection":[{"href":"https:\/\/www.europesays.com\/lv\/wp-json\/wp\/v2\/posts"}],"about":[{"href":"https:\/\/www.europesays.com\/lv\/wp-json\/wp\/v2\/types\/post"}],"author":[{"embeddable":true,"href":"https:\/\/www.europesays.com\/lv\/wp-json\/wp\/v2\/users\/2"}],"replies":[{"embeddable":true,"href":"https:\/\/www.europesays.com\/lv\/wp-json\/wp\/v2\/comments?post=57811"}],"version-history":[{"count":0,"href":"https:\/\/www.europesays.com\/lv\/wp-json\/wp\/v2\/posts\/57811\/revisions"}],"wp:featuredmedia":[{"embeddable":true,"href":"https:\/\/www.europesays.com\/lv\/wp-json\/wp\/v2\/media\/57812"}],"wp:attachment":[{"href":"https:\/\/www.europesays.com\/lv\/wp-json\/wp\/v2\/media?parent=57811"}],"wp:term":[{"taxonomy":"category","embeddable":true,"href":"https:\/\/www.europesays.com\/lv\/wp-json\/wp\/v2\/categories?post=57811"},{"taxonomy":"post_tag","embeddable":true,"href":"https:\/\/www.europesays.com\/lv\/wp-json\/wp\/v2\/tags?post=57811"}],"curies":[{"name":"wp","href":"https:\/\/api.w.org\/{rel}","templated":true}]}}