{"id":57816,"date":"2025-11-24T19:16:12","date_gmt":"2025-11-24T19:16:12","guid":{"rendered":"https:\/\/www.europesays.com\/lv\/57816\/"},"modified":"2025-11-24T19:16:12","modified_gmt":"2025-11-24T19:16:12","slug":"video-%e2%9f%a9-avarija-saldus-novada-tris-bojagajusie","status":"publish","type":"post","link":"https:\/\/www.europesays.com\/lv\/57816\/","title":{"rendered":"VIDEO \u27e9 Av\u0101rij\u0101 Saldus novad\u0101 tr\u012bs boj\u0101g\u0101ju\u0161ie"},"content":{"rendered":"<p>Policij\u0101 sa\u0146emta inform\u0101cija, ka Kurs\u012b\u0161u pagast\u0101 avar\u0113jusi &#8220;Opel&#8221; markas automa\u0161\u012bna. S\u0101kotn\u0113j\u0101 inform\u0101cija liecina, ka tr\u012bs cilv\u0113ki ir g\u0101ju\u0161i boj\u0101, bet v\u0113l divi cietu\u0161ie nog\u0101d\u0101ti medic\u012bnas iest\u0101d\u0113.<\/p>\n<p>K\u0101 a\u0123ent\u016bru LETA inform\u0113ja Valsts ugunsdz\u0113s\u012bbas un gl\u0101b\u0161anas dienest\u0101 (VUGD), ap plkst. 14.30 tika sa\u0146emts izsaukums uz ce\u013cu satiksmes negad\u012bjumu Saldus novad\u0101. Notikuma viet\u0101 gl\u0101b\u0113ji konstat\u0113ja, ka viegl\u0101 automa\u0161\u012bna nobraukusi no ce\u013ca un atrodas uz s\u0101niem, blakus automa\u0161\u012bnai atrad\u0101s \u010detri cilv\u0113ki, bet viens cilv\u0113ks bija iespiests transportl\u012bdzekl\u012b.<\/p>\n<p>Izmantojot hidrauliskos instrumentus, cilv\u0113ks tika atbr\u012bvots. Divus cietu\u0161os gl\u0101b\u0113ji nog\u0101d\u0101ja l\u012bdz Neatliekam\u0101s medic\u012bnisk\u0101s pal\u012bdz\u012bbas dienesta automa\u0161\u012bnai, bet tr\u012bs cilv\u0113kiem Neatliekam\u0101s medic\u012bnisk\u0101s pal\u012bdz\u012bbas dienesta darbinieki konstat\u0113ja n\u0101vi.<\/p>\n<p>\u0145emot v\u0113r\u0101, ka ce\u013ci Latvij\u0101 daudzviet var b\u016bt apledoju\u0161i, policija aicina braukt uzman\u012bgi, iev\u0113rot at\u013cauto \u0101trumu un dro\u0161u distanci.<\/p>\n","protected":false},"excerpt":{"rendered":"Policij\u0101 sa\u0146emta inform\u0101cija, ka Kurs\u012b\u0161u pagast\u0101 avar\u0113jusi &#8220;Opel&#8221; markas automa\u0161\u012bna. S\u0101kotn\u0113j\u0101 inform\u0101cija liecina, ka tr\u012bs cilv\u0113ki ir g\u0101ju\u0161i&hellip;\n","protected":false},"author":2,"featured_media":57817,"comment_status":"","ping_status":"","sticky":false,"template":"","format":"standard","meta":{"footnotes":""},"categories":[5],"tags":[23,1465,28,29,32,33,22,30,31,35,39,38,36,37,34,40,20,26,27,24,25,138,21],"class_list":{"0":"post-57816","1":"post","2":"type-post","3":"status-publish","4":"format-standard","5":"has-post-thumbnail","7":"category-aktualitates","8":"tag-aktualitates","9":"tag-autoavarijas","10":"tag-breaking-news","11":"tag-breakingnews","12":"tag-featured-news","13":"tag-featurednews","14":"tag-headlines","15":"tag-latest-news","16":"tag-latestnews","17":"tag-latvia","18":"tag-latvian","19":"tag-latviesu","20":"tag-latviesu-valoda","21":"tag-latviesuvaloda","22":"tag-latvija","23":"tag-lv","24":"tag-news","25":"tag-popularakas-zinas","26":"tag-popularakaszinas","27":"tag-top-stories","28":"tag-topstories","29":"tag-valsts-policija","30":"tag-zinas"},"share_on_mastodon":{"url":"https:\/\/pubeurope.com\/@lv\/115606282803146656","error":""},"_links":{"self":[{"href":"https:\/\/www.europesays.com\/lv\/wp-json\/wp\/v2\/posts\/57816","targetHints":{"allow":["GET"]}}],"collection":[{"href":"https:\/\/www.europesays.com\/lv\/wp-json\/wp\/v2\/posts"}],"about":[{"href":"https:\/\/www.europesays.com\/lv\/wp-json\/wp\/v2\/types\/post"}],"author":[{"embeddable":true,"href":"https:\/\/www.europesays.com\/lv\/wp-json\/wp\/v2\/users\/2"}],"replies":[{"embeddable":true,"href":"https:\/\/www.europesays.com\/lv\/wp-json\/wp\/v2\/comments?post=57816"}],"version-history":[{"count":0,"href":"https:\/\/www.europesays.com\/lv\/wp-json\/wp\/v2\/posts\/57816\/revisions"}],"wp:featuredmedia":[{"embeddable":true,"href":"https:\/\/www.europesays.com\/lv\/wp-json\/wp\/v2\/media\/57817"}],"wp:attachment":[{"href":"https:\/\/www.europesays.com\/lv\/wp-json\/wp\/v2\/media?parent=57816"}],"wp:term":[{"taxonomy":"category","embeddable":true,"href":"https:\/\/www.europesays.com\/lv\/wp-json\/wp\/v2\/categories?post=57816"},{"taxonomy":"post_tag","embeddable":true,"href":"https:\/\/www.europesays.com\/lv\/wp-json\/wp\/v2\/tags?post=57816"}],"curies":[{"name":"wp","href":"https:\/\/api.w.org\/{rel}","templated":true}]}}