{"id":57820,"date":"2025-11-24T19:22:11","date_gmt":"2025-11-24T19:22:11","guid":{"rendered":"https:\/\/www.europesays.com\/lv\/57820\/"},"modified":"2025-11-24T19:22:11","modified_gmt":"2025-11-24T19:22:11","slug":"jurmalas-mera-amatu-zaudejusais-truksnis-tiek-pie-jauna-darba","status":"publish","type":"post","link":"https:\/\/www.europesays.com\/lv\/57820\/","title":{"rendered":"J\u016brmalas m\u0113ra amatu zaud\u0113ju\u0161ais Truksnis tiek pie jauna darba"},"content":{"rendered":"<p>\u0160odien J\u016brmalas m\u0113ra amatu zaud\u0113ju\u0161ais Gatis Truksnis (LZP) ticis pie jauna amata, tikko izveidot\u0101 domes komitej\u0101.<\/p>\n<p>J\u016brmalas dome \u0101rk\u0101rtas s\u0113d\u0113 l\u0113ma pa\u0161vald\u012bb\u0101 izveidot jaunu &#8211; Strat\u0113\u0123isk\u0101s pl\u0101no\u0161anas jaut\u0101jumu &#8211; komiteju, opoz\u012bcijai pau\u017eot ba\u017eas, ka t\u0101 veidota speci\u0101li, lai komitejas vad\u012bb\u0101 ieceltu m\u0113ra amatu zaud\u0113ju\u0161o Truksni un nodro\u0161in\u0101tu vi\u0146am atalgojumu.<\/p>\n<p>Vair\u0101ki opoz\u012bcijas deput\u0101ti s\u0113d\u0113 izteica v\u0113rt\u0113jumu, ka komiteja tiek veidota, lai rad\u012btu jaunu priek\u0161s\u0113d\u0113t\u0101ja amatu, kas b\u016bs algots, Truksnim, kur\u0161 ir atk\u0101pies no m\u0113ra amata, jo nav sa\u0146\u0113mis pielaidi valsts nosl\u0113pumam. <\/p>\n<p>Opozicion\u0101ri atg\u0101din\u0101ja, ka jau iepriek\u0161, Truksnim zaud\u0113jot m\u0113ra kr\u0113slu, speci\u0101li vi\u0146am tika izveidots domes priek\u0161s\u0113d\u0113t\u0101ja padomnieka amats.<\/p>\n<p>Opoz\u012bcijas p\u0101rst\u0101vji koment\u0113ja, ka jau pa\u0161laik dom\u0113 ir p\u0101r\u0101k daudz komiteju, turkl\u0101t nav skaidrs, k\u0101dus jaut\u0101jumus izskat\u012bs jaun\u0101 komiteja.<\/p>\n<p>Paredz\u0113ts, ka jaun\u0101s komitejas darba nodro\u0161in\u0101\u0161anai, iek\u013caujot t\u0101s vad\u012bt\u0101ja atalgojumu, gad\u0101 b\u016bs nepiecie\u0161ami nepilni 23 000 eiro.<\/p>\n<p>Komitejas izveidi pa\u0161vald\u012bb\u0101 pamato ar nepiecie\u0161am\u012bbu nodro\u0161in\u0101t koordin\u0113tu un m\u0113r\u0137tiec\u012bgu pa\u0161vald\u012bbas ilgtermi\u0146a att\u012bst\u012bbu.<\/p>\n<p>Strat\u0113\u0123isk\u0101s pl\u0101no\u0161anas jaut\u0101jumu komiteja izskat\u012bs J\u016brmalas domes l\u0113mumus, kas skar p\u0101rnozaru att\u012bst\u012bbas jaut\u0101jumus. T\u0101pat min\u0113t\u0101s komitejas funkcij\u0101s ietilps pa\u0161vald\u012bbas administr\u0101cijas b\u016btisku organizatorisko jaut\u0101jumu izskat\u012b\u0161ana, atzinumu snieg\u0161ana par J\u016brmalas domes l\u0113mumu projektiem, kas skar min\u0113tos pa\u0161vald\u012bbas administr\u0101cijas iek\u0161\u0113jos procesus.<\/p>\n<p><img decoding=\"async\" src=\"https:\/\/www.europesays.com\/lv\/wp-content\/uploads\/2025\/11\/2d3c65793d6ab2442c1173c59acef7a8.jpg\" title=\"Biju\u0161ais J\u016brmalas m\u0113rsGatis Truksnis. Foto: LETA\" alt=\"Biju\u0161ais J\u016brmalas m\u0113rsGatis Truksnis. Foto: LETA\"\/><\/p>\n<p class=\"article-img-desc\">Biju\u0161ais J\u016brmalas m\u0113rsGatis Truksnis. Foto: LETA<\/p>\n","protected":false},"excerpt":{"rendered":"\u0160odien J\u016brmalas m\u0113ra amatu zaud\u0113ju\u0161ais Gatis Truksnis (LZP) ticis pie jauna amata, tikko izveidot\u0101 domes komitej\u0101. J\u016brmalas dome&hellip;\n","protected":false},"author":2,"featured_media":57821,"comment_status":"","ping_status":"","sticky":false,"template":"","format":"standard","meta":{"footnotes":""},"categories":[5],"tags":[129,2193,15543,15546,850,1209,23,28,29,32,33,22,30,31,35,39,38,36,37,34,40,20,26,27,15547,2194,15544,1210,862,15548,2195,15545,1211,863,24,25,21],"class_list":{"0":"post-57820","1":"post","2":"type-post","3":"status-publish","4":"format-standard","5":"has-post-thumbnail","7":"category-aktualitates","8":"tag-__typenameadvicekeyword","9":"tag-id624","10":"tag-id625","11":"tag-id626","12":"tag-id734","13":"tag-id824","14":"tag-aktualitates","15":"tag-breaking-news","16":"tag-breakingnews","17":"tag-featured-news","18":"tag-featurednews","19":"tag-headlines","20":"tag-latest-news","21":"tag-latestnews","22":"tag-latvia","23":"tag-latvian","24":"tag-latviesu","25":"tag-latviesu-valoda","26":"tag-latviesuvaloda","27":"tag-latvija","28":"tag-lv","29":"tag-news","30":"tag-popularakas-zinas","31":"tag-popularakaszinas","32":"tag-sluggatis-truksnis","33":"tag-slugjurmala","34":"tag-slugmers","35":"tag-slugpolitika","36":"tag-slugwork","37":"tag-titlegatis-truksnis","38":"tag-titlejurmala","39":"tag-titlemers","40":"tag-titlepolitika","41":"tag-titlework","42":"tag-top-stories","43":"tag-topstories","44":"tag-zinas"},"share_on_mastodon":{"url":"","error":"Validation failed: Text character limit of 500 exceeded"},"_links":{"self":[{"href":"https:\/\/www.europesays.com\/lv\/wp-json\/wp\/v2\/posts\/57820","targetHints":{"allow":["GET"]}}],"collection":[{"href":"https:\/\/www.europesays.com\/lv\/wp-json\/wp\/v2\/posts"}],"about":[{"href":"https:\/\/www.europesays.com\/lv\/wp-json\/wp\/v2\/types\/post"}],"author":[{"embeddable":true,"href":"https:\/\/www.europesays.com\/lv\/wp-json\/wp\/v2\/users\/2"}],"replies":[{"embeddable":true,"href":"https:\/\/www.europesays.com\/lv\/wp-json\/wp\/v2\/comments?post=57820"}],"version-history":[{"count":0,"href":"https:\/\/www.europesays.com\/lv\/wp-json\/wp\/v2\/posts\/57820\/revisions"}],"wp:featuredmedia":[{"embeddable":true,"href":"https:\/\/www.europesays.com\/lv\/wp-json\/wp\/v2\/media\/57821"}],"wp:attachment":[{"href":"https:\/\/www.europesays.com\/lv\/wp-json\/wp\/v2\/media?parent=57820"}],"wp:term":[{"taxonomy":"category","embeddable":true,"href":"https:\/\/www.europesays.com\/lv\/wp-json\/wp\/v2\/categories?post=57820"},{"taxonomy":"post_tag","embeddable":true,"href":"https:\/\/www.europesays.com\/lv\/wp-json\/wp\/v2\/tags?post=57820"}],"curies":[{"name":"wp","href":"https:\/\/api.w.org\/{rel}","templated":true}]}}