{"id":57822,"date":"2025-11-24T19:24:08","date_gmt":"2025-11-24T19:24:08","guid":{"rendered":"https:\/\/www.europesays.com\/lv\/57822\/"},"modified":"2025-11-24T19:24:08","modified_gmt":"2025-11-24T19:24:08","slug":"problemas-ar-startu-divniekos-un-brauksanu-cetriniekos-cipulis-komente-sezonas-pirmo-posmu-ziemas-sports-sportacentrs-com","status":"publish","type":"post","link":"https:\/\/www.europesays.com\/lv\/57822\/","title":{"rendered":"Probl\u0113mas ar startu divniekos un brauk\u0161anu \u010detriniekos. Cipulis koment\u0113 sezonas pirmo posmu \u2013 Ziemas sports \u2013 Sportacentrs.com"},"content":{"rendered":"<p>Divniekos J\u0113kabs Kalenda un Arnis Bebri\u0161s ieguva 13. vietu un uzst\u016bma 16. un 11. startu, bet Ren\u0101rs Granti\u0146\u0161 un Edgars Ungurs ie\u0146\u0113ma 23. vietu (13. starts \u2013 simtda\u013cu lab\u0101ks nek\u0101 pirmajai ekip\u0101\u017eai) un otrajam braucienam nekvalific\u0113j\u0101s. \u010cetriniekos Kalenda kop\u0101 ar Unguru, Mat\u012bsu Mikni un Mairi K\u013cavu uzst\u016bma 7. un 5. startus, ta\u010du ierindoj\u0101s 17. viet\u0101. Granti\u0146am ar D\u0101vi Kaufmani, Lauri Kaufmani un Edgaru Nemmi bija 12. un 11. starts un 20. vieta fini\u0161\u0101.<\/p>\n<p>&#8220;Granti\u0146am viss bija t\u0101, k\u0101 j\u0101b\u016bt Pasaules kausa debij\u0101, &#8211; vi\u0146\u0161 uzreiz tika iemests pie haiziv\u012bm un izbaud\u012bja, ka, ja gribi pac\u012bn\u012bties par augst\u0101k\u0101m viet\u0101m, tad k\u013c\u016bdas tras\u0113 pie\u013caut nedr\u012bkst. Divniekos k\u013c\u016bdas jau diezgan d\u0101rgi maks\u0101ja. \u010cetriniekos paveic\u0101s ar starta numuru. Treni\u0146braucienos san\u0101ca daudzas lietas, kas nesan\u0101ca ma\u010dos, bet t\u0101s ir lietas, kas norakst\u0101mas uz pirm\u0101 posma mandr\u0101\u017eu. Viss ir k\u0101rt\u012bb\u0101, un no \u0161\u012bs vietas tagad vi\u0146am vien\u012bgais virziens ir uz aug\u0161u,&#8221; sac\u012bja Cipulis.<\/p>\n<p>&#8220;Nepat\u012bkams p\u0101rsteigums bija starta laiki divniekos, tur gan m\u0113s noteikti grib\u0113j\u0101m redz\u0113t lab\u0101kus rezult\u0101tus,&#8221; atzina Cipulis. &#8220;Noteikti bija ar\u012b kaut k\u0101ds nevajadz\u012bgs sasprindzin\u0101jums pirms sacens\u012bb\u0101m. Grib\u0113j\u0101s izdar\u012bt vair\u0101k nek\u0101 var, bet tas negat\u012bvi ietekm\u0113 galarezult\u0101tu. \u010cetriniekos starta laiki atkal priec\u0113ja, daudz neatpalik\u0101m no l\u012bderiem, bet brauk\u0161ana neved\u0101s.<\/p>\n<p>K\u0101di iemesli, to gr\u016bti teikt, bet nov\u0113rojums no malas, skatoties ar\u012b to, k\u0101 citi brauc, tad \u0161\u012b trase pieprasa t\u0101du br\u012bvu, slaidu brauk\u0161anu, \u013coti l\u012bdz\u012bgi k\u0101 Sanktmoricas tras\u0113 \u0160veic\u0113. Brauk\u0161anai j\u0101b\u016bt vieglai, pl\u016bsto\u0161ai, bet J\u0113kabs [Kalenda] ir t\u0101da stila brauc\u0113js, kuram pat\u012bk vair\u0101k past\u016br\u0113t un ne tik daudz str\u0101d\u0101t ar spiedienu, ko pied\u0101v\u0101 trase. Vi\u0146am pat\u012bk pa\u0161am c\u012bn\u012bties cauri, t\u0101p\u0113c tas var\u0113tu b\u016bt iemesls, k\u0101p\u0113c rezult\u0101ts nav t\u0101ds, k\u0101 grib\u0113j\u0101m un uz k\u0101du vi\u0146i b\u016btu sp\u0113j\u012bgi.&#8221;<\/p>\n<p>Divniekos paceles c\u012bpslu savainoja Kalendas st\u016bm\u0113js Bebri\u0161s, kur\u0161 \u010detriniekos nepiedal\u012bj\u0101s. LSM zi\u0146o, ka vi\u0146am b\u016bs j\u0101izlai\u017e 1-2 ned\u0113\u013cas un ies secen \u0161aj\u0101 ned\u0113\u013cas nogal\u0113 Insbruk\u0101 pl\u0101notais Pasaules kausa posms.<\/p>\n<p>Izmantotie resursi:<br \/><a target=\"_blank\" href=\"https:\/\/www.lsm.lv\/raksts\/sports\/ziemas-sports\/24.11.2025-bobsleja-divniekus-piebremze-lenigs-starts-cetriniekos-latvijas-pilotiem-olimpiska-trase-spite.a623609\/\" rel=\"nofollow noopener\">https:\/\/www.lsm.lv\/raksts\/sports\/zi&#8230;<\/a><\/p>\n","protected":false},"excerpt":{"rendered":"Divniekos J\u0113kabs Kalenda un Arnis Bebri\u0161s ieguva 13. vietu un uzst\u016bma 16. un 11. startu, bet Ren\u0101rs Granti\u0146\u0161&hellip;\n","protected":false},"author":2,"featured_media":41222,"comment_status":"","ping_status":"","sticky":false,"template":"","format":"standard","meta":{"footnotes":""},"categories":[17],"tags":[35,39,38,36,37,34,40,67,620],"class_list":{"0":"post-57822","1":"post","2":"type-post","3":"status-publish","4":"format-standard","5":"has-post-thumbnail","7":"category-sports","8":"tag-latvia","9":"tag-latvian","10":"tag-latviesu","11":"tag-latviesu-valoda","12":"tag-latviesuvaloda","13":"tag-latvija","14":"tag-lv","15":"tag-sports","16":"tag-ziemas-sports"},"share_on_mastodon":{"url":"https:\/\/pubeurope.com\/@lv\/115606314230697189","error":""},"_links":{"self":[{"href":"https:\/\/www.europesays.com\/lv\/wp-json\/wp\/v2\/posts\/57822","targetHints":{"allow":["GET"]}}],"collection":[{"href":"https:\/\/www.europesays.com\/lv\/wp-json\/wp\/v2\/posts"}],"about":[{"href":"https:\/\/www.europesays.com\/lv\/wp-json\/wp\/v2\/types\/post"}],"author":[{"embeddable":true,"href":"https:\/\/www.europesays.com\/lv\/wp-json\/wp\/v2\/users\/2"}],"replies":[{"embeddable":true,"href":"https:\/\/www.europesays.com\/lv\/wp-json\/wp\/v2\/comments?post=57822"}],"version-history":[{"count":0,"href":"https:\/\/www.europesays.com\/lv\/wp-json\/wp\/v2\/posts\/57822\/revisions"}],"wp:featuredmedia":[{"embeddable":true,"href":"https:\/\/www.europesays.com\/lv\/wp-json\/wp\/v2\/media\/41222"}],"wp:attachment":[{"href":"https:\/\/www.europesays.com\/lv\/wp-json\/wp\/v2\/media?parent=57822"}],"wp:term":[{"taxonomy":"category","embeddable":true,"href":"https:\/\/www.europesays.com\/lv\/wp-json\/wp\/v2\/categories?post=57822"},{"taxonomy":"post_tag","embeddable":true,"href":"https:\/\/www.europesays.com\/lv\/wp-json\/wp\/v2\/tags?post=57822"}],"curies":[{"name":"wp","href":"https:\/\/api.w.org\/{rel}","templated":true}]}}