{"id":57850,"date":"2025-11-24T20:16:10","date_gmt":"2025-11-24T20:16:10","guid":{"rendered":"https:\/\/www.europesays.com\/lv\/57850\/"},"modified":"2025-11-24T20:16:10","modified_gmt":"2025-11-24T20:16:10","slug":"ukraina-triecieni-krievijas-aviacijas-bazem-dardoni-murmanska-un-irkutska-lente-lv","status":"publish","type":"post","link":"https:\/\/www.europesays.com\/lv\/57850\/","title":{"rendered":"Ukraina triecieni Krievijas avi\u0101cijas b\u0101z\u0113m: d\u0101rdo\u0146i Murmansk\u0101 un Irkutsk\u0101\u00a0\u2014\u00a0Lente.lv"},"content":{"rendered":"<p>Ukrainas triecieni Krievijas strat\u0113\u0123iskajiem avi\u0101cijas objektiem<\/p>\n<p>R\u012bta stunda Krievijas milit\u0101ristiem pie strat\u0113\u0123isko bumbved\u0113ju lidlauka &#8220;O\u013cenja&#8221; s\u0101k\u0101s nevis ar kafiju, bet gan ar d\u0101rdo\u0146iem. Daudzskaitl\u012bgi videoieraksti un zi\u0146ojumi no Krievijas apstiprina bezpilota lidapar\u0101tu uzbrukumus un spr\u0101dzienus ne tikai &#8220;O\u013cenj\u0101&#8221; Murmanskas apgabal\u0101, bet ar\u012b cit\u0101s t\u0101la darb\u012bbas avi\u0101cijas b\u0101z\u0113s, tostarp net\u0101lu no Irkutskas. Kadri liecina par dronu pielieto\u0161anu, bet zi\u0146ojumi \u2013 par desmitiem eksploziju. Iesp\u0113jams, da\u017ei video uz\u0146emti tie\u0161i no bezpilota lidapar\u0101tiem.<\/p>\n<p>Avi\u0101cijas b\u0101ze &#8220;O\u013cenja&#8221; jau iepriek\u0161 bie\u017ei par\u0101d\u012bjusies zi\u0146u virsrakstos \u2013 tie\u0161i no turienes pac\u0113lu\u0161ies bumbved\u0113ji, kas ar ra\u0137et\u0113m uzbruku\u0161i Ukrainas pils\u0113t\u0101m. Lidlauks atrodas Murmanskas apgabal\u0101, net\u0101lu no Murmanskas un O\u013ce\u0146egorskas pils\u0113t\u0101m, aptuveni 1700 kilometru att\u0101lum\u0101 no Ukrainas robe\u017e\u0101m.<\/p>\n<p>SBU oper\u0101cija &#8220;T\u012bkls&#8221;<\/p>\n<p>Izdevums &#8220;Novosti.LIVE&#8221;, atsaucoties uz saviem avotiem, zi\u0146o, ka dronu uzbrukums ir Dro\u0161\u012bbas dienesta (SBU) veiktas speci\u0101loper\u0101cijas rezult\u0101ts. Tiek zi\u0146ots par vair\u0101k nek\u0101 40 lidapar\u0101tu izn\u012bcin\u0101\u0161anu, tostarp izl\u016bklidma\u0161\u012bnu A-50, k\u0101 ar\u012b ra\u0137e\u0161u nes\u0113ju Tu-95 un Tu-22M3. Oper\u0101cija ieguvusi nosaukumu &#8220;T\u012bkls&#8221; (ukrai\u0146u: &#8220;\u041f\u0430\u0443\u0442\u0438\u043d\u0430&#8221;).<\/p>\n<blockquote>\n<p>&#8220;Vien\u0101 video redzams, k\u0101 deg lidlauks &#8220;Belaja&#8221;, un dzirdama SBU vad\u012bt\u0101ja, \u0123ener\u0101lleitnanta Vasilija Ma\u013cu\u0137a balss, kur\u0161 koment\u0113 &#8220;\u0445\u043b\u043e\u043f\u043e\u043a&#8221; (spr\u0101dzienu),&#8221; raksta &#8220;Novosti.LIVE&#8221;.<\/p>\n<\/blockquote>\n<p>Papildus b\u0101zei &#8220;O\u013cenja&#8221; deg ar\u012b lidlauks &#8220;Belaja&#8221; Irkutskas apgabal\u0101 \u2013 vair\u0101k nek\u0101 4000 kilometru att\u0101lum\u0101 no Ukrainas. Viet\u0113jo Krievijas mediju zi\u0146ojumi ar\u012b nor\u0101da uz &#8220;Djagilevo&#8221; lidlauka boj\u0101jumiem Rjaza\u0146as apgabal\u0101. Da\u017ei zi\u0146ojumi v\u0113sta par spr\u0101dzieniem Ivanovas apgabal\u0101, kur atrodas strat\u0113\u0123iskais lidlauks &#8220;Ivanovo-Severnij&#8221;.<\/p>\n<p>Strat\u0113\u0123isk\u0101s avi\u0101cijas zaud\u0113jumu noz\u012bme<\/p>\n<p>Kara apskatnieks Igals Levins v\u0113rt\u0113 notieko\u0161o:<\/p>\n<blockquote>\n<p>&#8220;Oper\u0101cija nav pat pasaules vai gadsimta m\u0113rog\u0101 \u2013 tas ir m\u0113rens l\u012bmenis. Pat gr\u016bti kaut ar ko sal\u012bdzin\u0101t: ukrai\u0146i, protams, pac\u0113lu\u0161i lati\u0146u l\u012bdz superskaidr\u0101m augstumiem&#8230; Fiks\u0113sim: princip\u0101 neatgriezeniski, d\u0101rgi, k\u0101 krist\u0101la strat\u0113\u0123isk\u0101 avi\u0101cija VKF RF \u0161odien izsista ar FPV-droniem zemeslodes otr\u0101 gal\u0101, kas bariem izlidoja no &#8220;Kamaz&#8221; ma\u0161\u012bn\u0101m uz vietas.&#8221;<\/p>\n<\/blockquote>\n<p>Pla\u0161\u0101 ekspertu vid\u016b valda uzskats, ka Krievija pa\u0161laik nesp\u0113j ra\u017eot strat\u0113\u0123iskos bumbved\u0113jus, vismaz iev\u0113rojam\u0101 daudzum\u0101. Da\u013ca eso\u0161o tiek &#8220;kanibaliz\u0113ta&#8221;, proti, tiek izmantoti rezerves da\u013c\u0101m citu lidapar\u0101tu remontam. T\u0101d\u0113j\u0101di pat da\u017eu \u0161\u0101du lidma\u0161\u012bnu zaud\u0113jums Krievijas iebruc\u0113jiem ir noz\u012bm\u012bgs milit\u0101rs pan\u0101kums.<\/p>\n","protected":false},"excerpt":{"rendered":"Ukrainas triecieni Krievijas strat\u0113\u0123iskajiem avi\u0101cijas objektiem R\u012bta stunda Krievijas milit\u0101ristiem pie strat\u0113\u0123isko bumbved\u0113ju lidlauka &#8220;O\u013cenja&#8221; s\u0101k\u0101s nevis ar&hellip;\n","protected":false},"author":2,"featured_media":57851,"comment_status":"","ping_status":"","sticky":false,"template":"","format":"standard","meta":{"footnotes":""},"categories":[5],"tags":[23,12787,28,29,32,33,22,15552,30,31,35,39,38,36,37,34,40,20,26,27,12788,12785,24,25,4712,21],"class_list":{"0":"post-57850","1":"post","2":"type-post","3":"status-publish","4":"format-standard","5":"has-post-thumbnail","7":"category-aktualitates","8":"tag-aktualitates","9":"tag-bezpilota-lidaparati","10":"tag-breaking-news","11":"tag-breakingnews","12":"tag-featured-news","13":"tag-featurednews","14":"tag-headlines","15":"tag-krievijas-aviacijas-bazes","16":"tag-latest-news","17":"tag-latestnews","18":"tag-latvia","19":"tag-latvian","20":"tag-latviesu","21":"tag-latviesu-valoda","22":"tag-latviesuvaloda","23":"tag-latvija","24":"tag-lv","25":"tag-news","26":"tag-popularakas-zinas","27":"tag-popularakaszinas","28":"tag-sbu-operacija","29":"tag-strategiskie-bumbvedeji","30":"tag-top-stories","31":"tag-topstories","32":"tag-ukrainas-triecieni","33":"tag-zinas"},"share_on_mastodon":{"url":"https:\/\/pubeurope.com\/@lv\/115606518718712213","error":""},"_links":{"self":[{"href":"https:\/\/www.europesays.com\/lv\/wp-json\/wp\/v2\/posts\/57850","targetHints":{"allow":["GET"]}}],"collection":[{"href":"https:\/\/www.europesays.com\/lv\/wp-json\/wp\/v2\/posts"}],"about":[{"href":"https:\/\/www.europesays.com\/lv\/wp-json\/wp\/v2\/types\/post"}],"author":[{"embeddable":true,"href":"https:\/\/www.europesays.com\/lv\/wp-json\/wp\/v2\/users\/2"}],"replies":[{"embeddable":true,"href":"https:\/\/www.europesays.com\/lv\/wp-json\/wp\/v2\/comments?post=57850"}],"version-history":[{"count":0,"href":"https:\/\/www.europesays.com\/lv\/wp-json\/wp\/v2\/posts\/57850\/revisions"}],"wp:featuredmedia":[{"embeddable":true,"href":"https:\/\/www.europesays.com\/lv\/wp-json\/wp\/v2\/media\/57851"}],"wp:attachment":[{"href":"https:\/\/www.europesays.com\/lv\/wp-json\/wp\/v2\/media?parent=57850"}],"wp:term":[{"taxonomy":"category","embeddable":true,"href":"https:\/\/www.europesays.com\/lv\/wp-json\/wp\/v2\/categories?post=57850"},{"taxonomy":"post_tag","embeddable":true,"href":"https:\/\/www.europesays.com\/lv\/wp-json\/wp\/v2\/tags?post=57850"}],"curies":[{"name":"wp","href":"https:\/\/api.w.org\/{rel}","templated":true}]}}