{"id":57860,"date":"2025-11-24T20:49:09","date_gmt":"2025-11-24T20:49:09","guid":{"rendered":"https:\/\/www.europesays.com\/lv\/57860\/"},"modified":"2025-11-24T20:49:09","modified_gmt":"2025-11-24T20:49:09","slug":"alonso-izsakas-par-gatavosanos-debijas-spelei-pie-latvijas-izlases-stures","status":"publish","type":"post","link":"https:\/\/www.europesays.com\/lv\/57860\/","title":{"rendered":"Alonso izsak\u0101s par gatavo\u0161anos debijas sp\u0113lei pie Latvijas izlases st\u016bres"},"content":{"rendered":"<p>Iepriek\u0161\u0113j\u0101 galven\u0101 trenera Lukas Banki vad\u012bb\u0101 Robertam Blumbergam netika dota iesp\u0113ja p\u0101rst\u0101v\u0113t izlasi, ta\u010du Alonso vad\u012bb\u0101 vi\u0146\u0161 ir atgriezies kandid\u0101tu sarakst\u0101 pirms k\u0101das no ofici\u0101laj\u0101m sp\u0113l\u0113m.<\/p>\n<p>&#8220;Roberts ir \u013coti motiv\u0113ts sp\u0113l\u0113t izlas\u0113. Vi\u0146am biju\u0161as \u013coti labas sp\u0113les Turcijas \u010dempion\u0101t\u0101. Vi\u0146\u0161 nav klasiskais ceturtais numurs. No vi\u0146a sagaidu \u013coti daudz. Ja vi\u0146\u0161 var sp\u0113l\u0113t sav\u0101 lab\u0101kaj\u0101 l\u012bmen\u012b, vi\u0146\u0161 var daudz dot komandai, un ceru to ieraudz\u012bt,&#8221; secin\u0101ja Alonso.<\/p>\n<p>Latvie\u0161i c\u012b\u0146u par ce\u013caz\u012bmi uz Katar\u0101 paredz\u0113to Pasaules kausa izc\u012b\u0146as fin\u0101lturn\u012bru s\u0101ks kvalifik\u0101cijas Eiropas zonas F grup\u0101, pa div\u0101m reiz\u0113m sacen\u0161oties ar N\u012bderlandes, Polijas un Austrijas komand\u0101m.<\/p>\n<p>F grupas tr\u012bs lab\u0101k\u0101s komandas, \u0146emot l\u012bdzi visu sp\u0113\u013cu rezult\u0101tus, otraj\u0101 posm\u0101 apvienosies ar E grupas (V\u0101cija, Horv\u0101tija, Izra\u0113la, Kipra) lab\u0101ko trijnieku. Tr\u012bs lab\u0101k\u0101s komandas ieg\u016bs ties\u012bbas sp\u0113l\u0113t Pasaules kausa fin\u0101lturn\u012br\u0101.<\/p>\n<p>Latvijas v\u012brie\u0161u basketbola izlases kandid\u0101ti:<\/p>\n<p><a href=\"https:\/\/sports.tvnet.lv\/term\/819512\/adrians-andzevs\" class=\"topicLink\" target=\"_blank\" rel=\"nofollow noopener\">Adrians And\u017eevs<\/a>, <a href=\"https:\/\/sports.tvnet.lv\/term\/88517\/dairis-bertans\" class=\"topicLink\" target=\"_blank\" rel=\"nofollow noopener\">Dairis Bert\u0101ns<\/a>, Kristaps \u0136ilps (visi &#8211; &#8220;VEF R\u012bga&#8221;), Roberts Blumbergs (Izmiras &#8220;Petkim Spor&#8221;, Turcija), Oj\u0101rs Sili\u0146\u0161 (Var\u0161avas &#8220;Legia&#8221;, Polija), Mareks Mejeris (Lielpolijas Ostruvas &#8220;Stal&#8221;, Polija), Kl\u0101vs \u010cavars (Baku &#8220;Sabah&#8221;, Azerbaid\u017e\u0101na), Rihards Loma\u017es (Klaip\u0113das &#8220;Nept\u016bnas&#8221;, Lietuva), Ri\u010dards Aizpurs (&#8220;Stella Azzurra&#8221;, It\u0101lija), M\u0101rcis \u0160teinbergs (Manrezas &#8220;Baxi&#8221;, Sp\u0101nija), An\u017eejs Pase\u010d\u0146iks (&#8220;Lioneers&#8221;, Taiv\u0101na), Toms Skuja (Ludvigsburgas &#8220;Riesen&#8221;, V\u0101cija), K\u0101rlis \u0160ili\u0146\u0161 (&#8220;Trabzonspor&#8221;, Turcija), Toms Leimanis (bez kluba), Art\u016brs Kurucs (Lugo &#8220;Rio Breogan&#8221;, Sp\u0101nija).<\/p>\n","protected":false},"excerpt":{"rendered":"Iepriek\u0161\u0113j\u0101 galven\u0101 trenera Lukas Banki vad\u012bb\u0101 Robertam Blumbergam netika dota iesp\u0113ja p\u0101rst\u0101v\u0113t izlasi, ta\u010du Alonso vad\u012bb\u0101 vi\u0146\u0161 ir&hellip;\n","protected":false},"author":2,"featured_media":57861,"comment_status":"","ping_status":"","sticky":false,"template":"","format":"standard","meta":{"footnotes":""},"categories":[17],"tags":[14558,145,144,1098,4430,3024,35,39,38,36,37,34,225,40,11729,15556,5612,4631,67,1932],"class_list":{"0":"post-57860","1":"post","2":"type-post","3":"status-publish","4":"format-standard","5":"has-post-thumbnail","7":"category-sports","8":"tag-adrians-andzevs","9":"tag-basketbols","10":"tag-basketbols-latvija","11":"tag-basketbols-pasaule","12":"tag-dairis-bertans","13":"tag-karlis-silins","14":"tag-latvia","15":"tag-latvian","16":"tag-latviesu","17":"tag-latviesu-valoda","18":"tag-latviesuvaloda","19":"tag-latvija","20":"tag-latvijas-basketbola-izlase","21":"tag-lv","22":"tag-pasaules-kauss-basketbola","23":"tag-ricards-aizpurs","24":"tag-roberts-blumbergs","25":"tag-sito-alonso","26":"tag-sports","27":"tag-toms-skuja"},"share_on_mastodon":{"url":"https:\/\/pubeurope.com\/@lv\/115606648524048393","error":""},"_links":{"self":[{"href":"https:\/\/www.europesays.com\/lv\/wp-json\/wp\/v2\/posts\/57860","targetHints":{"allow":["GET"]}}],"collection":[{"href":"https:\/\/www.europesays.com\/lv\/wp-json\/wp\/v2\/posts"}],"about":[{"href":"https:\/\/www.europesays.com\/lv\/wp-json\/wp\/v2\/types\/post"}],"author":[{"embeddable":true,"href":"https:\/\/www.europesays.com\/lv\/wp-json\/wp\/v2\/users\/2"}],"replies":[{"embeddable":true,"href":"https:\/\/www.europesays.com\/lv\/wp-json\/wp\/v2\/comments?post=57860"}],"version-history":[{"count":0,"href":"https:\/\/www.europesays.com\/lv\/wp-json\/wp\/v2\/posts\/57860\/revisions"}],"wp:featuredmedia":[{"embeddable":true,"href":"https:\/\/www.europesays.com\/lv\/wp-json\/wp\/v2\/media\/57861"}],"wp:attachment":[{"href":"https:\/\/www.europesays.com\/lv\/wp-json\/wp\/v2\/media?parent=57860"}],"wp:term":[{"taxonomy":"category","embeddable":true,"href":"https:\/\/www.europesays.com\/lv\/wp-json\/wp\/v2\/categories?post=57860"},{"taxonomy":"post_tag","embeddable":true,"href":"https:\/\/www.europesays.com\/lv\/wp-json\/wp\/v2\/tags?post=57860"}],"curies":[{"name":"wp","href":"https:\/\/api.w.org\/{rel}","templated":true}]}}