{"id":57870,"date":"2025-11-24T21:03:08","date_gmt":"2025-11-24T21:03:08","guid":{"rendered":"https:\/\/www.europesays.com\/lv\/57870\/"},"modified":"2025-11-24T21:03:08","modified_gmt":"2025-11-24T21:03:08","slug":"eiropa-un-afrika-ir-vajadzigas-viena-otrai-vairak-neka-jebkad-agrak","status":"publish","type":"post","link":"https:\/\/www.europesays.com\/lv\/57870\/","title":{"rendered":"Eiropa un \u0100frika &#8220;ir vajadz\u012bgas viena otrai vair\u0101k nek\u0101 jebkad agr\u0101k&#8221;"},"content":{"rendered":"<p>Leiena sac\u012bja, ka vi\u0146a saskata potenci\u0101lu eso\u0161o tirdzniec\u012bbas attiec\u012bbu papla\u0161in\u0101\u0161anai, lai gan tre\u0161da\u013ca \u0100frikas eksporta jau tagad non\u0101k Eirop\u0101.<\/p>\n<p>Vi\u0146a ar\u012b nor\u0101d\u012bja uz ES programmu &#8220;Global Gateway&#8221; (&#8220;Glob\u0101lie v\u0101rti&#8221;), piebilstot, ka t\u0101 ir ne tikai infrastrukt\u016bras att\u012bst\u012bbas programma, bet kas daudz vair\u0101k.<\/p>\n<p>P\u0113d\u0113j\u0101 ES un \u0100frikas samit\u0101 pirms trim gadiem tika izvirz\u012bts m\u0113r\u0137is invest\u0113t 150 miljardus eiro \u0100frik\u0101 l\u012bdz 2027. gadam, atg\u0101din\u0101ja Leiena, nor\u0101dot, ka vair\u0101k nek\u0101 120 miljardi eiro jau ir mobiliz\u0113ti. Vi\u0146a uzsv\u0113ra, ka laik\u0101, kad citi liel\u0101kie investori p\u0101rdom\u0101 savu glob\u0101lo iesaisti, Eiropas ap\u0146em\u0161an\u0101s atbalst\u012bt \u0100friku joproj\u0101m ir stipra.<\/p>\n<p>\u0100frikas un ES samit\u0101 Luand\u0101 tika diskut\u0113ts par virkni jaut\u0101jumu, tostarp par mieru, dro\u0161\u012bbu un daudzpus\u0113jo sadarb\u012bbu, migr\u0101ciju, mobilit\u0101ti un labkl\u0101j\u012bbu. Pl\u0101nots, ka otrdien tiks public\u0113ta kop\u012bga samita deklar\u0101cija.<\/p>\n<p>Ta\u010du tik\u0161anos Luand\u0101 ir aiz\u0113noju\u0161as diskusijas par t\u0101 d\u0113v\u0113to ASV miera pl\u0101nu Krievijas uzs\u0101kt\u0101 kara izbeig\u0161anai pret Ukrainu.<\/p>\n","protected":false},"excerpt":{"rendered":"Leiena sac\u012bja, ka vi\u0146a saskata potenci\u0101lu eso\u0161o tirdzniec\u012bbas attiec\u012bbu papla\u0161in\u0101\u0161anai, lai gan tre\u0161da\u013ca \u0100frikas eksporta jau tagad non\u0101k&hellip;\n","protected":false},"author":2,"featured_media":57871,"comment_status":"","ping_status":"","sticky":false,"template":"","format":"standard","meta":{"footnotes":""},"categories":[14],"tags":[3004,23,57,28,29,32,33,22,30,31,35,39,38,36,37,34,40,20,26,27,24,25,5507,54,55,56,21,58],"class_list":{"0":"post-57870","1":"post","2":"type-post","3":"status-publish","4":"format-standard","5":"has-post-thumbnail","7":"category-zinas-no-arvalstim","8":"tag-afrika","9":"tag-aktualitates","10":"tag-arvalstim","11":"tag-breaking-news","12":"tag-breakingnews","13":"tag-featured-news","14":"tag-featurednews","15":"tag-headlines","16":"tag-latest-news","17":"tag-latestnews","18":"tag-latvia","19":"tag-latvian","20":"tag-latviesu","21":"tag-latviesu-valoda","22":"tag-latviesuvaloda","23":"tag-latvija","24":"tag-lv","25":"tag-news","26":"tag-popularakas-zinas","27":"tag-popularakaszinas","28":"tag-top-stories","29":"tag-topstories","30":"tag-urzula-fon-der-leiena","31":"tag-world","32":"tag-world-news","33":"tag-worldnews","34":"tag-zinas","35":"tag-zinas-no-arvalstim"},"share_on_mastodon":{"url":"https:\/\/pubeurope.com\/@lv\/115606703512936834","error":""},"_links":{"self":[{"href":"https:\/\/www.europesays.com\/lv\/wp-json\/wp\/v2\/posts\/57870","targetHints":{"allow":["GET"]}}],"collection":[{"href":"https:\/\/www.europesays.com\/lv\/wp-json\/wp\/v2\/posts"}],"about":[{"href":"https:\/\/www.europesays.com\/lv\/wp-json\/wp\/v2\/types\/post"}],"author":[{"embeddable":true,"href":"https:\/\/www.europesays.com\/lv\/wp-json\/wp\/v2\/users\/2"}],"replies":[{"embeddable":true,"href":"https:\/\/www.europesays.com\/lv\/wp-json\/wp\/v2\/comments?post=57870"}],"version-history":[{"count":0,"href":"https:\/\/www.europesays.com\/lv\/wp-json\/wp\/v2\/posts\/57870\/revisions"}],"wp:featuredmedia":[{"embeddable":true,"href":"https:\/\/www.europesays.com\/lv\/wp-json\/wp\/v2\/media\/57871"}],"wp:attachment":[{"href":"https:\/\/www.europesays.com\/lv\/wp-json\/wp\/v2\/media?parent=57870"}],"wp:term":[{"taxonomy":"category","embeddable":true,"href":"https:\/\/www.europesays.com\/lv\/wp-json\/wp\/v2\/categories?post=57870"},{"taxonomy":"post_tag","embeddable":true,"href":"https:\/\/www.europesays.com\/lv\/wp-json\/wp\/v2\/tags?post=57870"}],"curies":[{"name":"wp","href":"https:\/\/api.w.org\/{rel}","templated":true}]}}