{"id":57884,"date":"2025-11-24T21:59:09","date_gmt":"2025-11-24T21:59:09","guid":{"rendered":"https:\/\/www.europesays.com\/lv\/57884\/"},"modified":"2025-11-24T21:59:09","modified_gmt":"2025-11-24T21:59:09","slug":"riga-saks-iekaset-ires-maksu-par-pasvaldibas-dzivoklu-iri","status":"publish","type":"post","link":"https:\/\/www.europesays.com\/lv\/57884\/","title":{"rendered":"R\u012bg\u0101 s\u0101ks iekas\u0113t \u012bres maksu par pa\u0161vald\u012bbas dz\u012bvok\u013cu \u012bri"},"content":{"rendered":"<p>Noteikumu projekts paredz, ka soci\u0101lo dz\u012bvojamo telpu \u012brniekiem \u012bres maksa netiks piem\u0113rota un vienlaikus tiks piem\u0113rots 50% atbalsts maks\u0101jumiem par siltumener\u0123iju apkurei. Pl\u0101notaj\u0101 \u012bres maksas sist\u0113m\u0101 soci\u0101lo dz\u012bvojamo telpu \u012brnieki maks\u0101s p\u0101rvald\u012b\u0161anas maksu, un \u0161\u0101da pieeja nerad\u012bs papildu maks\u0101jumu slogu \u0161iem \u012brniekiem.<\/p>\n<p>Savuk\u0101rt par p\u0101r\u0113jo pa\u0161vald\u012bbas \u012bpa\u0161um\u0101 eso\u0161o dz\u012bvok\u013cu izmanto\u0161anu no 2026. gada maija tiks apr\u0113\u0137in\u0101ta \u012bres maksa 2,5% apm\u0113r\u0101 no \u012bpa\u0161uma univers\u0101l\u0101s kadastr\u0101l\u0101s v\u0113rt\u012bbas gad\u0101.<\/p>\n<p>Pa\u0161vald\u012bbas \u012bpa\u0161um\u0101 ir 6300 dz\u012bvok\u013cu, kuri tiek iz\u012br\u0113ti pal\u012bdz\u012bbas snieg\u0161anas ietvaros dz\u012bvok\u013ca jaut\u0101juma risin\u0101\u0161anai, k\u0101 ar\u012b 3500 dz\u012bvok\u013cu, kuru \u012brniekiem ir bijis iesp\u0113jams tos ieg\u016bt \u012bpa\u0161um\u0101, jo v\u0113sturiski tie nav iz\u012br\u0113ti pal\u012bdz\u012bbas snieg\u0161anas ietvaros.<\/p>\n<p>Maznodro\u0161in\u0101t\u0101m person\u0101m, kas \u012br\u0113 pa\u0161vald\u012bbas dz\u012bvokli pal\u012bdz\u012bbas snieg\u0161anas ietvaros, \u012bres maksai tiks noteikts 30% samazin\u0101jums, bet \u0123imen\u0113m ar nepilngad\u012bgiem b\u0113rniem, b\u0113rnu ar invalidit\u0101ti, vai kur\u0101 ir persona ar invalidit\u0101ti kop\u0161 b\u0113rn\u012bbas, \u012bres maksai paredz\u0113ts 50% samazin\u0101jums. Treija uzsv\u0113ra, ka maksim\u0101l\u0101s atlaides \u012bres maksai tiks piem\u0113rotas tie\u0161i \u0123imen\u0113m ar nepilngad\u012bgiem b\u0113rniem.<\/p>\n<p>&#8220;Ir b\u016btiski, lai pa\u0161vald\u012bbas pie\u0161\u0137irts atbalsts ir pamatots un taisn\u012bgs, attiec\u012bgi ar\u012b \u012bres maksas politikai j\u0101b\u016bt gan taisn\u012bgai, gan atbilsto\u0161ai re\u0101laj\u0101m izmaks\u0101m. M\u0113s nerun\u0101jam par strauju sad\u0101rdzin\u0101jumu, bet gan par sak\u0101rtotu, saprotamu sist\u0113mu, kur \u012bres maksas ie\u0146\u0113mumi \u013cauj uztur\u0113t \u012bpa\u0161uma v\u0113rt\u012bbu un tehnisko st\u0101vokli,&#8221; uzsv\u0113rusi Treija.<\/p>\n<p>Vi\u0146a atzina, ka, iesp\u0113jams, k\u0101dam no \u012brniekiem jaun\u0101 \u012bres maksa b\u016bs par augtu, ta\u010du \u0161\u012bm person\u0101m b\u016bs iesp\u0113ja v\u0113rsties Labkl\u0101j\u012bbas departament\u0101, l\u016bdzot m\u0101jok\u013ca pabalstu.<\/p>\n","protected":false},"excerpt":{"rendered":"Noteikumu projekts paredz, ka soci\u0101lo dz\u012bvojamo telpu \u012brniekiem \u012bres maksa netiks piem\u0113rota un vienlaikus tiks piem\u0113rots 50% atbalsts&hellip;\n","protected":false},"author":2,"featured_media":57885,"comment_status":"","ping_status":"","sticky":false,"template":"","format":"standard","meta":{"footnotes":""},"categories":[12],"tags":[23,28,29,32,33,22,30,31,35,39,38,36,37,34,40,4138,20,26,27,687,24,25,21],"class_list":{"0":"post-57884","1":"post","2":"type-post","3":"status-publish","4":"format-standard","5":"has-post-thumbnail","7":"category-latvija","8":"tag-aktualitates","9":"tag-breaking-news","10":"tag-breakingnews","11":"tag-featured-news","12":"tag-featurednews","13":"tag-headlines","14":"tag-latest-news","15":"tag-latestnews","16":"tag-latvia","17":"tag-latvian","18":"tag-latviesu","19":"tag-latviesu-valoda","20":"tag-latviesuvaloda","21":"tag-latvija","22":"tag-lv","23":"tag-nekustamie-ipasumi","24":"tag-news","25":"tag-popularakas-zinas","26":"tag-popularakaszinas","27":"tag-rigas-dome","28":"tag-top-stories","29":"tag-topstories","30":"tag-zinas"},"share_on_mastodon":{"url":"https:\/\/pubeurope.com\/@lv\/115606923729708177","error":""},"_links":{"self":[{"href":"https:\/\/www.europesays.com\/lv\/wp-json\/wp\/v2\/posts\/57884","targetHints":{"allow":["GET"]}}],"collection":[{"href":"https:\/\/www.europesays.com\/lv\/wp-json\/wp\/v2\/posts"}],"about":[{"href":"https:\/\/www.europesays.com\/lv\/wp-json\/wp\/v2\/types\/post"}],"author":[{"embeddable":true,"href":"https:\/\/www.europesays.com\/lv\/wp-json\/wp\/v2\/users\/2"}],"replies":[{"embeddable":true,"href":"https:\/\/www.europesays.com\/lv\/wp-json\/wp\/v2\/comments?post=57884"}],"version-history":[{"count":0,"href":"https:\/\/www.europesays.com\/lv\/wp-json\/wp\/v2\/posts\/57884\/revisions"}],"wp:featuredmedia":[{"embeddable":true,"href":"https:\/\/www.europesays.com\/lv\/wp-json\/wp\/v2\/media\/57885"}],"wp:attachment":[{"href":"https:\/\/www.europesays.com\/lv\/wp-json\/wp\/v2\/media?parent=57884"}],"wp:term":[{"taxonomy":"category","embeddable":true,"href":"https:\/\/www.europesays.com\/lv\/wp-json\/wp\/v2\/categories?post=57884"},{"taxonomy":"post_tag","embeddable":true,"href":"https:\/\/www.europesays.com\/lv\/wp-json\/wp\/v2\/tags?post=57884"}],"curies":[{"name":"wp","href":"https:\/\/api.w.org\/{rel}","templated":true}]}}