{"id":57888,"date":"2025-11-24T22:08:08","date_gmt":"2025-11-24T22:08:08","guid":{"rendered":"https:\/\/www.europesays.com\/lv\/57888\/"},"modified":"2025-11-24T22:08:08","modified_gmt":"2025-11-24T22:08:08","slug":"riga-telpu-futbolisti-uefa-cempionu-ligas-astotdalfinala-viesos-cinas-neizskirti","status":"publish","type":"post","link":"https:\/\/www.europesays.com\/lv\/57888\/","title":{"rendered":"&#8220;Riga&#8221; telpu futbolisti UEFA \u010cempionu l\u012bgas astotda\u013cfin\u0101l\u0101 viesos c\u012bn\u0101s neiz\u0161\u0137irti"},"content":{"rendered":"<p>Atbildes sp\u0113le R\u012bg\u0101 norisin\u0101sies 5. decembr\u012b. N\u0101kamo k\u0101rtu sasniegs uzvar\u0113t\u0101ja divu ma\u010du summ\u0101.<\/p>\n<p>Sp\u0113les pirmaj\u0101s desmit min\u016bt\u0113s m\u0101jiniekiem divus v\u0101rtus guva Drilons Mad\u017eharrajs, bet pirm\u0101 puslaika p\u0113d\u0113j\u0101s min\u016bt\u0113s 1:2 pan\u0101ca Viktors Ku\u013cepovs. C\u012b\u0146as 32. min\u016bt\u0113 Daniels Airozu izl\u012bdzin\u0101ja rezult\u0101tu, divas min\u016btes v\u0113l\u0101k Ramadans Alajs atguva m\u0101jiniekiem vad\u012bbu, ta\u010du nepilnas tr\u012bs min\u016btes pirms pamatlaika beig\u0101m 3:3 pan\u0101ca \u017duz\u0113 Markvards.<\/p>\n<p>Ja &#8220;Riga&#8221; sasniegs ceturtda\u013cfin\u0101lu, c\u012b\u0146\u0101 par iek\u013c\u016b\u0161anu pusfin\u0101l\u0101 r\u012bdzinieki sp\u0113kosies ar Kijivas &#8220;Hit&#8221; vai Sp\u0101nijas klubu &#8220;Palma Futsal&#8221;. Ar\u012b ceturtda\u013cfin\u0101l\u0101 uzvar\u0113t\u0101ji, kas iek\u013c\u016bs fin\u0101l\u010detrinieka turn\u012br\u0101, tiks noskaidrot divu ma\u010du summ\u0101.<\/p>\n<p>\u010cempionu l\u012bgas pamatk\u0101rt\u0101 &#8220;Riga&#8221; telpu futbolisti ar 4:1 apsp\u0113l\u0113ja Sentendr\u016bsas &#8220;Luxol&#8221;, ar 1:6 atzina titul\u0113t\u0101s Lisabonas &#8220;Benfica&#8221; p\u0101r\u0101kumu un ar 2:0 uzvar\u0113ja Serbijas \u010dempioni &#8220;Loznica-Grad 2018&#8221;.<\/p>\n<p>Pag\u0101ju\u0161aj\u0101 &#8220;Optibet&#8221; telpu futbola virsl\u012bgas sezonas fin\u0101ls\u0113rij\u0101 &#8220;Riga&#8221; ar 4:2 uzvar\u0113ja RFS komandu, Latvijas \u010dempion\u0101t\u0101 triumf\u0113jot tre\u0161o reizi p\u0113c k\u0101rtas.<\/p>\n<p>Iepriek\u0161\u0113j\u0101s div\u0101s sezon\u0101s &#8220;Riga&#8221; sp\u0113l\u0113ja \u010cempionu l\u012bgas elites k\u0101rt\u0101.<\/p>\n","protected":false},"excerpt":{"rendered":"Atbildes sp\u0113le R\u012bg\u0101 norisin\u0101sies 5. decembr\u012b. N\u0101kamo k\u0101rtu sasniegs uzvar\u0113t\u0101ja divu ma\u010du summ\u0101. Sp\u0113les pirmaj\u0101s desmit min\u016bt\u0113s m\u0101jiniekiem&hellip;\n","protected":false},"author":2,"featured_media":57889,"comment_status":"","ping_status":"","sticky":false,"template":"","format":"standard","meta":{"footnotes":""},"categories":[17],"tags":[35,39,38,36,37,34,40,67,2313],"class_list":{"0":"post-57888","1":"post","2":"type-post","3":"status-publish","4":"format-standard","5":"has-post-thumbnail","7":"category-sports","8":"tag-latvia","9":"tag-latvian","10":"tag-latviesu","11":"tag-latviesu-valoda","12":"tag-latviesuvaloda","13":"tag-latvija","14":"tag-lv","15":"tag-sports","16":"tag-telpu-futbols"},"share_on_mastodon":{"url":"https:\/\/pubeurope.com\/@lv\/115606959125957934","error":""},"_links":{"self":[{"href":"https:\/\/www.europesays.com\/lv\/wp-json\/wp\/v2\/posts\/57888","targetHints":{"allow":["GET"]}}],"collection":[{"href":"https:\/\/www.europesays.com\/lv\/wp-json\/wp\/v2\/posts"}],"about":[{"href":"https:\/\/www.europesays.com\/lv\/wp-json\/wp\/v2\/types\/post"}],"author":[{"embeddable":true,"href":"https:\/\/www.europesays.com\/lv\/wp-json\/wp\/v2\/users\/2"}],"replies":[{"embeddable":true,"href":"https:\/\/www.europesays.com\/lv\/wp-json\/wp\/v2\/comments?post=57888"}],"version-history":[{"count":0,"href":"https:\/\/www.europesays.com\/lv\/wp-json\/wp\/v2\/posts\/57888\/revisions"}],"wp:featuredmedia":[{"embeddable":true,"href":"https:\/\/www.europesays.com\/lv\/wp-json\/wp\/v2\/media\/57889"}],"wp:attachment":[{"href":"https:\/\/www.europesays.com\/lv\/wp-json\/wp\/v2\/media?parent=57888"}],"wp:term":[{"taxonomy":"category","embeddable":true,"href":"https:\/\/www.europesays.com\/lv\/wp-json\/wp\/v2\/categories?post=57888"},{"taxonomy":"post_tag","embeddable":true,"href":"https:\/\/www.europesays.com\/lv\/wp-json\/wp\/v2\/tags?post=57888"}],"curies":[{"name":"wp","href":"https:\/\/api.w.org\/{rel}","templated":true}]}}