{"id":57900,"date":"2025-11-24T22:19:18","date_gmt":"2025-11-24T22:19:18","guid":{"rendered":"https:\/\/www.europesays.com\/lv\/57900\/"},"modified":"2025-11-24T22:19:18","modified_gmt":"2025-11-24T22:19:18","slug":"atskanotako-dziesmu-topa-popularitati-gust-tiesi-latvijai-veltitas-dziesmas","status":"publish","type":"post","link":"https:\/\/www.europesays.com\/lv\/57900\/","title":{"rendered":"Atska\u0146ot\u0101ko dziesmu top\u0101 popularit\u0101ti g\u016bst tie\u0161i Latvijai velt\u012btas dziesmas"},"content":{"rendered":"<blockquote class=\"quote ck-widget\" contenteditable=\"false\">\n<p>Es gribu, lai \u0161\u012b dziesma ikkatru aizved nosta\u013c\u0123isk\u0101s atmi\u0146\u0101s par k\u0101du cilv\u0113ku, ar kuru attiec\u012bbas varb\u016bt ir beigu\u0161\u0101s, un m\u0113s labi apzin\u0101mies, ka t\u0101 ir j\u0101b\u016bt \u2013 lai t\u0101 ar\u012b paliek.<\/p>\n<\/blockquote>\n<p>Ceru, ka \u0161is albums b\u016bs k\u0101 apsk\u0101viens, kas \u013caus iem\u012bl\u0113ties, dejot un ar\u012b p\u0101rdz\u012bvot, jo dz\u012bv\u0113 j\u0101b\u016bt vis\u0101m kr\u0101s\u0101m!\u201d<\/p>\n<p>Projekta \u201cMed\u012bbu Lauki\u201d otrais singls \u201cV\u0113los rudens vakaros\u201d ir 16. radiostacij\u0101s sp\u0113l\u0113t\u0101k\u0101 dziesma, bet 18. viet\u0101 ir grupas \u201cSudden Lights\u201d dziesma \u201cSepti\u0146desmito pludmales\u201d.<\/p>\n<p>Latvijas straum\u0113\u0161anas topa aug\u0161gal\u0101 jau tre\u0161o ned\u0113\u013cu nemain\u012bgi ir reperu Deniss, Silraq un Sudrabu Sirds dziesma \u201cPas\u0113d\u0113t\u201d. Otr\u0101 viet\u0101 ir Gacho singls \u201cV\u0113jiem l\u012bdzi\u201d, bet tre\u0161aj\u0101 viet\u0101 atrodama repera Icegergert un dzied\u0101t\u0101jas Zivert dziesma \u201c\u0411\u0410\u041d\u041a\u201d (latviski \u2013 banka).<\/p>\n<p><img decoding=\"async\" class=\"figure__image\" onclick=\"triggerEvent('articleImageClick', { id: 17297366, focus: 'single-image', focusIndex: '17297366' })\" onkeydown=\"if (event.key === 'Enter') {&#10;        triggerEvent('articleImageClick', { id: 17297366, focus: 'single-image', focusIndex: '17297366' })&#10;        }\" role=\"button\" tabindex=\"0\" data-focus-from=\"single-image\" data-focus-index=\"17297366\" src=\"https:\/\/www.europesays.com\/lv\/wp-content\/uploads\/2025\/11\/17297366t1h8265.jpg\" onload=\"this.parentElement.classList.remove('figure__image-loading')\" alt=\"\"\/> Foto: Latvijas Izpild\u012bt\u0101ju un producentu apvien\u012bba<\/p>\n<p>Ceturtaj\u0101 viet\u0101 ir Dona singls \u201cTuvums\u201d, bet sesto vietu ie\u0146em \u201cSudden Lights\u201d kaverversija \u201c\u010cik\u0101gas piec\u012b\u0161i\u201d dziesmai \u201cM\u016bsu m\u012blest\u012bba\u201d. Sept\u012bt\u0101 ir Fi\u0146\u0137a dziesma \u201cBaudam!\u201d.<\/p>\n<p><img decoding=\"async\" class=\"figure__image\" onclick=\"triggerEvent('articleImageClick', { id: 17297367, focus: 'single-image', focusIndex: '17297367' })\" onkeydown=\"if (event.key === 'Enter') {&#10;        triggerEvent('articleImageClick', { id: 17297367, focus: 'single-image', focusIndex: '17297367' })&#10;        }\" role=\"button\" tabindex=\"0\" data-focus-from=\"single-image\" data-focus-index=\"17297367\" src=\"https:\/\/www.europesays.com\/lv\/wp-content\/uploads\/2025\/11\/17297367t1h7ff2.jpg\" onload=\"this.parentElement.classList.remove('figure__image-loading')\" alt=\"\"\/> Foto: Latvijas Izpild\u012bt\u0101ju un producentu apvien\u012bba<\/p>\n<p>Patriotu m\u0113ne\u0161a noska\u0146\u0101s 11. viet\u0101 top\u0101 debit\u0113 Mika Galvanovska dziesma \u201cPar Savu Zemi Saukt\u201d. M\u016bzi\u0137is saka: \u201cTas ir saprotami, ka \u0161\u0101da tipa dziesm\u0101m liel\u0101k\u0101 aktualit\u0101te ir tie\u0161i sv\u0113tku period\u0101, bet \u0161o dziesmu es neesmu rad\u012bjis \u012bpa\u0161i valsts sv\u0113tkiem.<\/p>\n<blockquote class=\"quote ck-widget\" contenteditable=\"false\">\n<p>Caur \u0161o dziesmu izsaku savu m\u012blest\u012bbu un nost\u0101ju pret savu zemi. Esmu nov\u0113rojis, ka cilv\u0113ki, kas j\u016btas l\u012bdz\u012bgi k\u0101 es, bie\u017ei vien pat\u0113r\u0113 \u0161\u0101du m\u016bziku ar\u012b ikdien\u0101, ne tikai aktualit\u0101\u0161u laik\u0101.\u201d<\/p>\n<\/blockquote>\n<p>12. viet\u0101 ir Patrishas un Fi\u0146\u0137a superhits \u201cRa\u0137e\u0161u zin\u0101tne\u201d, tikm\u0113r reperu Wiesu\u013ca, rolanda \u010de un producentu sangvn un galaktik dziesma \u201cR\u012bgas atsl\u0113ga\u201d ir 17. viet\u0101. V\u0113l viens kopdarbs \u2013 \u201cSingap\u016bras Sat\u012bns\u201d un \u201cA-Europa\u201d dziesma \u201cUz seen\u201d ie\u0146em 18. vietu.<\/p>\n","protected":false},"excerpt":{"rendered":"Es gribu, lai \u0161\u012b dziesma ikkatru aizved nosta\u013c\u0123isk\u0101s atmi\u0146\u0101s par k\u0101du cilv\u0113ku, ar kuru attiec\u012bbas varb\u016bt ir beigu\u0161\u0101s,&hellip;\n","protected":false},"author":2,"featured_media":57901,"comment_status":"","ping_status":"","sticky":false,"template":"","format":"standard","meta":{"footnotes":""},"categories":[19],"tags":[6864,201,12912,89,90,1672,1495,35,39,38,36,37,34,8416,40,8110,5317,10289,4656,4328],"class_list":{"0":"post-57900","1":"post","2":"type-post","3":"status-publish","4":"format-standard","5":"has-post-thumbnail","7":"category-izklaide","8":"tag-citi-zeni","9":"tag-dons","10":"tag-elizabete-gaile","11":"tag-entertainment","12":"tag-izklaide","13":"tag-lady-gaga","14":"tag-laipa","15":"tag-latvia","16":"tag-latvian","17":"tag-latviesu","18":"tag-latviesu-valoda","19":"tag-latviesuvaloda","20":"tag-latvija","21":"tag-latvijas-izpilditaju-un-producentu-apvieniba","22":"tag-lv","23":"tag-miks-galvanovskis","24":"tag-reiks","25":"tag-reperis-deniss","26":"tag-sudrabu-sirds","27":"tag-teilore-svifta"},"share_on_mastodon":{"url":"https:\/\/pubeurope.com\/@lv\/115607002738833729","error":""},"_links":{"self":[{"href":"https:\/\/www.europesays.com\/lv\/wp-json\/wp\/v2\/posts\/57900","targetHints":{"allow":["GET"]}}],"collection":[{"href":"https:\/\/www.europesays.com\/lv\/wp-json\/wp\/v2\/posts"}],"about":[{"href":"https:\/\/www.europesays.com\/lv\/wp-json\/wp\/v2\/types\/post"}],"author":[{"embeddable":true,"href":"https:\/\/www.europesays.com\/lv\/wp-json\/wp\/v2\/users\/2"}],"replies":[{"embeddable":true,"href":"https:\/\/www.europesays.com\/lv\/wp-json\/wp\/v2\/comments?post=57900"}],"version-history":[{"count":0,"href":"https:\/\/www.europesays.com\/lv\/wp-json\/wp\/v2\/posts\/57900\/revisions"}],"wp:featuredmedia":[{"embeddable":true,"href":"https:\/\/www.europesays.com\/lv\/wp-json\/wp\/v2\/media\/57901"}],"wp:attachment":[{"href":"https:\/\/www.europesays.com\/lv\/wp-json\/wp\/v2\/media?parent=57900"}],"wp:term":[{"taxonomy":"category","embeddable":true,"href":"https:\/\/www.europesays.com\/lv\/wp-json\/wp\/v2\/categories?post=57900"},{"taxonomy":"post_tag","embeddable":true,"href":"https:\/\/www.europesays.com\/lv\/wp-json\/wp\/v2\/tags?post=57900"}],"curies":[{"name":"wp","href":"https:\/\/api.w.org\/{rel}","templated":true}]}}