{"id":57912,"date":"2025-11-25T01:53:08","date_gmt":"2025-11-25T01:53:08","guid":{"rendered":"https:\/\/www.europesays.com\/lv\/57912\/"},"modified":"2025-11-25T01:53:08","modified_gmt":"2025-11-25T01:53:08","slug":"budzets-tiks-pienemts-tad-sekos-sarunas-par-koalicijas-talako-darbu","status":"publish","type":"post","link":"https:\/\/www.europesays.com\/lv\/57912\/","title":{"rendered":"Bud\u017eets tiks pie\u0146emts. Tad sekos sarunas par koal\u012bcijas t\u0101l\u0101ko darbu"},"content":{"rendered":"<p>Krauze uzskata, ka politiskajiem sp\u0113kiem b\u016b\u0161ot j\u0101run\u0101 par turpm\u0101ko sadarb\u012bbu, un sarunas var ar\u012b nebeigties ar vienotu risin\u0101jumu.<\/p>\n<p>&#8220;Progres\u012bvo&#8221; valdes loceklis, satiksmes ministrs Atis \u0160vinka uzsv\u0113ra, ka &#8220;Progres\u012bvie&#8221; piekritu\u0161i turpin\u0101t darbu koal\u012bcij\u0101, \u0146emot v\u0113r\u0101 dro\u0161\u012bbas situ\u0101ciju un nepiecie\u0161am\u012bbu pie\u0146emt bud\u017eetu.<\/p>\n<p>\u0160vinka pauda, ka frakcija k\u0101 maz\u0101kais koal\u012bcijas partneris patlaban uzskata savu balsi par b\u016btisku, lai nov\u0113rstu &#8220;90. gadu stil\u0101 veidotu lietu virz\u012b\u0161anu&#8221; un notur\u0113tu Eiropas v\u0113rt\u012bbu kursu.<\/p>\n<p>Krauze akcent\u0113ja, ka bud\u017eets tiks pie\u0146emts, ta\u010du p\u0113c tam sekos sarunas par koal\u012bcijas t\u0101l\u0101ko darbu. Vi\u0146\u0161 uzsv\u0113ra, ka koal\u012bcijas stabilit\u0101ti noteiks sp\u0113ja vienoties par ekonomikas un tautsaimniec\u012bbas att\u012bst\u012bbu, k\u0101 ar\u012b &#8220;r\u016bpes par iedz\u012bvot\u0101jiem&#8221;.<\/p>\n<p>K\u0101 zi\u0146ots, kop\u0161 <a href=\"https:\/\/www.tvnet.lv\/term\/566698\/zzs\" class=\"topicLink\" target=\"_blank\" rel=\"nofollow noopener\">ZZS<\/a> jaut\u0101jum\u0101 par Latvijas izst\u0101\u0161anos no Stambulas konvencijas piesl\u0113j\u0101s opoz\u012bcijai, ir s\u0101kusies izteikta nestabilit\u0101te vald\u012bbas koal\u012bcij\u0101. Koal\u012bcijas partneri gan ap\u0146\u0113mu\u0161ies str\u0101d\u0101t, lai pie\u0146emtu n\u0101kam\u0101 gada &#8220;dro\u0161\u012bbas bud\u017eetu&#8221;, ta\u010du tic\u012bbu Ministru prezidentes Evikas Sili\u0146as (JV) vald\u012bbas sp\u0113jai str\u0101d\u0101t ilgtermi\u0146\u0101 nu jau pau\u017e vien retais politi\u0137is. Turkl\u0101t kop\u0161 konvencijas jaut\u0101juma koal\u012bcijas partneri ir apmain\u012bju\u0161ies ar arvien jauniem p\u0101rmetumiem viens otram.<\/p>\n","protected":false},"excerpt":{"rendered":"Krauze uzskata, ka politiskajiem sp\u0113kiem b\u016b\u0161ot j\u0101run\u0101 par turpm\u0101ko sadarb\u012bbu, un sarunas var ar\u012b nebeigties ar vienotu risin\u0101jumu.&hellip;\n","protected":false},"author":2,"featured_media":57913,"comment_status":"","ping_status":"","sticky":false,"template":"","format":"standard","meta":{"footnotes":""},"categories":[12],"tags":[23,665,28,29,32,33,22,30,31,35,39,38,36,37,34,40,20,26,27,24,25,21,666],"class_list":{"0":"post-57912","1":"post","2":"type-post","3":"status-publish","4":"format-standard","5":"has-post-thumbnail","7":"category-latvija","8":"tag-aktualitates","9":"tag-armands-krauze","10":"tag-breaking-news","11":"tag-breakingnews","12":"tag-featured-news","13":"tag-featurednews","14":"tag-headlines","15":"tag-latest-news","16":"tag-latestnews","17":"tag-latvia","18":"tag-latvian","19":"tag-latviesu","20":"tag-latviesu-valoda","21":"tag-latviesuvaloda","22":"tag-latvija","23":"tag-lv","24":"tag-news","25":"tag-popularakas-zinas","26":"tag-popularakaszinas","27":"tag-top-stories","28":"tag-topstories","29":"tag-zinas","30":"tag-zzs"},"share_on_mastodon":{"url":"https:\/\/pubeurope.com\/@lv\/115607843857566737","error":""},"_links":{"self":[{"href":"https:\/\/www.europesays.com\/lv\/wp-json\/wp\/v2\/posts\/57912","targetHints":{"allow":["GET"]}}],"collection":[{"href":"https:\/\/www.europesays.com\/lv\/wp-json\/wp\/v2\/posts"}],"about":[{"href":"https:\/\/www.europesays.com\/lv\/wp-json\/wp\/v2\/types\/post"}],"author":[{"embeddable":true,"href":"https:\/\/www.europesays.com\/lv\/wp-json\/wp\/v2\/users\/2"}],"replies":[{"embeddable":true,"href":"https:\/\/www.europesays.com\/lv\/wp-json\/wp\/v2\/comments?post=57912"}],"version-history":[{"count":0,"href":"https:\/\/www.europesays.com\/lv\/wp-json\/wp\/v2\/posts\/57912\/revisions"}],"wp:featuredmedia":[{"embeddable":true,"href":"https:\/\/www.europesays.com\/lv\/wp-json\/wp\/v2\/media\/57913"}],"wp:attachment":[{"href":"https:\/\/www.europesays.com\/lv\/wp-json\/wp\/v2\/media?parent=57912"}],"wp:term":[{"taxonomy":"category","embeddable":true,"href":"https:\/\/www.europesays.com\/lv\/wp-json\/wp\/v2\/categories?post=57912"},{"taxonomy":"post_tag","embeddable":true,"href":"https:\/\/www.europesays.com\/lv\/wp-json\/wp\/v2\/tags?post=57912"}],"curies":[{"name":"wp","href":"https:\/\/api.w.org\/{rel}","templated":true}]}}