{"id":57929,"date":"2025-11-25T04:36:09","date_gmt":"2025-11-25T04:36:09","guid":{"rendered":"https:\/\/www.europesays.com\/lv\/57929\/"},"modified":"2025-11-25T04:36:09","modified_gmt":"2025-11-25T04:36:09","slug":"politologi-par-valdibas-stabilitati-divas-iespejas","status":"publish","type":"post","link":"https:\/\/www.europesays.com\/lv\/57929\/","title":{"rendered":"Politologi par vald\u012bbas stabilit\u0101ti: divas iesp\u0113jas"},"content":{"rendered":"<p>Politologu v\u0113rt\u0113jums par vald\u012bbas stabilit\u0101ti: divas kr\u0101sas \u2013 slikta un \u013coti slikta<\/p>\n<p>Politiskie apskatnieki Latvij\u0101 \u0161obr\u012bd v\u0113rt\u0113 valdo\u0161\u0101s koal\u012bcijas stabilit\u0101ti k\u0101 \u013coti smagu un sare\u017e\u0123\u012btu, paredzot divas galven\u0101s att\u012bst\u012bbas iesp\u0113jas \u2013 sliktu vai pat \u013coti sliktu scen\u0101riju. Neskatoties uz \u0161o dr\u016bmo prognozi, politologs Juris Rozenvalds ir izteicis atzinumu, ka pa\u0161reiz\u0113j\u0101s vald\u012bbas kri\u0161ana pirms valsts bud\u017eeta pie\u0146em\u0161anas ir maz ticama. Vi\u0146\u0161 skaidro, ka tik noz\u012bm\u012bga dokumenta noraid\u012b\u0161ana vai bud\u017eeta pie\u0146em\u0161anas procesa destabiliz\u0101cija pirms t\u0101 n\u0101k\u0161anas gaism\u0101 b\u016btu neapdom\u012bgs un politiski, k\u0101 ar\u012b ekonomiski kait\u012bgs solis, radot nevajadz\u012bgu satraukumu sabiedr\u012bb\u0101 un starptautiskaj\u0101 finan\u0161u vid\u0113 .<\/p>\n<p>Bud\u017eeta noz\u012bme un politisk\u0101 pragmatismam spiediens<\/p>\n<p>Valsts bud\u017eeta pie\u0146em\u0161ana ir viena no pa\u0161\u0101m svar\u012bg\u0101kaj\u0101m vald\u012bbas funkcij\u0101m, kas nosaka valsts att\u012bst\u012bbas virzienu un soci\u0101los, k\u0101 ar\u012b ekonomiskos principus n\u0101kamajam gadam. To var sal\u012bdzin\u0101t ar valsts finan\u0161u kardio programmu \u2013 bez t\u0101s valsts organisms nesp\u0113tu pilnv\u0113rt\u012bgi funkcion\u0113t . Jebkuras p\u0101rmai\u0146as vald\u012bb\u0101 \u0161\u0101dos apst\u0101k\u013cos rad\u012btu nopietnu spriedzi un izaicin\u0101jumus . Rozenvalds uzsver, ka politiskie sp\u0113ki apzin\u0101s \u0161o milz\u012bgo atbild\u012bbu, un tie\u0161i tas var\u0113tu kalpot par stabiliz\u0113jo\u0161u faktoru . Lai gan koal\u012bcij\u0101 past\u0101v da\u017e\u0101di viedok\u013ci un intereses, kas reiz\u0113m ir k\u0101 asas debates starp politiskajiem partneriem, tie ir spiesti mekl\u0113t kompromisus, lai pan\u0101ktu vienpr\u0101t\u012bbu par bud\u017eeta priorit\u0101t\u0113m . \u0160is process ir k\u0101 sare\u017e\u0123\u012bts deju solis, kur\u0101 katram partnerim r\u016bp\u012bgi j\u0101zina sava vieta un kust\u012bbas, lai netiktu izjaukts kop\u0113jais ritms . Diskusijas par bud\u017eetu nereti ir \u013coti karstas, un katrs politiskais sp\u0113l\u0113t\u0101js cen\u0161as pan\u0101kt sev izdev\u012bg\u0101kos risin\u0101jumus, ta\u010du politiskajam pragmatismam vajadz\u0113tu uzvar\u0113t \u0161aj\u0101s c\u012b\u0146\u0101s .<\/p>\n<p>N\u0101kotnes scen\u0101riji un koal\u012bcijas iek\u0161\u0113j\u0101s spriedzes<\/p>\n<p>Neskatoties uz piesardz\u012bgo optimismu attiec\u012bb\u0101 uz bud\u017eeta pie\u0146em\u0161anu, politologs neizsl\u0113dz ar\u012b citus, maz\u0101k optimistiskus att\u012bst\u012bbas scen\u0101rijus . Politisko procesu dinamika ir tikpat main\u012bga k\u0101 laikapst\u0101k\u013ci Latvij\u0101 \u2013 br\u012b\u017eiem sp\u012bd saule, bet tad p\u0113k\u0161\u0146i uzkr\u012bt negaiss. Viens no iesp\u0113jamajiem riskiem var\u0113tu b\u016bt k\u0101ds negaid\u012bts skand\u0101ls vai fundament\u0101las domstarp\u012bbas starp koal\u012bcijas partneriem, kas neatrisin\u0101sies kompromisu ce\u013c\u0101 . K\u0101 nor\u0101da citi politikas anal\u012bti\u0137i, Latvijas politiskaj\u0101 ainav\u0101 ir nov\u0113rojamas noz\u012bm\u012bgas izmai\u0146as un neskaidr\u012bbas, kas ietekm\u0113 gan vald\u012bbas stabilit\u0101ti, gan koal\u012bcijas partneru attiec\u012bbas. Da\u017e\u0101du viedok\u013cu un intere\u0161u sasprindzin\u0101jums ir rad\u012bjis sare\u017e\u0123\u012btu situ\u0101ciju, kas var ietekm\u0113t turpm\u0101ko likumdo\u0161anas procesu un politisko kursu .<\/p>\n<p>Situ\u0101cija ir izveidojusies nebijusi, jo vald\u012bb\u0101 past\u0101v viena koal\u012bcija, bet Saeim\u0101 ir kl\u0101teso\u0161a cita, kas raksturo politisk\u0101s situ\u0101cijas sare\u017e\u0123\u012bt\u012bbu . Tas liecina, ka p\u0113c pa\u0161reiz\u0113j\u0101 perioda, iesp\u0113jams, sekos b\u016btisk\u0101kas p\u0101rmai\u0146as un jaunas politisk\u0101s alianses veidosies . Anal\u012bti\u0137i uzskata, ka, kaut ar\u012b \u0161obr\u012bd ir saglab\u0101ta zin\u0101ma stabilit\u0101te, pav\u0113rsieni var b\u016bt neparedzami . Vald\u012bbas kop\u0113j\u0101s poz\u012bcijas ir sadrumstalotas, un politisk\u0101s sp\u0113les turpin\u0101s, \u012bpa\u0161i, \u0146emot v\u0113r\u0101, ka partiju atbalsts un identit\u0101te ir pak\u013cauta past\u0101v\u012bgai p\u0101rskat\u012b\u0161anai . Da\u017ei politologi kritiz\u0113 vald\u012bbas &#8220;restartu&#8221;, nor\u0101dot, ka notieko\u0161ais atg\u0101dina Latvijas Bankas prezidenta v\u0113l\u0113\u0161anu st\u0101sta otro da\u013cu, un ka Ministru prezidente Evika Sili\u0146a var\u0113tu v\u0113l\u0113ties saglab\u0101t savu amatu . Tom\u0113r vi\u0146as argument\u0101cija par pl\u0101notaj\u0101m izmai\u0146\u0101m ne vienm\u0113r ir p\u0101rliecino\u0161a, un nav skaidrs, k\u0101p\u0113c tie\u0161i konkr\u0113ti ministri ir izv\u0113l\u0113ti nomai\u0146ai . Galven\u0101s probl\u0113mas bie\u017ei vien ir pa\u0161\u0101 vald\u012bbas vad\u012bb\u0101, piem\u0113ram, nav redzams, ka vald\u012bba str\u0101d\u0101tu k\u0101 kolekt\u012bvs &#8220;Rail Baltica&#8221; jaut\u0101jumos .<\/p>\n<p>Politisk\u0101 elites l\u012bmen\u012b un sabiedr\u012bbas uztic\u0113\u0161an\u0101s<\/p>\n<p>J\u0101nis Rozenvalds ir nor\u0101d\u012bjis uz dzi\u013cu kr\u012bzi politisk\u0101s elites l\u012bmen\u012b Latvij\u0101, ko apliecina tas, ka partijas, kas pretend\u0113 uz varu, pie\u013cauj tik daudz k\u013c\u016bdu . Vi\u0146\u0161 uzsver, ka ir nepiecie\u0161ams dom\u0101t, k\u0101 paaugstin\u0101t uztic\u0113\u0161an\u0101s l\u012bmeni politiskajai sist\u0113mai . Daudzi p\u0113c v\u0113l\u0113\u0161an\u0101m ir sa\u0161utu\u0161i par da\u017e\u0101diem jaut\u0101jumiem, piem\u0113ram, par liber\u0101lo v\u0113rt\u012bbu samazin\u0101jumu parlament\u0101 vai oligarhu atgrie\u0161anos, kas liecina par eso\u0161aj\u0101m probl\u0113m\u0101m sabiedr\u012bbas un valsts attiec\u012bb\u0101s . Neatkar\u012bbas atjauno\u0161anas un demokratiz\u0101cijas proces\u0101 Baltijas valst\u012bs, ar\u012b Latvij\u0101, bie\u017ei vien vald\u012bbu mai\u0146as notika ne tikai v\u0113l\u0113\u0161anu rezult\u0101t\u0101, bet ar\u012b premjerministru un vald\u012bbu demision\u0113\u0161anas gad\u012bjumos . Lai gan p\u0113d\u0113j\u0101 laik\u0101 v\u0113rojama liel\u0101ka stabilit\u0101te, Latvij\u0101 vald\u012bbas ir main\u012bju\u0161\u0101s bie\u017e\u0101k nek\u0101 p\u0101r\u0113j\u0101s Baltijas valst\u012bs .<\/p>\n<p>Situ\u0101cija ir k\u0101 spogulis, kur\u0101 atsp\u012bd gan politisko sp\u0113l\u0113t\u0101ju gatav\u012bba uz\u0146emties atbild\u012bbu, gan ar\u012b vi\u0146u sp\u0113ja saskat\u012bt pla\u0161\u0101ku ainu aiz ikdienas politiskajiem manevriem . T\u0101p\u0113c politiskajiem sp\u0113kiem b\u016btu j\u0101apzin\u0101s savas r\u012bc\u012bbas pla\u0161\u0101kais konteksts un sekas, kas var\u0113tu ietekm\u0113t ne tikai Latvijas iedz\u012bvot\u0101jus, bet ar\u012b t\u0101s starptautisko reput\u0101ciju . Nepiecie\u0161ams gan politiskajiem sp\u0113l\u0113t\u0101jiem, gan sabiedr\u012bbai kopum\u0101 dom\u0101t par to, k\u0101 stiprin\u0101t uztic\u0113\u0161anos politiskajai sist\u0113mai un k\u0101 veidot sabiedr\u012bbu, kas sp\u0113j kritiski izv\u0113rt\u0113t politisko procesu un pie\u0146emtos l\u0113mumus .<\/p>\n","protected":false},"excerpt":{"rendered":"Politologu v\u0113rt\u0113jums par vald\u012bbas stabilit\u0101ti: divas kr\u0101sas \u2013 slikta un \u013coti slikta Politiskie apskatnieki Latvij\u0101 \u0161obr\u012bd v\u0113rt\u0113 valdo\u0161\u0101s&hellip;\n","protected":false},"author":2,"featured_media":57930,"comment_status":"","ping_status":"","sticky":false,"template":"","format":"standard","meta":{"footnotes":""},"categories":[5],"tags":[23,28,29,32,33,22,15512,9385,30,31,35,39,38,36,37,34,6661,40,20,15568,26,27,24,25,331,21],"class_list":{"0":"post-57929","1":"post","2":"type-post","3":"status-publish","4":"format-standard","5":"has-post-thumbnail","7":"category-aktualitates","8":"tag-aktualitates","9":"tag-breaking-news","10":"tag-breakingnews","11":"tag-featured-news","12":"tag-featurednews","13":"tag-headlines","14":"tag-juris-rozenvalds","15":"tag-koalicijas-stabilitate","16":"tag-latest-news","17":"tag-latestnews","18":"tag-latvia","19":"tag-latvian","20":"tag-latviesu","21":"tag-latviesu-valoda","22":"tag-latviesuvaloda","23":"tag-latvija","24":"tag-latvijas-valdiba","25":"tag-lv","26":"tag-news","27":"tag-politologu-vertejums","28":"tag-popularakas-zinas","29":"tag-popularakaszinas","30":"tag-top-stories","31":"tag-topstories","32":"tag-valsts-budzets","33":"tag-zinas"},"share_on_mastodon":{"url":"https:\/\/pubeurope.com\/@lv\/115608484809654874","error":""},"_links":{"self":[{"href":"https:\/\/www.europesays.com\/lv\/wp-json\/wp\/v2\/posts\/57929","targetHints":{"allow":["GET"]}}],"collection":[{"href":"https:\/\/www.europesays.com\/lv\/wp-json\/wp\/v2\/posts"}],"about":[{"href":"https:\/\/www.europesays.com\/lv\/wp-json\/wp\/v2\/types\/post"}],"author":[{"embeddable":true,"href":"https:\/\/www.europesays.com\/lv\/wp-json\/wp\/v2\/users\/2"}],"replies":[{"embeddable":true,"href":"https:\/\/www.europesays.com\/lv\/wp-json\/wp\/v2\/comments?post=57929"}],"version-history":[{"count":0,"href":"https:\/\/www.europesays.com\/lv\/wp-json\/wp\/v2\/posts\/57929\/revisions"}],"wp:featuredmedia":[{"embeddable":true,"href":"https:\/\/www.europesays.com\/lv\/wp-json\/wp\/v2\/media\/57930"}],"wp:attachment":[{"href":"https:\/\/www.europesays.com\/lv\/wp-json\/wp\/v2\/media?parent=57929"}],"wp:term":[{"taxonomy":"category","embeddable":true,"href":"https:\/\/www.europesays.com\/lv\/wp-json\/wp\/v2\/categories?post=57929"},{"taxonomy":"post_tag","embeddable":true,"href":"https:\/\/www.europesays.com\/lv\/wp-json\/wp\/v2\/tags?post=57929"}],"curies":[{"name":"wp","href":"https:\/\/api.w.org\/{rel}","templated":true}]}}