{"id":57963,"date":"2025-11-25T05:30:20","date_gmt":"2025-11-25T05:30:20","guid":{"rendered":"https:\/\/www.europesays.com\/lv\/57963\/"},"modified":"2025-11-25T05:30:20","modified_gmt":"2025-11-25T05:30:20","slug":"silina-tiekas-ar-pavestu-un-pasniedz-vinam-davanu-no-latvijas","status":"publish","type":"post","link":"https:\/\/www.europesays.com\/lv\/57963\/","title":{"rendered":"Sili\u0146a tiekas ar p\u0101vestu un pasniedz vi\u0146am d\u0101vanu no Latvijas"},"content":{"rendered":"<p>Ministru prezidente <a rel=\"noopener nofollow\" target=\"_blank\" href=\"https:\/\/www.delfi.lv\/temas\/55877428\/evika-silina\" data-rel-date-range=\"[]\">Evika Sili\u0146a<\/a> (JV) pirmdien, 24. novembr\u012b, darba viz\u012bt\u0113 Vatik\u0101n\u0101 aizvad\u012bja priv\u0101tu audienci pie Vi\u0146a Sv\u0113t\u012bbas p\u0101vesta Leona XIV.<\/p>\n<p class=\"western\">Sili\u0146as biroj\u0101 port\u0101lu &#8220;Delfi&#8221; inform\u0113ja, ka puses tik\u0161an\u0101s laik\u0101 p\u0101rrun\u0101ja dro\u0161\u012bbas situ\u0101ciju Eirop\u0101, atbalstu Ukrainai, Sv\u0113t\u0101 Kr\u0113sla lomu nelikum\u012bgi deport\u0113to ukrai\u0146u b\u0113rnu atgrie\u0161anas proces\u0101, k\u0101 ar\u012b Latvijas un Sv\u0113t\u0101 Kr\u0113sla attiec\u012bbu noz\u012bmi.<\/p>\n<p class=\"western\">&#8220;Man bija liels gods gan k\u0101 sv\u0113tce\u013cniecei, gan k\u0101 vald\u012bbas vad\u012bt\u0101jai tikties ar Vi\u0146a Sv\u0113t\u012bbu p\u0101vestu Leonu XIV, p\u0101rst\u0101vot Latviju \u0161eit, Vatik\u0101n\u0101,&#8221; sac\u012bja Ministru prezidente.<\/p>\n<p class=\"western\">Priv\u0101taj\u0101 audienc\u0113 vi\u0146a pasniedza \u012bpa\u0161u d\u0101vanu no Latvijas &#8211; N\u012bcas\u2013B\u0101rtas tautast\u0113rpa etnogr\u0101fisko vainagu un D\u017eemmas Skulmes gleznas &#8220;Mantojums. II Dziesma&#8221; fotoreprodukciju.<\/p>\n<p class=\"western\">Sili\u0146a uzsv\u0113ra, ka \u0161\u012b d\u0101vana simboliski savij kristiet\u012bbu ar latvie\u0161u tautas trad\u012bcij\u0101m un atg\u0101dina par Latvijas identit\u0101tes ce\u013cu cauri v\u0113sturei.<\/p>\n<p class=\"western\">&#8220;Padomju okup\u0101cijas laik\u0101 Latvija \u013coti daudz zaud\u0113ja. Nebija \u013cauts br\u012bvi pulc\u0113ties, izpaust tic\u012bbu un m\u016bsu kult\u016bru. D\u0101vinot \u0161o kroni, es jutu, ka varu dro\u0161i teikt: Latvija ir atguvusi savu sp\u0113ku, savu identit\u0101ti, tic\u012bbu un latvie\u0161u valodu,&#8221; teica Sili\u0146a, piebilstot, ka p\u0101vestam bijis patiess prieks redz\u0113t, cik kupl\u0101 skait\u0101 tic\u012bgie no Latvijas devu\u0161ies Nacion\u0101laj\u0101 sv\u0113tce\u013cojum\u0101.<\/p>\n<p class=\"western\">Ministru prezidente tik\u0101s ar\u012b ar Sv\u0113t\u0101 Kr\u0113sla Valsts sekret\u0101ru kardin\u0101lu Pjetro Parolinu. Sarun\u0101s tika apliecin\u0101ta abu pu\u0161u gatav\u012bba turpin\u0101t akt\u012bvu dialogu par mieru, dro\u0161\u012bbu, ekumenisma trad\u012bcij\u0101m Latvij\u0101, starptautisko ties\u012bbu noz\u012bmi un sadarb\u012bbu starptautiskaj\u0101s organiz\u0101cij\u0101s.<\/p>\n<p class=\"western\">&#8220;Latvija v\u0113sturiski ir cie\u0161i saist\u012bta ar kristiet\u012bbu. Jau izsenis m\u016bsu zemi d\u0113v\u0113ja par Terra Mariana jeb Marijas zemi, kas simboliz\u0113ja m\u016bsu pieder\u012bbu krist\u012bgajai Eiropai un tic\u012bbu k\u0101 gar\u012bgu balstu da\u017e\u0101dos laikos. Ar\u012b \u0161odien m\u016bs vieno tic\u012bba, cer\u012bba un miera centieni. Latvijai ir sare\u017e\u0123\u012bti kaimi\u0146i, un v\u0113sture m\u016bs bie\u017ei ir nost\u0101d\u012bjusi karu un p\u0101rmai\u0146u krustcel\u0113s. T\u0101p\u0113c mums vienm\u0113r ir bijis j\u0101aizsarg\u0101 gan sava valsts, gan savu cilv\u0113ku dro\u0161\u012bba. M\u016bsu dialogs ar Sv\u0113to Kr\u0113slu ir \u012bpa\u0161i noz\u012bm\u012bgs. Esam vienoti taisn\u012bga miera centienos, atbalstot Ukrainu un vienlaikus stiprinot ar\u012b savas valsts dro\u0161\u012bbu,&#8221; p\u0113c tik\u0161an\u0101s uzsv\u0113ra Sili\u0146a.<\/p>\n<p class=\"western\">Viz\u012bte notika Latvijas un Sv\u0113t\u0101 Kr\u0113sla diplom\u0101tisko attiec\u012bbu simtgades kontekst\u0101, k\u0101 ar\u012b laik\u0101, kad vis\u0101 pasaul\u0113 Romas Kato\u013cu Bazn\u012bca atz\u012bm\u0113 Jubilejas gadu &#8220;Cer\u012bbas sv\u0113tce\u013cnieki&#8221;. \u0160ogad aprit ar\u012b 100 gadi kop\u0161 pirm\u0101 Latvijas Nacion\u0101l\u0101 sv\u0113tce\u013cojuma uz Romu.<\/p>\n<p class=\"western\">Sv. P\u0113tera bazilik\u0101 pie P\u0113tera katedras alt\u0101ra tika aizvad\u012bts dievkalpojums latvie\u0161u valod\u0101, kur Ministru prezidente piedal\u012bj\u0101s kop\u0101 ar 200 latvie\u0161u sv\u0113tce\u013cniekiem. &#8220;R\u012bgas arhib\u012bskapa-metropol\u012bta Zbig\u0146eva Stankevi\u010da vad\u012btais dievkalpojums bija \u013coti iespaid\u012bgs un apliecin\u0101ja latvie\u0161u valodas noz\u012bmi un sp\u0113ku. Mums ir jaud\u012bga un noz\u012bm\u012bga kristie\u0161u saime, un kuplais sv\u0113tce\u013cnieku skaits to patiesi apliecin\u0101ja&#8221;, sac\u012bja Sili\u0146a.<\/p>\n<p class=\"western\">Ministru prezidente piedal\u012bj\u0101s ar\u012b kop\u012bg\u0101 audienc\u0113 pie p\u0101vesta ar Latvijas deleg\u0101ciju, gar\u012bdzniekiem un aptuveni 200 sv\u0113tce\u013cniekiem. \u0160is notikums simboliski apliecin\u0101ja Latvijas un Sv\u0113t\u0101 Kr\u0113sla v\u0113sturisko saikni un cie\u0161o dialogu, kas turpin\u0101jies ar\u012b okup\u0101cijas gados.<\/p>\n<p class=\"western\">Viz\u012btes laik\u0101 E. Sili\u0146a sniedza intervijas starptautiskajam kato\u013cu telev\u012bzijas kan\u0101lam &#8220;EWTN News&#8221; un Vatik\u0101na radio latvie\u0161u redakcijai.<\/p>\n<p class=\"western\">Sv\u0113tdien\u0101, 23. novembr\u012b, Ministru prezidente kop\u0101 ar Nacion\u0101lo bru\u0146oto sp\u0113ku komandieri apmekl\u0113ja Latvijas v\u0113stniec\u012bbu Rom\u0101, k\u0101 ar\u012b piedal\u012bj\u0101s v\u0113stnieces Elitas Kuzmas r\u012bkotaj\u0101s darba vakari\u0146\u0101s ar Latvijas deleg\u0101ciju un sv\u0113tce\u013cojuma dal\u012bbniekiem.<\/p>\n<p class=\"m-0\">Seko &#8220;Delfi&#8221; ar\u012b  <a target=\"_blank\" href=\"https:\/\/www.instagram.com\/delfi.lv\/\" rel=\"nofollow noopener\">Instagram<\/a>  un <a target=\"_blank\" href=\"https:\/\/www.youtube.com\/channel\/UCw5foWtcJvAbUm64rv7jwUQ\" rel=\"nofollow noopener\">YouTube<\/a>  profil\u0101 \u2013 pievienojies, lai uzzin\u0101tu svar\u012bg\u0101ko un interesant\u0101ko pirmais!<\/p>\n<p>Publik\u0101cijas saturs vai t\u0101s jebk\u0101da apjoma da\u013ca ir aizsarg\u0101ts autorties\u012bbu objekts Autorties\u012bbu likuma izpratn\u0113, un t\u0101 izmanto\u0161ana bez izdev\u0113ja at\u013caujas ir aizliegta. Vair\u0101k lasi  <a target=\"_blank\" href=\"https:\/\/www.delfi.lv\/noteikumi#autortiesibas\" rel=\"nofollow noopener\">\u0161eit<\/a><script async src=\"\/\/www.instagram.com\/embed.js\"><\/script><\/p>\n","protected":false},"excerpt":{"rendered":"Ministru prezidente Evika Sili\u0146a (JV) pirmdien, 24. novembr\u012b, darba viz\u012bt\u0113 Vatik\u0101n\u0101 aizvad\u012bja priv\u0101tu audienci pie Vi\u0146a Sv\u0113t\u012bbas p\u0101vesta&hellip;\n","protected":false},"author":2,"featured_media":57964,"comment_status":"","ping_status":"","sticky":false,"template":"","format":"standard","meta":{"footnotes":""},"categories":[5],"tags":[23,28,29,1249,32,33,22,30,31,35,39,38,36,37,34,40,11702,20,14322,26,27,24,25,14324,21],"class_list":{"0":"post-57963","1":"post","2":"type-post","3":"status-publish","4":"format-standard","5":"has-post-thumbnail","7":"category-aktualitates","8":"tag-aktualitates","9":"tag-breaking-news","10":"tag-breakingnews","11":"tag-evika-silina","12":"tag-featured-news","13":"tag-featurednews","14":"tag-headlines","15":"tag-latest-news","16":"tag-latestnews","17":"tag-latvia","18":"tag-latvian","19":"tag-latviesu","20":"tag-latviesu-valoda","21":"tag-latviesuvaloda","22":"tag-latvija","23":"tag-lv","24":"tag-ministru-prezidents","25":"tag-news","26":"tag-pavests-leons-xiv","27":"tag-popularakas-zinas","28":"tag-popularakaszinas","29":"tag-top-stories","30":"tag-topstories","31":"tag-vatikans","32":"tag-zinas"},"share_on_mastodon":{"url":"https:\/\/pubeurope.com\/@lv\/115608697182883528","error":""},"_links":{"self":[{"href":"https:\/\/www.europesays.com\/lv\/wp-json\/wp\/v2\/posts\/57963","targetHints":{"allow":["GET"]}}],"collection":[{"href":"https:\/\/www.europesays.com\/lv\/wp-json\/wp\/v2\/posts"}],"about":[{"href":"https:\/\/www.europesays.com\/lv\/wp-json\/wp\/v2\/types\/post"}],"author":[{"embeddable":true,"href":"https:\/\/www.europesays.com\/lv\/wp-json\/wp\/v2\/users\/2"}],"replies":[{"embeddable":true,"href":"https:\/\/www.europesays.com\/lv\/wp-json\/wp\/v2\/comments?post=57963"}],"version-history":[{"count":0,"href":"https:\/\/www.europesays.com\/lv\/wp-json\/wp\/v2\/posts\/57963\/revisions"}],"wp:featuredmedia":[{"embeddable":true,"href":"https:\/\/www.europesays.com\/lv\/wp-json\/wp\/v2\/media\/57964"}],"wp:attachment":[{"href":"https:\/\/www.europesays.com\/lv\/wp-json\/wp\/v2\/media?parent=57963"}],"wp:term":[{"taxonomy":"category","embeddable":true,"href":"https:\/\/www.europesays.com\/lv\/wp-json\/wp\/v2\/categories?post=57963"},{"taxonomy":"post_tag","embeddable":true,"href":"https:\/\/www.europesays.com\/lv\/wp-json\/wp\/v2\/tags?post=57963"}],"curies":[{"name":"wp","href":"https:\/\/api.w.org\/{rel}","templated":true}]}}