{"id":57969,"date":"2025-11-25T05:35:08","date_gmt":"2025-11-25T05:35:08","guid":{"rendered":"https:\/\/www.europesays.com\/lv\/57969\/"},"modified":"2025-11-25T05:35:08","modified_gmt":"2025-11-25T05:35:08","slug":"latvijas-daliba-eiropas-kosmosa-agentura-nodrosinajusi-134-miljonu-pienesumu-ikp","status":"publish","type":"post","link":"https:\/\/www.europesays.com\/lv\/57969\/","title":{"rendered":"Latvijas dal\u012bba Eiropas Kosmosa a\u0123ent\u016br\u0101 nodro\u0161in\u0101jusi 13,4 miljonu pienesumu IKP"},"content":{"rendered":"<p>9,4 miljoni eiro bijis tie\u0161ais pienesums no projektu darb\u012bbas, 1,8 miljoni eiro &#8211; pieg\u0101des \u0137\u0113\u017eu efekts, bet v\u0113l 2,2 miljoni eiro &#8211; iedz\u012bvot\u0101ju pat\u0113ri\u0146a rad\u012bt\u0101 ekonomisk\u0101 aktivit\u0101te. Katrs EKA programm\u0101s ieguld\u012btais eiro rada 1,4 eiro kop\u0113jo pienesumu Latvijas ekonomik\u0101, l\u0113\u0161 ministrija.<\/p>\n<p>Laik\u0101 no 2021. l\u012bdz 2025. gada j\u016bnijam Latvijas organiz\u0101cij\u0101m EKA programm\u0101s pie\u0161\u0137irti 12,1 miljoni eiro, ar kura atbalstu \u012bstenoti 73 projekti. Vair\u0101k nek\u0101 80% l\u012bdzek\u013cu novirz\u012bti p\u0113tniec\u012bbai un att\u012bst\u012bbai, veicinot jaunu tehnolo\u0123iju un inov\u0101ciju izstr\u0101di.<\/p>\n<p>EKA aktivit\u0101tes Latvij\u0101 l\u012bdz \u0161im nodro\u0161in\u0101ju\u0161as aptuveni 185 darba gadus &#8211; no tiem 115 tie\u0161i \u012bstenotajos projektos un v\u0113l 70 gadus pieg\u0101des \u0137\u0113d\u0113s un saist\u012btaj\u0101s nozar\u0113s. Apr\u0113\u0137ini liecina, ka katri 100 tie\u0161ie darba gadi rada ap 160 darba gadiem Latvijas ekonomik\u0101.<\/p>\n<p>Nozar\u0113 str\u0101d\u0101jo\u0161o kvalifik\u0101cija ir sal\u012bdzino\u0161i augsta &#8211; 58% nozares darbinieku ir ma\u0123istra vai doktora gr\u0101ds.<\/p>\n<p>Vienlaikus l\u012bdz 2025. gada j\u016blijam Latvijas uz\u0146\u0113mumi bija ieguvu\u0161i komercl\u012bgumus 15 miljonu eiro apm\u0113r\u0101 \u0101rpus EKA. Tas apliecina nozares starptautisko konkur\u0113tsp\u0113ju un izaugsmes potenci\u0101lu, v\u0113rt\u0113 IZM.<\/p>\n<p>Nov\u0113rt\u0113jumu veicis ekonomikas anal\u012bzes un konsult\u0101cijas uz\u0146\u0113mums &#8220;Oxford Economics&#8221;.<\/p>\n<p>Latvija kop\u0161 2020. gada ir EKA asoci\u0113t\u0101 dal\u012bbvalsts. Par valsts dal\u012bbu EKA ir atbild\u012bga IZM, kas koordin\u0113 Latvijas kosmosa politiku un starptautisko sadarb\u012bbu \u0161aj\u0101 jom\u0101. Ministrija turpina darbu, lai nodro\u0161in\u0101tu Latvijas akt\u012bvu l\u012bdzdal\u012bbu n\u0101kamaj\u0101 EKA sadarb\u012bbas period\u0101 2027.-2034. gad\u0101.<\/p>\n","protected":false},"excerpt":{"rendered":"9,4 miljoni eiro bijis tie\u0161ais pienesums no projektu darb\u012bbas, 1,8 miljoni eiro &#8211; pieg\u0101des \u0137\u0113\u017eu efekts, bet v\u0113l&hellip;\n","protected":false},"author":2,"featured_media":57970,"comment_status":"","ping_status":"","sticky":false,"template":"","format":"standard","meta":{"footnotes":""},"categories":[12],"tags":[23,28,29,514,32,33,22,9497,3313,30,31,35,39,38,36,37,34,40,20,26,27,24,25,21],"class_list":{"0":"post-57969","1":"post","2":"type-post","3":"status-publish","4":"format-standard","5":"has-post-thumbnail","7":"category-latvija","8":"tag-aktualitates","9":"tag-breaking-news","10":"tag-breakingnews","11":"tag-eiropas-savieniba","12":"tag-featured-news","13":"tag-featurednews","14":"tag-headlines","15":"tag-ikp","16":"tag-izglitibas-un-zinatnes-ministrija","17":"tag-latest-news","18":"tag-latestnews","19":"tag-latvia","20":"tag-latvian","21":"tag-latviesu","22":"tag-latviesu-valoda","23":"tag-latviesuvaloda","24":"tag-latvija","25":"tag-lv","26":"tag-news","27":"tag-popularakas-zinas","28":"tag-popularakaszinas","29":"tag-top-stories","30":"tag-topstories","31":"tag-zinas"},"share_on_mastodon":{"url":"https:\/\/pubeurope.com\/@lv\/115608716958006483","error":""},"_links":{"self":[{"href":"https:\/\/www.europesays.com\/lv\/wp-json\/wp\/v2\/posts\/57969","targetHints":{"allow":["GET"]}}],"collection":[{"href":"https:\/\/www.europesays.com\/lv\/wp-json\/wp\/v2\/posts"}],"about":[{"href":"https:\/\/www.europesays.com\/lv\/wp-json\/wp\/v2\/types\/post"}],"author":[{"embeddable":true,"href":"https:\/\/www.europesays.com\/lv\/wp-json\/wp\/v2\/users\/2"}],"replies":[{"embeddable":true,"href":"https:\/\/www.europesays.com\/lv\/wp-json\/wp\/v2\/comments?post=57969"}],"version-history":[{"count":0,"href":"https:\/\/www.europesays.com\/lv\/wp-json\/wp\/v2\/posts\/57969\/revisions"}],"wp:featuredmedia":[{"embeddable":true,"href":"https:\/\/www.europesays.com\/lv\/wp-json\/wp\/v2\/media\/57970"}],"wp:attachment":[{"href":"https:\/\/www.europesays.com\/lv\/wp-json\/wp\/v2\/media?parent=57969"}],"wp:term":[{"taxonomy":"category","embeddable":true,"href":"https:\/\/www.europesays.com\/lv\/wp-json\/wp\/v2\/categories?post=57969"},{"taxonomy":"post_tag","embeddable":true,"href":"https:\/\/www.europesays.com\/lv\/wp-json\/wp\/v2\/tags?post=57969"}],"curies":[{"name":"wp","href":"https:\/\/api.w.org\/{rel}","templated":true}]}}