{"id":57975,"date":"2025-11-25T05:39:14","date_gmt":"2025-11-25T05:39:14","guid":{"rendered":"https:\/\/www.europesays.com\/lv\/57975\/"},"modified":"2025-11-25T05:39:14","modified_gmt":"2025-11-25T05:39:14","slug":"omniva-latvija-plano-uzstadit-pirmos-20-kopienu-pakomatus-dienas-bizness-2","status":"publish","type":"post","link":"https:\/\/www.europesays.com\/lv\/57975\/","title":{"rendered":"Omniva Latvij\u0101 pl\u0101no uzst\u0101d\u012bt pirmos 20 kopienu pakom\u0101tus :: Dienas Bizness"},"content":{"rendered":"<p class=\"text-font font-size--text-xlarge margin-3--bottom font-weight--bold padding-1--top\">Omniva, vado\u0161ais s\u016bt\u012bjumu pieg\u0101des lo\u0123istikas uz\u0146\u0113mums Baltij\u0101, 2026. gada s\u0101kum\u0101 uzs\u0101ks kopienu pakom\u0101tu uzst\u0101d\u012b\u0161anu Latvij\u0101. N\u0101kam\u0101 gada s\u0101kum\u0101 pl\u0101nots uzst\u0101d\u012bt pirm\u0101s 20 iek\u0101rtas, kas sniegs iedz\u012bvot\u0101jiem \u0113rt\u0101kas un pieejam\u0101kas s\u016bt\u012bjumu sa\u0146em\u0161anas un nos\u016bt\u012b\u0161anas iesp\u0113jas. L\u012bdz gada beig\u0101m uzst\u0101d\u012bto iek\u0101rtu skaits iev\u0113rojami pieaugs.<\/p>\n<p class=\"text-font font-size--text-xlarge margin-3--bottom\">Jaunie kopienu pakom\u0101ti ir da\u013ca no uz\u0146\u0113muma piecu gadu sadarb\u012bbas ar tehnolo\u0123iju uz\u0146\u0113mumu Jetbeep, kas ir uzs\u0101cis bezvadu pakom\u0101tu s\u0113rijveida ra\u017eo\u0161anu. \u0160\u012bs kompakt\u0101s, ar baterij\u0101m darbin\u0101m\u0101s iek\u0101rtas darbojas neatkar\u012bgi no elektr\u012bbas un fiks\u0113ta interneta piesl\u0113guma, \u013caujot t\u0101s \u0101tri un elast\u012bgi izvietot da\u017e\u0101d\u0101s viet\u0101s.<\/p>\n<p class=\"text-font font-size--text-xlarge margin-3--bottom\">&#8220;Kopienu pakom\u0101ti ir n\u0101kamais solis \u0113rtuma un pieejam\u012bbas nodro\u0161in\u0101\u0161an\u0101 s\u016bt\u012bjumu pieg\u0101d\u0113. M\u0113s redzam lielu potenci\u0101lu \u0161iem risin\u0101jumiem, lai uzlabotu klientu pieredzi un nodro\u0161in\u0101tu pakalpojumu pieejam\u012bbu Latvij\u0101. \u0160obr\u012bd jau esam apzin\u0101ju\u0161i pirm\u0101s vietas, kur \u0161ie pakom\u0101ti tiks uzst\u0101d\u012bti un akt\u012bvi str\u0101d\u0101jam pie n\u0101kamaj\u0101m potenci\u0101laj\u0101m uzst\u0101d\u012b\u0161anas viet\u0101m,&#8221; saka Omniva komandas l\u012bdere Latvij\u0101 Agnese Gr\u012bnberga.<\/p>\n<p class=\"text-font font-size--text-xlarge margin-3--bottom\">Omniva cie\u0161i sadarbojas un gaida priek\u0161likumus no pa\u0161vald\u012bb\u0101m, viet\u0113j\u0101m kopien\u0101m un apsaimnieko\u0161anas biedr\u012bb\u0101m, lai noteiktu optim\u0101l\u0101s atra\u0161an\u0101s vietas un nodro\u0161in\u0101tu, ka jaunie pakom\u0101ti rada maksim\u0101lu v\u0113rt\u012bbu.<\/p>\n<p class=\"text-font font-size--text-xlarge margin-3--bottom\">At\u0161\u0137ir\u012bb\u0101 no tradicion\u0101lajiem pakom\u0101tiem, kuriem nepiecie\u0161ama past\u0101v\u012bga infrastrukt\u016bra un laikietilp\u012bgs uzst\u0101d\u012b\u0161anas process, kopienu pakom\u0101ta ier\u012bko\u0161ana aiz\u0146em vien aptuveni 15 min\u016btes, ja ir nosl\u0113gta vieno\u0161an\u0101s ar zemes \u012bpa\u0161nieku.<\/p>\n<p class=\"text-font font-size--text-xlarge margin-3--bottom\">Pakom\u0101ti izm\u0113ra zi\u0146\u0101 ir kompakti un vienk\u0101r\u0161i uzst\u0101d\u0101mi. Vienlaikus tie nodro\u0161ina t\u0101du pa\u0161u uzticamu servisu k\u0101 standarta pakom\u0101ti &#8211; klients sa\u0146em pazi\u0146ojumu ar kodu, kuru izmanto, lai atv\u0113rtu nodal\u012bjumu un dro\u0161i sa\u0146emtu savu s\u016bt\u012bjumu. T\u0101pat no \u0161iem pakom\u0101tiem b\u016bs iesp\u0113jams ar\u012b nos\u016bt\u012bt s\u016bt\u012bjumus, kas re\u0123istr\u0113ti Omniva e-pa\u0161apkalpo\u0161an\u0101s platform\u0101 mana.omniva.lv.<\/p>\n<p class=\"text-font font-size--text-xlarge margin-3--bottom\">Kopienu pakom\u0101ti tiks uzst\u0101d\u012bti ciematu centros, daudzdz\u012bvok\u013cu m\u0101ju mas\u012bvos, pie autobusu pietur\u0101m, degvielas uzpildes stacij\u0101s un cit\u0101s cilv\u0113kiem \u0113rt\u0101s viet\u0101s.<\/p>\n<p class=\"text-font font-size--text-xlarge margin-3--bottom\">&#8220;\u0160ie pakom\u0101ti ir \u012bpa\u0161i v\u0113rt\u012bgi mazpils\u0113t\u0101s un lauku re\u0123ionos, kur piek\u013cuve pieg\u0101des pakalpojumiem bie\u017ei vien ir ierobe\u017eota. Ar \u0161o risin\u0101jumu m\u0113s papla\u0161in\u0101m modern\u0101s lo\u0123istikas infrastrukt\u016bru un nodro\u0161in\u0101m t\u0101s pieejam\u012bbu kopien\u0101m, kas l\u012bdz \u0161im ir biju\u0161as maz\u0101k apkalpotas,&#8221; uzsver Martti Kuldma, Omniva Grupas vad\u012bt\u0101js.<\/p>\n<p class=\"text-font font-size--text-xlarge margin-3--bottom\">Kopum\u0101 Omniva ir uzs\u0101kusi kopienu pakom\u0101tu t\u012bkla papla\u0161in\u0101\u0161anu vis\u0101 Baltij\u0101.<\/p>\n","protected":false},"excerpt":{"rendered":"Omniva, vado\u0161ais s\u016bt\u012bjumu pieg\u0101des lo\u0123istikas uz\u0146\u0113mums Baltij\u0101, 2026. gada s\u0101kum\u0101 uzs\u0101ks kopienu pakom\u0101tu uzst\u0101d\u012b\u0161anu Latvij\u0101. N\u0101kam\u0101 gada s\u0101kum\u0101&hellip;\n","protected":false},"author":2,"featured_media":57351,"comment_status":"","ping_status":"","sticky":false,"template":"","format":"standard","meta":{"footnotes":""},"categories":[16],"tags":[869,77,870,76,867,35,39,38,36,37,34,871,868,40,21],"class_list":{"0":"post-57975","1":"post","2":"type-post","3":"status-publish","4":"format-standard","5":"has-post-thumbnail","7":"category-bizness","8":"tag-biznesa-zinas","9":"tag-bizness","10":"tag-bizness-latvija","11":"tag-business","12":"tag-dienas-zinas","13":"tag-latvia","14":"tag-latvian","15":"tag-latviesu","16":"tag-latviesu-valoda","17":"tag-latviesuvaloda","18":"tag-latvija","19":"tag-latvijas-biznesa-zinas","20":"tag-latvijas-zinas","21":"tag-lv","22":"tag-zinas"},"share_on_mastodon":{"url":"https:\/\/pubeurope.com\/@lv\/115608732520935762","error":""},"_links":{"self":[{"href":"https:\/\/www.europesays.com\/lv\/wp-json\/wp\/v2\/posts\/57975","targetHints":{"allow":["GET"]}}],"collection":[{"href":"https:\/\/www.europesays.com\/lv\/wp-json\/wp\/v2\/posts"}],"about":[{"href":"https:\/\/www.europesays.com\/lv\/wp-json\/wp\/v2\/types\/post"}],"author":[{"embeddable":true,"href":"https:\/\/www.europesays.com\/lv\/wp-json\/wp\/v2\/users\/2"}],"replies":[{"embeddable":true,"href":"https:\/\/www.europesays.com\/lv\/wp-json\/wp\/v2\/comments?post=57975"}],"version-history":[{"count":0,"href":"https:\/\/www.europesays.com\/lv\/wp-json\/wp\/v2\/posts\/57975\/revisions"}],"wp:featuredmedia":[{"embeddable":true,"href":"https:\/\/www.europesays.com\/lv\/wp-json\/wp\/v2\/media\/57351"}],"wp:attachment":[{"href":"https:\/\/www.europesays.com\/lv\/wp-json\/wp\/v2\/media?parent=57975"}],"wp:term":[{"taxonomy":"category","embeddable":true,"href":"https:\/\/www.europesays.com\/lv\/wp-json\/wp\/v2\/categories?post=57975"},{"taxonomy":"post_tag","embeddable":true,"href":"https:\/\/www.europesays.com\/lv\/wp-json\/wp\/v2\/tags?post=57975"}],"curies":[{"name":"wp","href":"https:\/\/api.w.org\/{rel}","templated":true}]}}