{"id":57978,"date":"2025-11-25T05:42:12","date_gmt":"2025-11-25T05:42:12","guid":{"rendered":"https:\/\/www.europesays.com\/lv\/57978\/"},"modified":"2025-11-25T05:42:12","modified_gmt":"2025-11-25T05:42:12","slug":"lidz-rezultatu-slepsanai-ostapenko-vismazakais-atbalsts-tautas-balsojuma","status":"publish","type":"post","link":"https:\/\/www.europesays.com\/lv\/57978\/","title":{"rendered":"L\u012bdz rezult\u0101tu sl\u0113p\u0161anai Ostapenko vismaz\u0101kais atbalsts tautas balsojum\u0101"},"content":{"rendered":"<p>No 19. l\u012bdz 26. novembrim (plkst. 23.59) vietn\u0113 <a target=\"_blank\" rel=\"noopener noreferrer nofollow\" href=\"https:\/\/triszvaigznubalva.lv\/\">triszvaigznubalva.lv<\/a> ikviens aicin\u0101ts balsot par nominantiem desmit nomin\u0101cij\u0101s, godinot nozares spilgt\u0101kos sasniegumus un person\u012bbas.<\/p>\n<p>Balsot iesp\u0113jams vienu reizi dien\u0101, izv\u0113loties vienu, vair\u0101kas vai visas nomin\u0101cijas. Lai piedal\u012btos, nepiecie\u0161ama autoriz\u0101cija ar Latvij\u0101 re\u0123istr\u0113tu t\u0101lru\u0146a numuru.<\/p>\n<p>Lai saglab\u0101tu intrigu, tautas balsojuma rezult\u0101ti tika pasl\u0113pti divas dienas pirms balsojuma beig\u0101m, \u0161aj\u0101 gad\u012bjum\u0101 24. novembra plkst. 17.00.<\/p>\n<p>TVNET nov\u0113roja, ka 24. novembr\u012b l\u012bdz plkst. 17.00 vismaz\u0101k balsu starp visiem nominantiem bija sav\u0101kusi Ostapenko, bet visliel\u0101ko atbalstu\u2026<\/p>\n","protected":false},"excerpt":{"rendered":"No 19. l\u012bdz 26. novembrim (plkst. 23.59) vietn\u0113 triszvaigznubalva.lv ikviens aicin\u0101ts balsot par nominantiem desmit nomin\u0101cij\u0101s, godinot nozares&hellip;\n","protected":false},"author":2,"featured_media":57979,"comment_status":"","ping_status":"","sticky":false,"template":"","format":"standard","meta":{"footnotes":""},"categories":[5],"tags":[23,680,1753,28,29,32,33,22,1260,30,31,35,39,38,36,37,34,40,20,26,27,288,24,25,15574,21],"class_list":{"0":"post-57978","1":"post","2":"type-post","3":"status-publish","4":"format-standard","5":"has-post-thumbnail","7":"category-aktualitates","8":"tag-aktualitates","9":"tag-alona-ostapenko","10":"tag-anete-sietina","11":"tag-breaking-news","12":"tag-breakingnews","13":"tag-featured-news","14":"tag-featurednews","15":"tag-headlines","16":"tag-kristaps-porzingis","17":"tag-latest-news","18":"tag-latestnews","19":"tag-latvia","20":"tag-latvian","21":"tag-latviesu","22":"tag-latviesu-valoda","23":"tag-latviesuvaloda","24":"tag-latvija","25":"tag-lv","26":"tag-news","27":"tag-popularakas-zinas","28":"tag-popularakaszinas","29":"tag-toms-skujins","30":"tag-top-stories","31":"tag-topstories","32":"tag-tris-zvaigznu-balva","33":"tag-zinas"},"share_on_mastodon":{"url":"https:\/\/pubeurope.com\/@lv\/115608744312553717","error":""},"_links":{"self":[{"href":"https:\/\/www.europesays.com\/lv\/wp-json\/wp\/v2\/posts\/57978","targetHints":{"allow":["GET"]}}],"collection":[{"href":"https:\/\/www.europesays.com\/lv\/wp-json\/wp\/v2\/posts"}],"about":[{"href":"https:\/\/www.europesays.com\/lv\/wp-json\/wp\/v2\/types\/post"}],"author":[{"embeddable":true,"href":"https:\/\/www.europesays.com\/lv\/wp-json\/wp\/v2\/users\/2"}],"replies":[{"embeddable":true,"href":"https:\/\/www.europesays.com\/lv\/wp-json\/wp\/v2\/comments?post=57978"}],"version-history":[{"count":0,"href":"https:\/\/www.europesays.com\/lv\/wp-json\/wp\/v2\/posts\/57978\/revisions"}],"wp:featuredmedia":[{"embeddable":true,"href":"https:\/\/www.europesays.com\/lv\/wp-json\/wp\/v2\/media\/57979"}],"wp:attachment":[{"href":"https:\/\/www.europesays.com\/lv\/wp-json\/wp\/v2\/media?parent=57978"}],"wp:term":[{"taxonomy":"category","embeddable":true,"href":"https:\/\/www.europesays.com\/lv\/wp-json\/wp\/v2\/categories?post=57978"},{"taxonomy":"post_tag","embeddable":true,"href":"https:\/\/www.europesays.com\/lv\/wp-json\/wp\/v2\/tags?post=57978"}],"curies":[{"name":"wp","href":"https:\/\/api.w.org\/{rel}","templated":true}]}}