{"id":58023,"date":"2025-11-25T07:02:09","date_gmt":"2025-11-25T07:02:09","guid":{"rendered":"https:\/\/www.europesays.com\/lv\/58023\/"},"modified":"2025-11-25T07:02:09","modified_gmt":"2025-11-25T07:02:09","slug":"balinskis-aizvada-savu-nhl-sezonas-rezultativako-speli","status":"publish","type":"post","link":"https:\/\/www.europesays.com\/lv\/58023\/","title":{"rendered":"Balinskis aizvada savu NHL sezonas rezultat\u012bv\u0101ko sp\u0113li"},"content":{"rendered":"<p>&#8220;Panthers&#8221; viesos ar rezult\u0101tu 8:3 (4:2, 1:0, 3:1) uzvar\u0113ja Ne\u0161vilas &#8220;Predators&#8221; komandu.<\/p>\n<p>Balinskis sp\u0113l\u0113ja 16 min\u016btes un 19 sekundes, kuru laik\u0101 vienreiz meta pa v\u0101rtiem, p\u0101rtv\u0113ra vienu piesp\u0113li, blo\u0137\u0113ja divus metienus un pielietoja tr\u012bs sp\u0113ka pa\u0146\u0113mienus, statistik\u0101 atz\u012bm\u0113joties ar pozit\u012bvu lietder\u012bbas koeficientu +2.<\/p>\n<p>Latvietim \u0161\u012b bija pirm\u0101 divu punktu sp\u0113le sezon\u0101 un ceturt\u0101 karjer\u0101. \u0160osezon vi\u0146\u0161 13 ma\u010dos atz\u012bm\u0113jies ar \u010detr\u0101m rezultat\u012bv\u0101m piesp\u0113l\u0113m un pozit\u012bvu lietder\u012bbas koeficientu +3.<\/p>\n<p>Sp\u0113les sestaj\u0101 min\u016bt\u0113 p\u0113c Balinska metiena ripa riko\u0161et\u0101 non\u0101ca pie Evana Rodrigesa, kur\u0161 tobr\u012bd pan\u0101ca 2:0. Tre\u0161\u0101 perioda piektaj\u0101 min\u016bt\u0113 p\u0113c Balinska iemetiena zon\u0101 K\u0101rters Verh\u0113ge piesp\u0113l\u0113ja ripu Entonijam D\u017eonam Gr\u012bram, &#8220;Panthers&#8221; komandai pan\u0101kot 6:3.<\/p>\n<p>Gr\u012bram \u0161aj\u0101 sp\u0113l\u0113 bija divi g\u016bti v\u0101rti un viena rezultat\u012bva piesp\u0113le, bet vienus v\u0101rtus guva un divas rezultat\u012bvas piesp\u0113les atdeva Sems Reinh\u0101rts un Verh\u0113ge. V\u0113l viesiem v\u0101rtus guva Jespers B\u016bkvists un Gustavs Forslings.<\/p>\n<p>&#8220;Predators&#8221; komand\u0101 v\u0101rtus guva F\u012blips Fo\u0161bergs, Fjodors Sve\u010dkovs un Niks Blankenburgs.<\/p>\n<p>&#8220;Panthers&#8221; ar 25 punktiem 22 sp\u0113l\u0113s ie\u0146em 12. vietu Austrumu konferenc\u0113. &#8220;Predators&#8221;, kas zaud\u0113jusi asto\u0146\u0101s no p\u0113d\u0113j\u0101m devi\u0146\u0101m sp\u0113l\u0113m, ar 16 punktiem 22 ma\u010dos ie\u0146em p\u0113d\u0113jo, 16. poz\u012bciju Rietumu konferenc\u0113 un \u0161obr\u012bd ir l\u012bgas v\u0101j\u0101k\u0101 komanda.<\/p>\n","protected":false},"excerpt":{"rendered":"&#8220;Panthers&#8221; viesos ar rezult\u0101tu 8:3 (4:2, 1:0, 3:1) uzvar\u0113ja Ne\u0161vilas &#8220;Predators&#8221; komandu. Balinskis sp\u0113l\u0113ja 16 min\u016btes un 19&hellip;\n","protected":false},"author":2,"featured_media":58024,"comment_status":"","ping_status":"","sticky":false,"template":"","format":"standard","meta":{"footnotes":""},"categories":[17],"tags":[721,35,39,38,36,37,34,40,835,67,4672],"class_list":{"0":"post-58023","1":"post","2":"type-post","3":"status-publish","4":"format-standard","5":"has-post-thumbnail","7":"category-sports","8":"tag-hokejs-pasaule","9":"tag-latvia","10":"tag-latvian","11":"tag-latviesu","12":"tag-latviesu-valoda","13":"tag-latviesuvaloda","14":"tag-latvija","15":"tag-lv","16":"tag-nhl","17":"tag-sports","18":"tag-uvis-janis-balinskis"},"share_on_mastodon":{"url":"https:\/\/pubeurope.com\/@lv\/115609058881357680","error":""},"_links":{"self":[{"href":"https:\/\/www.europesays.com\/lv\/wp-json\/wp\/v2\/posts\/58023","targetHints":{"allow":["GET"]}}],"collection":[{"href":"https:\/\/www.europesays.com\/lv\/wp-json\/wp\/v2\/posts"}],"about":[{"href":"https:\/\/www.europesays.com\/lv\/wp-json\/wp\/v2\/types\/post"}],"author":[{"embeddable":true,"href":"https:\/\/www.europesays.com\/lv\/wp-json\/wp\/v2\/users\/2"}],"replies":[{"embeddable":true,"href":"https:\/\/www.europesays.com\/lv\/wp-json\/wp\/v2\/comments?post=58023"}],"version-history":[{"count":0,"href":"https:\/\/www.europesays.com\/lv\/wp-json\/wp\/v2\/posts\/58023\/revisions"}],"wp:featuredmedia":[{"embeddable":true,"href":"https:\/\/www.europesays.com\/lv\/wp-json\/wp\/v2\/media\/58024"}],"wp:attachment":[{"href":"https:\/\/www.europesays.com\/lv\/wp-json\/wp\/v2\/media?parent=58023"}],"wp:term":[{"taxonomy":"category","embeddable":true,"href":"https:\/\/www.europesays.com\/lv\/wp-json\/wp\/v2\/categories?post=58023"},{"taxonomy":"post_tag","embeddable":true,"href":"https:\/\/www.europesays.com\/lv\/wp-json\/wp\/v2\/tags?post=58023"}],"curies":[{"name":"wp","href":"https:\/\/api.w.org\/{rel}","templated":true}]}}