{"id":5803,"date":"2025-09-26T18:47:07","date_gmt":"2025-09-26T18:47:07","guid":{"rendered":"https:\/\/www.europesays.com\/lv\/5803\/"},"modified":"2025-09-26T18:47:07","modified_gmt":"2025-09-26T18:47:07","slug":"video-raidijums-amatpersonas-atzist-ka-samazinats-pvn-partikas-cenu-kritumu-garantet-nevar-tvnet","status":"publish","type":"post","link":"https:\/\/www.europesays.com\/lv\/5803\/","title":{"rendered":"VIDEO Raid\u012bjums: Amatpersonas atz\u012bst, ka samazin\u0101ts PVN p\u0101rtikas cenu kritumu garant\u0113t nevar &#8211; TVNET"},"content":{"rendered":"<ol>\n<li><a href=\"https:\/\/news.google.com\/rss\/articles\/CBMiuwFBVV95cUxQTjJCWEpMZmlaaHFzbEFqSlVNRDlSNjFhMzdIRVZqR0VYUW03M0hFVG9pTk1iem5vU0VoYnVuMVQxVmFtX3ZRVFBnOVZHMlA0ZlJwcGV0dFNObTJ6dE9ZU3ZzSjBHU3lIenMzTVFseE5SSDAtMU5sa1pOSTNGRlNnUC1IaEpQdENiOUl2dnczUHpvMndFaEcyUHhHbGVDbzJDMkN0Q0ZLd3BSSDVrbW9xbHhWMV9MVFh4NmdB?oc=5\" target=\"_blank\" rel=\"nofollow noopener\">VIDEO Raid\u012bjums: Amatpersonas atz\u012bst, ka samazin\u0101ts PVN p\u0101rtikas cenu kritumu garant\u0113t nevar<\/a>&nbsp;&nbsp;TVNET<\/li>\n<li><a href=\"https:\/\/news.google.com\/rss\/articles\/CBMi5AFBVV95cUxQdU0wOFdUdHE1RHBVbTlocTZDcUFMNk94aHhsU1V3ZUVwZlV2by14ZUtOMlMxcWNMcGZtaGZPWVVvZlJvaVp0UnZETm9PMHFNOUc2R2pkZ0FDRWRmYVBjN0w1WlNqVlRhTFo2bHI5UEYyU0QwMldBNmNaVUZibXY1TTBVTjNXaWZPS0ZzZTZzSU9JbF9sSmQyS2VqUGlacVJ4eEl5Q01HZDZwNlV1S1FqaUFwWDYxS1Q4cHJXSFFfejBpdC0xdl93SUVWNmhETHlQczZvczM1UGpIMXRPT0wyck5qSV8?oc=5\" target=\"_blank\" rel=\"nofollow noopener\">Lauksaimnieku organiz\u0101cijas aicina vald\u012bbu samazin\u0101t PVN visai svaig\u0101s ga\u013cas produkcijai \/ Raksts<\/a>&nbsp;&nbsp;LSM<\/li>\n<li><a href=\"https:\/\/news.google.com\/rss\/articles\/CBMi3gFBVV95cUxQbDE1OHVVUzhKSTZldDdfOEc2RU1PdXZlMHVCY0V0SGlKd0xpOTlRTXdLZ1EwNWpKakg4c255Ym5mbGkxN0xPUjlGT1FqZnNYVmtpenN4RE1nUC1hT0gzRjladmdGSnVBZHU4WU5SMmctczlzY1hHcV92RnRmYVRrVkZrdUE0THNVaE9STTlKQnpqQTdLTW9Dc2YwWjNqcXl4YThTU0dyZkw4cllPbTBBTHZqYlo0ejBGeE02TzNXdUtwQ04xYXFSQVEwcThZZ3RXWXR3clpvdjQyUmMzS3c?oc=5\" target=\"_blank\" rel=\"nofollow noopener\">&#8220;Eksperiments ar iedz\u012bvot\u0101jiem &#8211; skat\u012bsimies, vai piens l\u0113t\u0101ks&#8221; \u2013 \u010cak\u0161a ironiz\u0113 par PVN samazin\u0101\u0161anu<\/a>&nbsp;&nbsp;Delfi<\/li>\n<li><a href=\"https:\/\/news.google.com\/rss\/articles\/CBMioAFBVV95cUxPcFNKWnQySTBuenpxaGFGbi1pN0pncUMxNC1rX004dVFhQmxOWVRNVDZLT3J2STdEYi1TM2prV3JCT3Q1TG9KR1l5eG5sZ0NvQWVwNEpPQmhES2o5VVFDOEdVbHhCSFAwU21OVUc5eDJlS1dKVUpVQUFuTjk1Z2JVNEJ0dDNXdFM2bFhCWUloWGlkRHJITTBBZVBVUUxfZ0Jz?oc=5\" target=\"_blank\" rel=\"nofollow noopener\">Balticovo : Olu pakas cena var\u0113tu samazin\u0101ties par aptuveni 20-30 centiem<\/a>&nbsp;&nbsp;Dienas Bizness<\/li>\n<li><a href=\"https:\/\/news.google.com\/rss\/articles\/CBMiX0FVX3lxTE41T0JTLXJHdGxPVXVrT0VzWnFDbkdaM3VBZlZnMmcwYnVRb3o5SHJIU1Z5X1BtM3YtczdBTENhOUEyT3owa0w5RUFLMGpRS1RNUTdObGdnR29yU05RUWQ4?oc=5\" target=\"_blank\" rel=\"nofollow noopener\">Radars Latvij\u0101<\/a>&nbsp;&nbsp;\u017durn\u0101ls Ir<\/li>\n<\/ol>\n","protected":false},"excerpt":{"rendered":"VIDEO Raid\u012bjums: Amatpersonas atz\u012bst, ka samazin\u0101ts PVN p\u0101rtikas cenu kritumu garant\u0113t nevar&nbsp;&nbsp;TVNET Lauksaimnieku organiz\u0101cijas aicina vald\u012bbu samazin\u0101t PVN&hellip;\n","protected":false},"author":2,"featured_media":5804,"comment_status":"","ping_status":"","sticky":false,"template":"","format":"standard","meta":{"footnotes":""},"categories":[12],"tags":[23,63,65,28,29,60,32,33,59,22,70,64,30,31,35,39,38,36,37,34,40,68,20,26,27,69,66,67,24,25,62,21,61],"class_list":{"0":"post-5803","1":"post","2":"type-post","3":"status-publish","4":"format-standard","5":"has-post-thumbnail","7":"category-latvija","8":"tag-aktualitates","9":"tag-arvalstis","10":"tag-auto","11":"tag-breaking-news","12":"tag-breakingnews","13":"tag-egoiste","14":"tag-featured-news","15":"tag-featurednews","16":"tag-financenet","17":"tag-headlines","18":"tag-klik","19":"tag-kultura","20":"tag-latest-news","21":"tag-latestnews","22":"tag-latvia","23":"tag-latvian","24":"tag-latviesu","25":"tag-latviesu-valoda","26":"tag-latviesuvaloda","27":"tag-latvija","28":"tag-lv","29":"tag-maja","30":"tag-news","31":"tag-popularakas-zinas","32":"tag-popularakaszinas","33":"tag-receptes","34":"tag-sejas","35":"tag-sports","36":"tag-top-stories","37":"tag-topstories","38":"tag-viedokli","39":"tag-zinas","40":"tag-zinatne"},"share_on_mastodon":{"url":"","error":""},"_links":{"self":[{"href":"https:\/\/www.europesays.com\/lv\/wp-json\/wp\/v2\/posts\/5803","targetHints":{"allow":["GET"]}}],"collection":[{"href":"https:\/\/www.europesays.com\/lv\/wp-json\/wp\/v2\/posts"}],"about":[{"href":"https:\/\/www.europesays.com\/lv\/wp-json\/wp\/v2\/types\/post"}],"author":[{"embeddable":true,"href":"https:\/\/www.europesays.com\/lv\/wp-json\/wp\/v2\/users\/2"}],"replies":[{"embeddable":true,"href":"https:\/\/www.europesays.com\/lv\/wp-json\/wp\/v2\/comments?post=5803"}],"version-history":[{"count":0,"href":"https:\/\/www.europesays.com\/lv\/wp-json\/wp\/v2\/posts\/5803\/revisions"}],"wp:featuredmedia":[{"embeddable":true,"href":"https:\/\/www.europesays.com\/lv\/wp-json\/wp\/v2\/media\/5804"}],"wp:attachment":[{"href":"https:\/\/www.europesays.com\/lv\/wp-json\/wp\/v2\/media?parent=5803"}],"wp:term":[{"taxonomy":"category","embeddable":true,"href":"https:\/\/www.europesays.com\/lv\/wp-json\/wp\/v2\/categories?post=5803"},{"taxonomy":"post_tag","embeddable":true,"href":"https:\/\/www.europesays.com\/lv\/wp-json\/wp\/v2\/tags?post=5803"}],"curies":[{"name":"wp","href":"https:\/\/api.w.org\/{rel}","templated":true}]}}