{"id":58052,"date":"2025-11-25T07:45:13","date_gmt":"2025-11-25T07:45:13","guid":{"rendered":"https:\/\/www.europesays.com\/lv\/58052\/"},"modified":"2025-11-25T07:45:13","modified_gmt":"2025-11-25T07:45:13","slug":"cayenne-electric-piedzivo-publisko-pirmizradi-dubaija-uzladets","status":"publish","type":"post","link":"https:\/\/www.europesays.com\/lv\/58052\/","title":{"rendered":"\u201cCayenne Electric\u201d piedz\u012bvo publisko pirmizr\u0101di Dubaij\u0101 \u2013 Uzl\u0101d\u0113ts"},"content":{"rendered":"<p>Jaunais \u201cPorsche Cayenne Electric\u201d, kur\u0161 nule piedz\u012bvoja glob\u0101lu digit\u0101lo pirmizr\u0101di, tagad prezent\u0113ts ar\u012b kl\u0101tien\u0113 Dubaij\u0101, festiv\u0101l\u0101 \u201cIcons of Porsche\u201d, inform\u0113ja uz\u0146\u0113mum\u0101.<\/p>\n<p>Dubaija ir viena no retaj\u0101m pils\u0113t\u0101m, kas apvieno dinamismu un tehnolo\u0123isko progresu. Tie\u0161i \u0161eit \u201cCayenne Electric\u201d pirmo reizi tika atr\u0101d\u012bts sabiedr\u012bbai p\u0113c tam, kad automobilis jau pier\u0101d\u012bjis savas bezce\u013cu sp\u0113jas. Tikai stundas brauciena att\u0101lum\u0101 no pils\u0113tas atrodas viens no gr\u016bt\u0101kajiem izm\u0113\u0123in\u0101jumu poligoniem pasaul\u0113 \u2013 Ar\u0101bijas tuksnesis. \u0160eit \u201cCayenne Electric\u201d testos p\u0101rliecino\u0161i demonstr\u0113ja, k\u0101 elektrisk\u0101 veiktsp\u0113ja brauk\u0161anu pa smil\u0161u k\u0101p\u0101m sp\u0113j pacelt jaun\u0101 l\u012bmen\u012b, kas bijusi katra mode\u013ca \u201cCayenne\u201d paaudzes pras\u012bba.<\/p>\n<p>  <a id=\"post-banner-link-2\" href=\"https:\/\/uzladets.lv\/hyundai25Ioniq5\" target=\"_blank\" rel=\"nofollow noopener\"><br \/>\n    <img id=\"post-banner-image-2\" loading=\"lazy\" decoding=\"async\" width=\"932\" height=\"300\"\/><br \/>\n  <\/a><\/p>\n<p>\u201c\u201cCayenne Electric\u201d pa k\u0101p\u0101m brauc k\u0101 krietni viegl\u0101ks automobilis,\u201d nor\u0101da \u201cCayenne\u201d produktu l\u012bnijas viceprezidents Mihaels \u0160ecle. \u201c\u0160\u012b viegl\u0101 vad\u0101m\u012bba p\u0101rsteidza pat m\u016bs. \u012apa\u0161i situ\u0101cij\u0101s ar mazu \u0101trumu un lielu pagrieziena le\u0146\u0137i \u201cCayenne Electric\u201d demonstr\u0113 t\u0101da l\u012bme\u0146a kontroli, k\u0101du m\u0113s l\u012bdz \u0161im \u0161\u0101d\u0101 form\u0101t\u0101 nebij\u0101m pieredz\u0113ju\u0161i.\u201d<\/p>\n<p><a href=\"https:\/\/uzladets.lv\/elektrumdrive251014kv\" target=\"_blank\" rel=\"nofollow noopener\"><img decoding=\"async\" src=\"https:\/\/www.europesays.com\/lv\/wp-content\/uploads\/2025\/10\/1761817448_751_Uzladets.lv_300x250px-8.png\" style=\"max-width: 300px; max-height:250px;\"\/><\/a><img loading=\"lazy\" decoding=\"async\" src=\"https:\/\/www.europesays.com\/lv\/wp-content\/uploads\/2025\/10\/1761054191_51_\" border=\"0\" width=\"1\" height=\"1\"\/><\/p>\n<p>Viens SUV, divas pasaules: veiktsp\u0113ja pils\u0113t\u0101 un izveic\u012bba tuksnes\u012b<\/p>\n<p>Uz ce\u013ca \u201cCayenne Electric\u201d pied\u0101v\u0101 sporta automobilim l\u012bdzv\u0113rt\u012bgu brauk\u0161anas dinamiku un sedana komfortu, bet bezce\u013cu apst\u0101k\u013cos \u2013 izcilas sp\u0113jas, kas rakstur\u012bgas \u0161ai mode\u013cu s\u0113rijai kop\u0161 t\u0101s non\u0101k\u0161anas tirdzniec\u012bb\u0101 2002. gad\u0101. Testa braucienos k\u0101p\u0101s ar smalk\u0101m smilt\u012bm, vair\u0101k nek\u0101 25 gr\u0101du sl\u012bpumu un temperat\u016bru virs 40 gr\u0101diem SUV p\u0101rsteidza ar prec\u012bzu un t\u016bl\u012bt\u0113ju jaudas pieejam\u012bbu.<\/p>\n<p><img loading=\"lazy\" decoding=\"async\" width=\"1000\" height=\"563\" src=\"https:\/\/www.europesays.com\/lv\/wp-content\/uploads\/2025\/11\/S25_1455.jpg\" alt=\"Porsche Cayenne Electric\" class=\"wp-image-18043\"  \/>Porsche Cayenne Electric (Publicit\u0101tes att\u0113ls)<\/p>\n<p>\u0160\u0101du sniegumu nodro\u0161ina jaun\u0101 piedzi\u0146as sist\u0113ma, kas \u201cCayenne Turbo\u201d gad\u012bjum\u0101 att\u012bsta l\u012bdz pat 850 kW (1156 ZS) lielu jaudu un 1500 Nm griezes momentu. Elektromotoru neliel\u0101 inerce, bezce\u013cu re\u017e\u012bms \u201cSand\u201d un atsauc\u012bgais akseleratora ped\u0101lis nodro\u0161ina prec\u012bzu jaudas kontroli. Savuk\u0101rt adapt\u012bv\u0101 pneimatisk\u0101 balstiek\u0101rta ar PASM p\u0101rsteidza ar augsta l\u012bme\u0146a bezce\u013cu sp\u0113j\u0101m \u2013 kl\u012brensu var palielin\u0101t no 55 l\u012bdz 245 milimetriem.<\/p>\n<p><img loading=\"lazy\" decoding=\"async\" width=\"1000\" height=\"667\" src=\"https:\/\/www.europesays.com\/lv\/wp-content\/uploads\/2025\/11\/S25_1450.jpg\" alt=\"Porsche Cayenne Electric\" class=\"wp-image-18044\"  \/>Porsche Cayenne Electric (Publicit\u0101tes att\u0113ls)<\/p>\n<p>\u201cCayenne Turbo\u201d papildu komplekt\u0101cij\u0101 pieejam\u0101 sist\u0113ma \u201cPorsche Active Ride\u201d sa\u0137eri uzlabo v\u0113l vair\u0101k. \u201cVirsb\u016bve ir praktiski pak\u0101rta gais\u0101,\u201d skaidro \u0160ecle. \u201cCe\u013ca nel\u012bdzenumi tiek kompens\u0113ti ar rite\u0146u kust\u012bb\u0101m, lai virsb\u016bve paliktu nekust\u012bga un slodzes at\u0161\u0137ir\u012bbas uz rite\u0146iem b\u016btu maz\u0101kas.\u201d Tas nodro\u0161ina iev\u0113rojami lab\u0101ku vad\u0101m\u012bbu, \u012bpa\u0161i dzi\u013c\u0101s smilt\u012bs.<\/p>\n<p>Tehnolo\u0123ija maksim\u0101lai sa\u0137erei un temperat\u016bras kontrolei<\/p>\n<p>\u201cCayenne Electric\u201d iespaid\u012bg\u0101s bezce\u013cu sp\u0113jas nodro\u0161ina vair\u0101kas inov\u0101cijas un apr\u012bkojuma risin\u0101jumi:<\/p>\n<ul class=\"wp-block-list\">\n<li>\u201cPorsche\u201d vilkmes kontroles sist\u0113ma (ePTM):\u00a0elektroniski vad\u0101ma visu rite\u0146u piedzi\u0146a, kas darbojas aptuveni piecas reizes \u0101tr\u0101k nek\u0101 tradicion\u0101l\u0101s sist\u0113mas un atbalsta visus bezce\u013cu re\u017e\u012bmus (smiltis, grants, dub\u013ci, akme\u0146i).<\/li>\n<li>Bezce\u013cu pakotne:\u00a0palielin\u0101ts priek\u0161\u0113jais p\u0101rkares le\u0146\u0137is par 25 %, modific\u0113ta priek\u0161puses apak\u0161\u0113j\u0101 da\u013ca, ar aizsargpl\u0101ksn\u0113m pastiprin\u0101tas sliek\u0161\u0146u uzlikas un dzes\u0113\u0161anai paredz\u0113ti horizont\u0101li gaisa atloki papildu gaisa padevei.<\/li>\n<li>Jauna akumulatora dzes\u0113\u0161anas strat\u0113\u0123ija:\u00a0modul\u012b integr\u0113tas divas dzes\u0113\u0161anas pl\u0101ksnes, kas regul\u0113 113 kWh akumulatora temperat\u016bru gan no aug\u0161as, gan no apak\u0161as.<\/li>\n<li>Tie\u0161\u0101 e\u013c\u013cas dzes\u0113\u0161ana:\u00a0no autosporta aizg\u016bta tehnolo\u0123ija ilgsto\u0161ai \u201cCayenne Turbo\u201d aizmugur\u0113j\u0101s ass elektromotora jaudai.<\/li>\n<li>Adapt\u012bv\u0101 pneimatisk\u0101 balstiek\u0101rta ar PASM:\u00a0bezce\u013cu regul\u0113jumos kl\u012brensu iesp\u0113jams palielin\u0101t l\u012bdz pat 245 milimetriem.<\/li>\n<li>\u201cPorsche Active Ride\u201d sist\u0113ma (\u201cCayenne Turbo\u201d modelim pieejama papildkomplekt\u0101cij\u0101):\u00a0augst\u0101k\u0101s klases akt\u012bv\u0101 balstiek\u0101rta, kas gandr\u012bz piln\u012bb\u0101 kompens\u0113 virsb\u016bves kust\u012bbas, nodro\u0161inot stabilit\u0101ti ar\u012b k\u0101p\u0101s.<\/li>\n<li>\u201cPorsche\u201d griezes momenta vektoriz\u0101cijas sist\u0113ma \u201cPlus\u201d (PTV Plus):\u00a0elektroniski kontrol\u0113ta diferenci\u0101\u013ca blo\u0137\u0113\u0161anas un aizmugur\u0113j\u0101s ass bremz\u0113\u0161ana \u201cCayenne Turbo\u201d modelim uzlabo sa\u0137eri, stabilit\u0101ti un s\u0101nu dinamiku, \u012bpa\u0161i uz irden\u0101m virsm\u0101m.<\/li>\n<\/ul>\n<p><img loading=\"lazy\" decoding=\"async\" width=\"1000\" height=\"667\" src=\"https:\/\/www.europesays.com\/lv\/wp-content\/uploads\/2025\/11\/S25_1448.jpg\" alt=\"Porsche Cayenne Electric\" class=\"wp-image-18045\"  \/>Porsche Cayenne Electric (Publicit\u0101tes att\u0113ls)<\/p>\n<p><a href=\"https:\/\/mistape.com\" target=\"_blank\" rel=\"nofollow noopener\" class=\"mistape-link mistape-logo\"><\/a><\/p>\n<p>Ja rakst\u0101 paman\u012bji k\u013c\u016bdu, padod mums par to zi\u0146u, iez\u012bm\u0113jot a\u010dg\u0101rno tekstu un nospie\u017eot Ctrl+Enter. Paldies!<\/p>\n<p>&#13;<br \/>\n                    0&#13;<br \/>\n                    0&#13;<br \/>\n                    balsojumi<\/p>\n<p>Raksta nov\u0113rt\u0113jums<\/p>\n<p>\t\tPost navigation<\/p>\n","protected":false},"excerpt":{"rendered":"Jaunais \u201cPorsche Cayenne Electric\u201d, kur\u0161 nule piedz\u012bvoja glob\u0101lu digit\u0101lo pirmizr\u0101di, tagad prezent\u0113ts ar\u012b kl\u0101tien\u0113 Dubaij\u0101, festiv\u0101l\u0101 \u201cIcons of&hellip;\n","protected":false},"author":2,"featured_media":58053,"comment_status":"","ping_status":"","sticky":false,"template":"","format":"standard","meta":{"footnotes":""},"categories":[16],"tags":[77,76,1220,35,39,38,36,37,34,40,1221],"class_list":{"0":"post-58052","1":"post","2":"type-post","3":"status-publish","4":"format-standard","5":"has-post-thumbnail","7":"category-bizness","8":"tag-bizness","9":"tag-business","10":"tag-cayenne","11":"tag-latvia","12":"tag-latvian","13":"tag-latviesu","14":"tag-latviesu-valoda","15":"tag-latviesuvaloda","16":"tag-latvija","17":"tag-lv","18":"tag-porsche"},"share_on_mastodon":{"url":"https:\/\/pubeurope.com\/@lv\/115609228100692988","error":""},"_links":{"self":[{"href":"https:\/\/www.europesays.com\/lv\/wp-json\/wp\/v2\/posts\/58052","targetHints":{"allow":["GET"]}}],"collection":[{"href":"https:\/\/www.europesays.com\/lv\/wp-json\/wp\/v2\/posts"}],"about":[{"href":"https:\/\/www.europesays.com\/lv\/wp-json\/wp\/v2\/types\/post"}],"author":[{"embeddable":true,"href":"https:\/\/www.europesays.com\/lv\/wp-json\/wp\/v2\/users\/2"}],"replies":[{"embeddable":true,"href":"https:\/\/www.europesays.com\/lv\/wp-json\/wp\/v2\/comments?post=58052"}],"version-history":[{"count":0,"href":"https:\/\/www.europesays.com\/lv\/wp-json\/wp\/v2\/posts\/58052\/revisions"}],"wp:featuredmedia":[{"embeddable":true,"href":"https:\/\/www.europesays.com\/lv\/wp-json\/wp\/v2\/media\/58053"}],"wp:attachment":[{"href":"https:\/\/www.europesays.com\/lv\/wp-json\/wp\/v2\/media?parent=58052"}],"wp:term":[{"taxonomy":"category","embeddable":true,"href":"https:\/\/www.europesays.com\/lv\/wp-json\/wp\/v2\/categories?post=58052"},{"taxonomy":"post_tag","embeddable":true,"href":"https:\/\/www.europesays.com\/lv\/wp-json\/wp\/v2\/tags?post=58052"}],"curies":[{"name":"wp","href":"https:\/\/api.w.org\/{rel}","templated":true}]}}