{"id":58054,"date":"2025-11-25T07:47:09","date_gmt":"2025-11-25T07:47:09","guid":{"rendered":"https:\/\/www.europesays.com\/lv\/58054\/"},"modified":"2025-11-25T07:47:09","modified_gmt":"2025-11-25T07:47:09","slug":"latvija-bazeta-aviokompanija-partrauc-darbibu","status":"publish","type":"post","link":"https:\/\/www.europesays.com\/lv\/58054\/","title":{"rendered":"Latvij\u0101 b\u0101z\u0113ta aviokomp\u0101nija p\u0101rtrauc darb\u012bbu"},"content":{"rendered":"<p>R\u012bgas lidostas valdes priek\u0161s\u0113d\u0113t\u0101ja Laila Odi\u0146a raid\u012bjum\u0101 &#8220;Spried ar Delfi&#8221; pirmdien nor\u0101d\u012bja, ka &#8220;SmartLynx&#8221; no R\u012bgas lidostas praktiski nav lidojusi, ar\u012b \u010darterlidojumi p\u0113d\u0113j\u0101 gada laik\u0101 nav veikti. &#8220;SmartLynx&#8221; str\u0101d\u0101ja tikai ACMI biznes\u0101 jeb iz\u012br\u0113ja lidma\u0161\u012bnas cit\u0101m aviokomp\u0101nij\u0101m da\u017e\u0101d\u0101s valst\u012bs un no R\u012bgas praktiski nestr\u0101d\u0101ja, t\u0101d\u0113\u013c &#8220;SmartLynx&#8221; neietekm\u0113 R\u012bgas lidost\u0101 apkalpoto lidojumu un pasa\u017eieru skaitu,&#8221; vi\u0146a piebilda.<\/p>\n<p>LETA jau zi\u0146oja, ka &#8220;SmartLynx Airlines&#8221; tika ierosin\u0101ta tiesisk\u0101s aizsardz\u012bbas procesa lieta. Tiesisk\u0101s aizsardz\u012bbas procesa lietu R\u012bgas rajona tiesa ierosin\u0101jusi 2025. gada 28. oktobr\u012b.<\/p>\n<p>&#8220;SmartLynx Airlines&#8221; \u0161ogad 20. novembr\u012b bija re\u0123istr\u0113ts Valsts ie\u0146\u0113mumu dienesta (VID) administr\u0113to nodok\u013cu par\u0101ds 522 584 eiro apm\u0113r\u0101, liecina VID publiskot\u0101 inform\u0101cija.<\/p>\n<p>&#8220;SmartLynx Airlines&#8221; a\u0123ent\u016brai LETA iepriek\u0161 pav\u0113st\u012bja, ka p\u0113c izmai\u0146\u0101m aviokomp\u0101nijas \u012bpa\u0161nieku sast\u0101v\u0101 uz\u0146\u0113mums ir s\u0101cis atvese\u013co\u0161anas pl\u0101na realiz\u0101ciju jeb aviokomp\u0101nijas restrukturiz\u0101ciju turpm\u0101k\u0101s darb\u012bbas nodro\u0161in\u0101\u0161anai.<\/p>\n<p>Deme\u0146us iepriek\u0161 nor\u0101d\u012bja, ka pilna servisa lidma\u0161\u012bnu nomas jeb ACMI (Aircraft, Crew, Maintenance, Insurance) nozare ir dinamiska un pak\u013cauta nep\u0101rtrauktai main\u012bbai.<\/p>\n<p>&#8220;Aizvad\u012btais gads gan &#8220;SmartLynx&#8221;, gan visai ACMI industrijai bija izaicino\u0161s &#8211; pieaugo\u0161\u0101s izmaksas, pieg\u0101\u017eu kav\u0113jumi un m\u0113rena tirgus izaugsme atst\u0101ja ietekmi uz aviokomp\u0101niju darb\u012bbu. \u0160\u0101dos apst\u0101k\u013cos uz\u0146\u0113mumiem, tostarp &#8220;SmartLynx&#8221;, nepiecie\u0161ams laiks, lai piel\u0101gotos jaunajiem tirgus apst\u0101k\u013ciem,&#8221; iepriek\u0161 atz\u012bm\u0113ja Deme\u0146us.<\/p>\n<p>LETA jau v\u0113st\u012bja, ka \u0161ogad oktobr\u012b main\u012bj\u0101s &#8220;SmartLynx Airlines&#8221; \u012bpa\u0161nieki &#8211; komp\u0101niju ieg\u0101d\u0101j\u0101s uz\u0146\u0113muma vad\u012bba un specializ\u0113ts invest\u012bciju fonds N\u012bderland\u0113.<\/p>\n<p>N\u012bderlandes &#8220;Stichting Break Point Distressed Assets Management&#8221; \u012bpa\u0161um\u0101 \u0161obr\u012bd ir 90% &#8220;SmartLynx Airlines&#8221; kapit\u0101lda\u013cu, kam\u0113r pa 5% pieder Lietuvas pilso\u0146iem Mindaugam Kazakevi\u010dam un Deme\u0146um, kuri ir komp\u0101nijas valdes locek\u013ci.<\/p>\n","protected":false},"excerpt":{"rendered":"R\u012bgas lidostas valdes priek\u0161s\u0113d\u0113t\u0101ja Laila Odi\u0146a raid\u012bjum\u0101 &#8220;Spried ar Delfi&#8221; pirmdien nor\u0101d\u012bja, ka &#8220;SmartLynx&#8221; no R\u012bgas lidostas praktiski&hellip;\n","protected":false},"author":2,"featured_media":58055,"comment_status":"","ping_status":"","sticky":false,"template":"","format":"standard","meta":{"footnotes":""},"categories":[12],"tags":[23,5290,28,29,32,33,22,30,31,35,39,38,36,37,34,15582,40,20,26,27,24,25,21],"class_list":{"0":"post-58054","1":"post","2":"type-post","3":"status-publish","4":"format-standard","5":"has-post-thumbnail","7":"category-latvija","8":"tag-aktualitates","9":"tag-aviokompanija","10":"tag-breaking-news","11":"tag-breakingnews","12":"tag-featured-news","13":"tag-featurednews","14":"tag-headlines","15":"tag-latest-news","16":"tag-latestnews","17":"tag-latvia","18":"tag-latvian","19":"tag-latviesu","20":"tag-latviesu-valoda","21":"tag-latviesuvaloda","22":"tag-latvija","23":"tag-lidosta-riga","24":"tag-lv","25":"tag-news","26":"tag-popularakas-zinas","27":"tag-popularakaszinas","28":"tag-top-stories","29":"tag-topstories","30":"tag-zinas"},"share_on_mastodon":{"url":"https:\/\/pubeurope.com\/@lv\/115609236587395639","error":""},"_links":{"self":[{"href":"https:\/\/www.europesays.com\/lv\/wp-json\/wp\/v2\/posts\/58054","targetHints":{"allow":["GET"]}}],"collection":[{"href":"https:\/\/www.europesays.com\/lv\/wp-json\/wp\/v2\/posts"}],"about":[{"href":"https:\/\/www.europesays.com\/lv\/wp-json\/wp\/v2\/types\/post"}],"author":[{"embeddable":true,"href":"https:\/\/www.europesays.com\/lv\/wp-json\/wp\/v2\/users\/2"}],"replies":[{"embeddable":true,"href":"https:\/\/www.europesays.com\/lv\/wp-json\/wp\/v2\/comments?post=58054"}],"version-history":[{"count":0,"href":"https:\/\/www.europesays.com\/lv\/wp-json\/wp\/v2\/posts\/58054\/revisions"}],"wp:featuredmedia":[{"embeddable":true,"href":"https:\/\/www.europesays.com\/lv\/wp-json\/wp\/v2\/media\/58055"}],"wp:attachment":[{"href":"https:\/\/www.europesays.com\/lv\/wp-json\/wp\/v2\/media?parent=58054"}],"wp:term":[{"taxonomy":"category","embeddable":true,"href":"https:\/\/www.europesays.com\/lv\/wp-json\/wp\/v2\/categories?post=58054"},{"taxonomy":"post_tag","embeddable":true,"href":"https:\/\/www.europesays.com\/lv\/wp-json\/wp\/v2\/tags?post=58054"}],"curies":[{"name":"wp","href":"https:\/\/api.w.org\/{rel}","templated":true}]}}