{"id":58061,"date":"2025-11-25T07:54:10","date_gmt":"2025-11-25T07:54:10","guid":{"rendered":"https:\/\/www.europesays.com\/lv\/58061\/"},"modified":"2025-11-25T07:54:10","modified_gmt":"2025-11-25T07:54:10","slug":"video-%e2%9f%a9-tiek-skaidrots-ka-notika-tragiska-avarija-preilu-novada-kura-gaja-boja-berns","status":"publish","type":"post","link":"https:\/\/www.europesays.com\/lv\/58061\/","title":{"rendered":"VIDEO \u27e9 Tiek skaidrots, k\u0101 notika tra\u0123isk\u0101 av\u0101rija Prei\u013cu novad\u0101, kur\u0101 g\u0101ja boj\u0101 b\u0113rns"},"content":{"rendered":"<p>Pirms plkst. 19 Prei\u013cu novada Aizkalnes pagast\u0101 notika ce\u013cu satiksmes negad\u012bjums, kur\u0101 iesaist\u012btas \u010detras automa\u0161\u012bnas &#8211; &#8220;Ford Transit Custom&#8221;, &#8220;Volkswagen&#8221;, &#8220;Volvo&#8221; un &#8220;BMW&#8221;. Negad\u012bjum\u0101 g\u0101ja boj\u0101 mazgad\u012bga persona. Valsts policij\u0101 s\u0101kts krimin\u0101lprocess, notiek izmekl\u0113\u0161ana.<\/p>\n<p>K\u0101 v\u0113sta raid\u012bjums &#8220;Degpunkt\u0101&#8221;, tra\u0123\u0113dija, iesp\u0113jams, norit\u0113ja \u0161\u0101di: ce\u013cmal\u0101 bija apst\u0101jies busi\u0146\u0161. Pa to pa\u0161u joslu brauco\u0161s cits mikroautobuss, veicot ce\u013ca mal\u0101 novietot\u0101 auto apdz\u012b\u0161anu, iebraucis pret\u0113j\u0101 josl\u0101 un sad\u016bries ar vieglo auto.<\/p>\n<p>No av\u0101rij\u0101 iesaist\u012bt\u0101 viegl\u0101 auto izk\u0101pusi sieviete ar b\u0113rnu, un taj\u0101 br\u012bd\u012b abiem uzbraukusi cita automa\u0161\u012bna, kas p\u0101rvietojusies pa ce\u013cu.<\/p>\n<p>Tiek zi\u0146ots, ka b\u0113rns g\u0101jis boj\u0101, bet m\u0101te smag\u0101 st\u0101vokl\u012b nog\u0101d\u0101ta slimn\u012bc\u0101.<\/p>\n<p>Vair\u0101k skaties si\u017eet\u0101!<\/p>\n","protected":false},"excerpt":{"rendered":"Pirms plkst. 19 Prei\u013cu novada Aizkalnes pagast\u0101 notika ce\u013cu satiksmes negad\u012bjums, kur\u0101 iesaist\u012btas \u010detras automa\u0161\u012bnas &#8211; &#8220;Ford Transit&hellip;\n","protected":false},"author":2,"featured_media":58062,"comment_status":"","ping_status":"","sticky":false,"template":"","format":"standard","meta":{"footnotes":""},"categories":[5],"tags":[23,1465,2849,15583,28,29,32,33,22,30,31,35,39,38,36,37,34,40,20,26,27,545,24,25,21],"class_list":{"0":"post-58061","1":"post","2":"type-post","3":"status-publish","4":"format-standard","5":"has-post-thumbnail","7":"category-aktualitates","8":"tag-aktualitates","9":"tag-autoavarijas","10":"tag-avarija","11":"tag-bojagajusais","12":"tag-breaking-news","13":"tag-breakingnews","14":"tag-featured-news","15":"tag-featurednews","16":"tag-headlines","17":"tag-latest-news","18":"tag-latestnews","19":"tag-latvia","20":"tag-latvian","21":"tag-latviesu","22":"tag-latviesu-valoda","23":"tag-latviesuvaloda","24":"tag-latvija","25":"tag-lv","26":"tag-news","27":"tag-popularakas-zinas","28":"tag-popularakaszinas","29":"tag-preili","30":"tag-top-stories","31":"tag-topstories","32":"tag-zinas"},"share_on_mastodon":{"url":"https:\/\/pubeurope.com\/@lv\/115609263465881817","error":""},"_links":{"self":[{"href":"https:\/\/www.europesays.com\/lv\/wp-json\/wp\/v2\/posts\/58061","targetHints":{"allow":["GET"]}}],"collection":[{"href":"https:\/\/www.europesays.com\/lv\/wp-json\/wp\/v2\/posts"}],"about":[{"href":"https:\/\/www.europesays.com\/lv\/wp-json\/wp\/v2\/types\/post"}],"author":[{"embeddable":true,"href":"https:\/\/www.europesays.com\/lv\/wp-json\/wp\/v2\/users\/2"}],"replies":[{"embeddable":true,"href":"https:\/\/www.europesays.com\/lv\/wp-json\/wp\/v2\/comments?post=58061"}],"version-history":[{"count":0,"href":"https:\/\/www.europesays.com\/lv\/wp-json\/wp\/v2\/posts\/58061\/revisions"}],"wp:featuredmedia":[{"embeddable":true,"href":"https:\/\/www.europesays.com\/lv\/wp-json\/wp\/v2\/media\/58062"}],"wp:attachment":[{"href":"https:\/\/www.europesays.com\/lv\/wp-json\/wp\/v2\/media?parent=58061"}],"wp:term":[{"taxonomy":"category","embeddable":true,"href":"https:\/\/www.europesays.com\/lv\/wp-json\/wp\/v2\/categories?post=58061"},{"taxonomy":"post_tag","embeddable":true,"href":"https:\/\/www.europesays.com\/lv\/wp-json\/wp\/v2\/tags?post=58061"}],"curies":[{"name":"wp","href":"https:\/\/api.w.org\/{rel}","templated":true}]}}