{"id":58082,"date":"2025-11-25T08:08:11","date_gmt":"2025-11-25T08:08:11","guid":{"rendered":"https:\/\/www.europesays.com\/lv\/58082\/"},"modified":"2025-11-25T08:08:11","modified_gmt":"2025-11-25T08:08:11","slug":"lff-disciplinarlietu-komiteja-ir-sakusi-izmeklesanu","status":"publish","type":"post","link":"https:\/\/www.europesays.com\/lv\/58082\/","title":{"rendered":"LFF Disciplin\u0101rlietu komiteja ir s\u0101kusi izmekl\u0113\u0161anu"},"content":{"rendered":"<p>&#8220;Diem\u017e\u0113l p\u0113c ma\u010da notiku\u0161ais \u2014 asa v\u0101rdu apmai\u0146a, draudi, b\u0113rnu iesaiste konflikt\u0101 un ar\u012b fiziska aizskar\u0161ana (tostarp telefona izsi\u0161ana no rok\u0101m sievietei) \u2013 ir r\u012bc\u012bba, kas neatspogu\u013co m\u016bsu kop\u012bg\u0101s v\u0113rt\u012bbas. LFF Disciplin\u0101rlietu komiteja jau ir s\u0101kusi izmekl\u0113\u0161anu, lai noskaidrotu visus apst\u0101k\u013cus un pie\u0146emtu atbilsto\u0161us l\u0113mumus,&#8221; turpin\u0101ja LFF prezidents.<\/p>\n<p>&#8220;Run\u0101jot par ties\u0101\u0161anu un VAR \u2014 saprotam, ka str\u012bd\u012bgas epizodes vienm\u0113r raisa diskusijas un emocijas. Tom\u0113r ir svar\u012bgi t\u0101s balst\u012bt faktos. Visi attiec\u012bgie momenti ir r\u016bp\u012bgi izv\u0113rt\u0113ti LFF Tiesne\u0161u noda\u013c\u0101, un l\u0113mumi pie\u0146emti atbilsto\u0161i noteikumiem,&#8221; skaidroja \u013ba\u0161enko.<\/p>\n<p>&#8220;Dr\u012bzum\u0101 public\u0113sim detaliz\u0113tu skaidrojumu, lai ikviens var iepaz\u012bties ar anal\u012bzi. Skat\u0101mies ar\u012b uz priek\u0161u. No n\u0101kam\u0101s sezonas v\u0113l vair\u0101k stiprin\u0101sim dro\u0161\u012bbas pras\u012bbas. Futbols ir m\u016bsu kop\u0113j\u0101 telpa, un tikai kop\u0101 varam to padar\u012bt lab\u0101ku. Paldies visiem, kuri atbalsta Latvijas futbolu un r\u016bp\u0113jas par t\u0101 att\u012bst\u012bbu.&#8221;<\/p>\n<p>C\u012b\u0146\u0101 par vietu augst\u0101kaj\u0101 l\u012bg\u0101 n\u0101kamsezon tik\u0101s \u0161\u012b gada virsl\u012bgas pirmsp\u0113d\u0113j\u0101s vietas \u012bpa\u0161niece &#8220;Grobi\u0146a&#8221; un p\u0113c sp\u0113ka otr\u0101s &#8211; N\u0101kotnes l\u012bgas &#8211; vice\u010dempione &#8220;JDFS Alberts&#8221; komanda.<\/p>\n<p>Uzvar\u0113t\u0101ji divu sp\u0113\u013cu summ\u0101 izc\u012bn\u012bja ties\u012bbas 2026. gad\u0101 sp\u0113l\u0113t &#8220;Tonybet&#8221; virsl\u012bg\u0101, bet zaud\u0113t\u0101ji sp\u0113l\u0113s N\u0101kotnes l\u012bg\u0101.<\/p>\n<blockquote class=\"twitter-tweet\">\n<p lang=\"lv\" dir=\"ltr\">\u0160odien \u013coti traki g\u0101ja p\u0101rsp\u0113l\u0113s tiesne\u0161iem. Fiziski un verb\u0101li uzbrukumi, pat ja tiesne\u0161i cilv\u0113c\u012bgi k\u013c\u016bd\u012bju\u0161ies (\u0161is gan v\u0113l j\u0101pier\u0101da), nav pie\u0146emami. Mieru visiem. \ud83d\ude4f<\/p>\n<p>Video (nav manis film\u0113ti) vispirms no p\u0101rtraukuma un tad p\u0113c sp\u0113les. <a href=\"https:\/\/t.co\/BCh7FBAdPL\" rel=\"nofollow\">pic.twitter.com\/BCh7FBAdPL<\/a><\/p>\n<p>\u2014 LV_futbols (@LV_futbols) <a href=\"https:\/\/twitter.com\/LV_futbols\/status\/1992660042362098045?ref_src=twsrc%5Etfw\" rel=\"nofollow noopener\" target=\"_blank\">November 23, 2025<\/a><\/p><\/blockquote>\n<p><script async src=\"https:\/\/platform.twitter.com\/widgets.js\" charset=\"utf-8\"><\/script><\/p>\n","protected":false},"excerpt":{"rendered":"&#8220;Diem\u017e\u0113l p\u0113c ma\u010da notiku\u0161ais \u2014 asa v\u0101rdu apmai\u0146a, draudi, b\u0113rnu iesaiste konflikt\u0101 un ar\u012b fiziska aizskar\u0161ana (tostarp telefona&hellip;\n","protected":false},"author":2,"featured_media":58083,"comment_status":"","ping_status":"","sticky":false,"template":"","format":"standard","meta":{"footnotes":""},"categories":[17],"tags":[714,713,676,715,1375,35,39,38,36,37,34,40,67],"class_list":{"0":"post-58082","1":"post","2":"type-post","3":"status-publish","4":"format-standard","5":"has-post-thumbnail","7":"category-sports","8":"tag-futbola-jaunumi","9":"tag-futbola-virsliga","10":"tag-futbols","11":"tag-futbols-latvija","12":"tag-futbols-pasaule","13":"tag-latvia","14":"tag-latvian","15":"tag-latviesu","16":"tag-latviesu-valoda","17":"tag-latviesuvaloda","18":"tag-latvija","19":"tag-lv","20":"tag-sports"},"share_on_mastodon":{"url":"https:\/\/pubeurope.com\/@lv\/115609318433190137","error":""},"_links":{"self":[{"href":"https:\/\/www.europesays.com\/lv\/wp-json\/wp\/v2\/posts\/58082","targetHints":{"allow":["GET"]}}],"collection":[{"href":"https:\/\/www.europesays.com\/lv\/wp-json\/wp\/v2\/posts"}],"about":[{"href":"https:\/\/www.europesays.com\/lv\/wp-json\/wp\/v2\/types\/post"}],"author":[{"embeddable":true,"href":"https:\/\/www.europesays.com\/lv\/wp-json\/wp\/v2\/users\/2"}],"replies":[{"embeddable":true,"href":"https:\/\/www.europesays.com\/lv\/wp-json\/wp\/v2\/comments?post=58082"}],"version-history":[{"count":0,"href":"https:\/\/www.europesays.com\/lv\/wp-json\/wp\/v2\/posts\/58082\/revisions"}],"wp:featuredmedia":[{"embeddable":true,"href":"https:\/\/www.europesays.com\/lv\/wp-json\/wp\/v2\/media\/58083"}],"wp:attachment":[{"href":"https:\/\/www.europesays.com\/lv\/wp-json\/wp\/v2\/media?parent=58082"}],"wp:term":[{"taxonomy":"category","embeddable":true,"href":"https:\/\/www.europesays.com\/lv\/wp-json\/wp\/v2\/categories?post=58082"},{"taxonomy":"post_tag","embeddable":true,"href":"https:\/\/www.europesays.com\/lv\/wp-json\/wp\/v2\/tags?post=58082"}],"curies":[{"name":"wp","href":"https:\/\/api.w.org\/{rel}","templated":true}]}}